{"id":92419,"date":"2008-09-11T16:20:30","date_gmt":"2008-09-11T16:20:30","guid":{"rendered":"http:\/\/diariodominicano.ddns.net\/?p=92419"},"modified":"2008-09-11T16:20:30","modified_gmt":"2008-09-11T16:20:30","slug":"franco-de-vita-se-presento-exitosamente-en-toronto","status":"publish","type":"post","link":"https:\/\/diariodominicano.com\/?p=92419","title":{"rendered":"Franco de Vita se present\u00f3 exitosamente en Toronto"},"content":{"rendered":"<p><body><\/p>\n<p class=\"titulogrande1\"><strong>Franco de  Vita se present\u00f3 exitosamente en Toronto<\/strong><\/p>\n<p>&#13;<\/p>\n<p align=\"justify\"><strong>El  int\u00e9rprete deslumbr\u00f3 con su gran talento en su primera visita a esta importante ciudad canadiense<\/strong><br \/>&#13;<br \/>\n  <br \/>&#13;<br \/>\n  <strong>De Vita  emprender\u00e1 pr\u00f3ximamente una gira promocional de su m\u00e1s reciente disco titulado \u201cSimplemente la Verdad\u201d<\/strong><br \/>&#13;<br \/>\n    <br \/>&#13;<br \/>\n  <strong>Este \u00e1lbum  saldr\u00e1 a la venta el pr\u00f3ximo 23 de septiembre bajo el sello discogr\u00e1fico Sony  BMG Latin<\/strong><br \/>&#13;<br \/>\n  <br \/>&#13;<br \/>\n  <span class=\"text1noticias\"><strong><img loading=\"lazy\" decoding=\"async\" src=\"http:\/\/localhost:8080\/gente\/img\/franco de vitas.jpg\" width=\"375\" height=\"329\" hspace=\"4\" align=\"left\" \/>Miami, FL.-<\/strong> <strong>Franco De Vita<\/strong> dio muestras de su enorme calidad a los miles de  fan\u00e1ticos que por primera vez lo vieron actuar en la ciudad de Toronto, Canad\u00e1,  demostrando as\u00ed que durante sus 25 a\u00f1os de carrera musical este artista se ha  posicionado entre los m\u00e1s grandes compositores de todo Iberoam\u00e9rica.<br \/>&#13;<br \/>\n  <br \/>&#13;<br \/>\n  Con sus acostumbrados pantalones de cuero y camisa  multicolor, el int\u00e9rprete inici\u00f3 esta tan especial velada, la cual se llev\u00f3 a  cabo en el Hershey Centre de Mississauga el Tour Mil, donde no se quedaron  fuera sus populares temas que durante m\u00e1s de dos d\u00e9cadas han llegado al coraz\u00f3n  de millones de hispanos.<br \/>&#13;<br \/>\n  <br \/>&#13;<br \/>\n  Las interpretaciones de \u201cT\u00fa De Que Vas\u201d, \u201cSer\u00e1\u201d, \u201cTe Amo\u201d,  \u201cTe Veo Venir Soledad\u201d, \u201cNo Basta, \u201cAy Dios\u201d, \u201cS\u00f3lo Importas T\u00fa\u201d, fueron  motivos de grandes ovaciones, poniendo en evidencia que sus fan\u00e1ticos est\u00e1n  desperdigados por todo el mundo.<br \/>&#13;<br \/>\n  <br \/>&#13;<br \/>\n  De Vita comenzar\u00e1 pr\u00f3ximamente la gira promocional de su m\u00e1s  reciente disco, \u201cSimplemente la Verdad\u201d, producci\u00f3n que saldr\u00e1 a la venta el  pr\u00f3ximo martes 23 de septiembre. Mientras, desde el pasado 29 de julio se  escucha en las principales estaciones radiales el primer sencillo de este \u00e1lbum  titulado \u201cMi sue\u00f1o\u201d.<br \/>&#13;<br \/>\n  <br \/>&#13;<br \/>\n\u201cSimplemente la Verdad\u201d, es otro gran lanzamiento de Sony  BMG Latin.<\/span><\/p>\n<p>&#13;<\/p>\n<h6> 2008-09-11 16:20:30 <\/h6>\n<p><!--\n<link rel=\"stylesheet\" href=\"css\/bootstrap.min.css\">\n\n\n<ul class=\"pagination\">\n\t    \n\t\n\n<li >\n\t<a href='?page_no=21040'>Previous<\/a>\n\t<\/li>\n\n\n       \n    \n\n<li><a href='?page_no=1'>1<\/a><\/li>\n\n\n\n<li><a href='?page_no=2'>2<\/a><\/li>\n\n\n\n<li><a>...<\/a><\/li>\n\n\n\n<li><a href='?page_no=21039'>21039<\/a><\/li>\n\n\n\n<li><a href='?page_no=21040'>21040<\/a><\/li>\n\n\n\n<li class='active'><a>21041<\/a><\/li>\n\n\n\n<li><a href='?page_no=21042'>21042<\/a><\/li>\n\n\n\n<li><a href='?page_no=21043'>21043<\/a><\/li>\n\n\n\n<li><a>...<\/a><\/li>\n\n\n\n<li><a href='?page_no=22522'>22522<\/a><\/li>\n\n\n\n<li><a href='?page_no=22523'>22523<\/a><\/li>\n\n    \n\t\n\n<li >\n\t<a href='?page_no=21042'>Next<\/a>\n\t<\/li>\n\n\n    \n\n<li><a href='?page_no=22523'>Last &rsaquo;&rsaquo;<\/a><\/li>\n\n<\/ul>\n\n\n--><br \/>\n<\/body><\/p>\n","protected":false},"excerpt":{"rendered":"<p>Franco de Vita se present\u00f3 exitosamente en Toronto &#13; El int\u00e9rprete deslumbr\u00f3 con su gran talento en su primera visita a esta importante ciudad canadiense&#13; &#13; De Vita emprender\u00e1 pr\u00f3ximamente una gira promocional de su m\u00e1s reciente disco titulado \u201cSimplemente la Verdad\u201d&#13; &#13; Este \u00e1lbum saldr\u00e1 a la venta el pr\u00f3ximo 23 de septiembre bajo [&hellip;]<\/p>\n","protected":false},"author":3,"featured_media":0,"comment_status":"open","ping_status":"open","sticky":false,"template":"","format":"standard","meta":{"footnotes":""},"categories":[25],"tags":[],"class_list":["post-92419","post","type-post","status-publish","format-standard","hentry","category-gente"],"_links":{"self":[{"href":"https:\/\/diariodominicano.com\/index.php?rest_route=\/wp\/v2\/posts\/92419","targetHints":{"allow":["GET"]}}],"collection":[{"href":"https:\/\/diariodominicano.com\/index.php?rest_route=\/wp\/v2\/posts"}],"about":[{"href":"https:\/\/diariodominicano.com\/index.php?rest_route=\/wp\/v2\/types\/post"}],"author":[{"embeddable":true,"href":"https:\/\/diariodominicano.com\/index.php?rest_route=\/wp\/v2\/users\/3"}],"replies":[{"embeddable":true,"href":"https:\/\/diariodominicano.com\/index.php?rest_route=%2Fwp%2Fv2%2Fcomments&post=92419"}],"version-history":[{"count":0,"href":"https:\/\/diariodominicano.com\/index.php?rest_route=\/wp\/v2\/posts\/92419\/revisions"}],"wp:attachment":[{"href":"https:\/\/diariodominicano.com\/index.php?rest_route=%2Fwp%2Fv2%2Fmedia&parent=92419"}],"wp:term":[{"taxonomy":"category","embeddable":true,"href":"https:\/\/diariodominicano.com\/index.php?rest_route=%2Fwp%2Fv2%2Fcategories&post=92419"},{"taxonomy":"post_tag","embeddable":true,"href":"https:\/\/diariodominicano.com\/index.php?rest_route=%2Fwp%2Fv2%2Ftags&post=92419"}],"curies":[{"name":"wp","href":"https:\/\/api.w.org\/{rel}","templated":true}]}}