{"id":92417,"date":"2008-09-11T16:32:14","date_gmt":"2008-09-11T16:32:14","guid":{"rendered":"http:\/\/diariodominicano.ddns.net\/?p=92417"},"modified":"2008-09-11T16:32:14","modified_gmt":"2008-09-11T16:32:14","slug":"novela-y-mas-busca-rostro-para-su-programa","status":"publish","type":"post","link":"https:\/\/diariodominicano.com\/?p=92417","title":{"rendered":"Novela y M\u00e1s busca rostro para su programa"},"content":{"rendered":"<p><body><\/p>\n<p align=\"justify\"><span class=\"titulogrande1\"><strong>Novela y M\u00e1s<\/strong> busca rostro para su programa <\/span><br \/>&#13;<br \/>\n  \u00a0\u00a0\u00a0\u00a0\u00a0\u00a0\u00a0\u00a0\u00a0\u00a0\u00a0\u00a0\u00a0\u00a0 <br \/>&#13;<br \/>\n  <span class=\"text1noticias\"><strong>Santo  Domingo.-<\/strong> Novela y m\u00e1s,  programa que se transmite los s\u00e1bados a las 2 de la tarde por Tele Antillas, realiz\u00f3  el pasado mi\u00e9rcoles 03 de septiembre, la primera convocatoria a un casting para  elegir el rostro de su programa.<\/span><\/p>\n<p>&#13;<\/p>\n<p align=\"justify\" class=\"text1noticias\">El  evento se efectu\u00f3 en el sal\u00f3n Octagonal del \u00e1rea de biblioteca de la  universidad Cat\u00f3lica de Santo Domingo, con aproximadamente 80 talentosa j\u00f3venes  que demostraron sus cualidades. La segunda convocatoria se realiz\u00f3 el lunes 08  de septiembre con una selecci\u00f3n de 24 j\u00f3venes, que entraron al proceso de la  primera prueba de talento, donde hicieron demostraci\u00f3n de sus cualidades y  habilidades en los diferentes g\u00e9neros del arte, clasificando doce de ellas.<\/p>\n<p>&#13;<\/p>\n<p align=\"justify\" class=\"text1noticias\">La  tercera\u00a0 audici\u00f3n se realizar\u00e1 este  mi\u00e9rcoles 10 de septiembre y en ella se continuar\u00e1 con las pruebas de talento,  en los diferentes g\u00e9neros del arte como drama, canto, presentaci\u00f3n de  programas, narrativa y reportajes, \u00a0contando con un jurado conformado por la  comunicadora Yadhira V. Pimentel Richardson; la actriz\u00a0 Ninoska Mart\u00ednez y el catedr\u00e1tico de la Facultad de Comunicaci\u00f3n  de la Universidad   Cat\u00f3lica Santo Domingo, Alex Simmons. <\/p>\n<p>&#13;<\/p>\n<p align=\"justify\" class=\"text1noticias\">De  este grupo, se preseleccionar\u00e1n seis j\u00f3venes que se presentar\u00e1n como finalistas  el pr\u00f3ximo mi\u00e9rcoles 17 de septiembre, en el mismo lugar de la primera  convocatoria, para seleccionar a la que ser\u00e1 el rostro que acompa\u00f1ar\u00e1 a la  conductora Zeny Leyva, en el programa \u201cNovela y M\u00e1s\u201d que se transmite por  Teleantillas \u00a1TV como eres t\u00fa!<\/p>\n<p>&#13;<\/p>\n<h6> 2008-09-11 16:32:14 <\/h6>\n<p><!--\n<link rel=\"stylesheet\" href=\"css\/bootstrap.min.css\">\n\n\n<ul class=\"pagination\">\n\t    \n\t\n\n<li >\n\t<a href='?page_no=21038'>Previous<\/a>\n\t<\/li>\n\n\n       \n    \n\n<li><a href='?page_no=1'>1<\/a><\/li>\n\n\n\n<li><a href='?page_no=2'>2<\/a><\/li>\n\n\n\n<li><a>...<\/a><\/li>\n\n\n\n<li><a href='?page_no=21037'>21037<\/a><\/li>\n\n\n\n<li><a href='?page_no=21038'>21038<\/a><\/li>\n\n\n\n<li class='active'><a>21039<\/a><\/li>\n\n\n\n<li><a href='?page_no=21040'>21040<\/a><\/li>\n\n\n\n<li><a href='?page_no=21041'>21041<\/a><\/li>\n\n\n\n<li><a>...<\/a><\/li>\n\n\n\n<li><a href='?page_no=22522'>22522<\/a><\/li>\n\n\n\n<li><a href='?page_no=22523'>22523<\/a><\/li>\n\n    \n\t\n\n<li >\n\t<a href='?page_no=21040'>Next<\/a>\n\t<\/li>\n\n\n    \n\n<li><a href='?page_no=22523'>Last &rsaquo;&rsaquo;<\/a><\/li>\n\n<\/ul>\n\n\n--><br \/>\n<\/body><\/p>\n","protected":false},"excerpt":{"rendered":"<p>Novela y M\u00e1s busca rostro para su programa &#13; \u00a0\u00a0\u00a0\u00a0\u00a0\u00a0\u00a0\u00a0\u00a0\u00a0\u00a0\u00a0\u00a0\u00a0 &#13; Santo Domingo.- Novela y m\u00e1s, programa que se transmite los s\u00e1bados a las 2 de la tarde por Tele Antillas, realiz\u00f3 el pasado mi\u00e9rcoles 03 de septiembre, la primera convocatoria a un casting para elegir el rostro de su programa. &#13; El evento se [&hellip;]<\/p>\n","protected":false},"author":3,"featured_media":0,"comment_status":"open","ping_status":"open","sticky":false,"template":"","format":"standard","meta":{"footnotes":""},"categories":[25],"tags":[],"class_list":["post-92417","post","type-post","status-publish","format-standard","hentry","category-gente"],"_links":{"self":[{"href":"https:\/\/diariodominicano.com\/index.php?rest_route=\/wp\/v2\/posts\/92417","targetHints":{"allow":["GET"]}}],"collection":[{"href":"https:\/\/diariodominicano.com\/index.php?rest_route=\/wp\/v2\/posts"}],"about":[{"href":"https:\/\/diariodominicano.com\/index.php?rest_route=\/wp\/v2\/types\/post"}],"author":[{"embeddable":true,"href":"https:\/\/diariodominicano.com\/index.php?rest_route=\/wp\/v2\/users\/3"}],"replies":[{"embeddable":true,"href":"https:\/\/diariodominicano.com\/index.php?rest_route=%2Fwp%2Fv2%2Fcomments&post=92417"}],"version-history":[{"count":0,"href":"https:\/\/diariodominicano.com\/index.php?rest_route=\/wp\/v2\/posts\/92417\/revisions"}],"wp:attachment":[{"href":"https:\/\/diariodominicano.com\/index.php?rest_route=%2Fwp%2Fv2%2Fmedia&parent=92417"}],"wp:term":[{"taxonomy":"category","embeddable":true,"href":"https:\/\/diariodominicano.com\/index.php?rest_route=%2Fwp%2Fv2%2Fcategories&post=92417"},{"taxonomy":"post_tag","embeddable":true,"href":"https:\/\/diariodominicano.com\/index.php?rest_route=%2Fwp%2Fv2%2Ftags&post=92417"}],"curies":[{"name":"wp","href":"https:\/\/api.w.org\/{rel}","templated":true}]}}