{"id":92416,"date":"2008-09-11T17:35:11","date_gmt":"2008-09-11T17:35:11","guid":{"rendered":"http:\/\/diariodominicano.ddns.net\/?p=92416"},"modified":"2008-09-11T17:35:11","modified_gmt":"2008-09-11T17:35:11","slug":"transmitiran-en-vivo-concierto-cinco-estrellas-y-un-canto","status":"publish","type":"post","link":"https:\/\/diariodominicano.com\/?p=92416","title":{"rendered":"Transmitir\u00e1n en vivo concierto Cinco Estrellas y un Canto"},"content":{"rendered":"<p><body><\/p>\n<p class=\"titulogrande1\">Transmitir\u00e1n en vivo  concierto Cinco Estrellas y un Canto <\/p>\n<p>&#13;<\/p>\n<p class=\"textogrande\">MIRIAM ZITO VALDEZ<\/p>\n<p>&#13;<\/p>\n<p align=\"justify\" class=\"text1noticias\">El concierto Cinco Estrellas  y un Canto para toda Am\u00e9rica Latina, que se celebrar\u00e1 el pr\u00f3ximo s\u00e1bado 13, en  el Centro Hostos para las Artes y la   Cultura, en Nueva York, ser\u00e1 transmitido en vivo por Telesur. <br \/>&#13;<br \/>\n  <br \/>&#13;<br \/>\n  En el concierto, que  comenzar\u00e1 a las 7:30 de la noche, actuar\u00e1n reconocidos artistas como el boricua  Danny Rivera, el dominicano V\u00edctor V\u00edctor y Las Estrellas Doradas del Jazz de  Puerto Rico. <\/p>\n<p>&#13;<\/p>\n<p align=\"justify\" class=\"text1noticias\">El Comit\u00e9 Internacional por la Libertad de Los Cinco  informa que la gala forma parte de las acciones que se desarrollar\u00e1n del 12 de  septiembre hasta el ocho de octubre, en ocasi\u00f3n del X aniversario del arresto  de los cinco luchadores antiterroristas. <\/p>\n<p>&#13;<\/p>\n<p align=\"justify\" class=\"text1noticias\">Una marcha nacional se  llevar\u00e1 a cabo en Washington D.C., entre otras que se efectuar\u00e1n en varias  ciudades norteamericanas para exigir la liberaci\u00f3n de Fernando Gonz\u00e1lez, Ren\u00e9  Gonz\u00e1lez, Antonio Guerrero, Ram\u00f3n Laba\u00f1ino y Gerardo Hern\u00e1ndez. <\/p>\n<p>&#13;<\/p>\n<p align=\"justify\" class=\"text1noticias\">Conocidos internacionalmente  como Los Cinco, su causa est\u00e1 respaldada hoy por la acci\u00f3n de cientos de  comit\u00e9s de solidaridad en todo el orbe, publica el sitio digital  www.antiterroristas.cu.<br \/>&#13;<br \/>\n  <br \/>&#13;<br \/>\n  El terror que marca al 11 de  septiembre <br \/>&#13;<br \/>\n  <br \/>&#13;<br \/>\n  Tres sucesos en la historia  han dejado su huella el 11 de septiembre, asociados todos al terrorismo.<\/p>\n<p>&#13;<\/p>\n<p align=\"justify\" class=\"text1noticias\">En Chile un golpe de Estado puso fin al  Gobierno constitucional de Salvador Allende; en Nueva York un asesinato sumaba  otra v\u00edctima al terrorismo fraguado por grupos criminales asentados en Estados  Unidos contra Cuba; tambi\u00e9n, en Nueva York, el derribo de las Torres Gemelas  dio el pretexto al presidente George W. Bush para iniciar su \u00abguerra  infinita contra el terror\u00bb&#8230; <\/p>\n<p>&#13;<\/p>\n<p align=\"justify\" class=\"text1noticias\">11S: GOLPE CONTRA ALLENDE<\/p>\n<p>&#13;<\/p>\n<p align=\"justify\" class=\"text1noticias\">\u00ab(&#8230; ) Mi recuerdo ser\u00e1  el de un hombre digno que fue leal a la lealtad de los trabajadores, colocado  en un tr\u00e1nsito hist\u00f3rico pagar\u00e9 con mi vida la lealtad del pueblo (&#8230; ) Sigan  ustedes, sabiendo que mucho m\u00e1s temprano que tarde, de nuevo abrir\u00e1n las  grandes alamedas&#8230; \u00ab<\/p>\n<p>&#13;<\/p>\n<p align=\"justify\" class=\"text1noticias\">La historia chilena viv\u00eda uno  de sus episodios m\u00e1s tr\u00e1gicos. Desde el Palacio Presidencial se hab\u00eda escuchado  el mensaje de Salvador Allende. En ese momento ya las torres de Radio Portales  y Radio Corporaci\u00f3n ard\u00edan. El ultim\u00e1tum de bombardeo a La Moneda tambi\u00e9n era  conocido. <br \/>&#13;<br \/>\n  <br \/>&#13;<br \/>\n  El entonces general en jefe  de las Fuerzas Armadas, Augusto Pinochet, con la complicidad de Estados Unidos,  lideraba el plan golpista, aplicando la f\u00f3rmula del terrorismo de Estado contra  un gobierno constitucional elegido democr\u00e1ticamente por el pueblo. Los sucesos  del 29 de junio de 1973, conocidos como el Tanquetazo, devinieron un ensayo.  Dejaron la estela de otro inminente ataque contra el Gobierno de la Unidad Popular, el  cual acontecer\u00eda casi tres meses despu\u00e9s. <br \/>&#13;<br \/>\n  <br \/>&#13;<br \/>\n  Fue aquella ma\u00f1ana del 11 de  septiembre. El Presidente se hab\u00eda presentado en La Moneda para defender la  revoluci\u00f3n que erig\u00eda desde 1970. En una de sus manos sosten\u00eda el arma con la  inscripci\u00f3n \u00abA Salvador Allende, mi hermano de lucha\u00bb, obsequiada por  Fidel durante una visita a Chile. Poco despu\u00e9s de su mensaje se escuch\u00f3 el  estruendo&#8230;<br \/>&#13;<br \/>\n  \u00a0<br \/>&#13;<br \/>\n  La imagen de La Moneda invadida por el  fuego viaj\u00f3 el mundo. <br \/>&#13;<br \/>\n  <br \/>&#13;<br \/>\n  Aunque se iniciaba para el  pa\u00eds un largo periodo de terror, las ideas de Allende continuaron guiando al  pueblo hasta la ca\u00edda de Pinochet. Comenzaban a abrirse las grandes alamedas. <\/p>\n<p>&#13;<\/p>\n<p align=\"justify\" class=\"text1noticias\">11S: ASESINATO DE F\u00c9LIX  GARC\u00cdA<\/p>\n<p>&#13;<\/p>\n<p align=\"justify\" class=\"text1noticias\">El crimen ocup\u00f3 titulares.  Era el 11 de septiembre de 1980. El secretario de Estado era Edmund S. Muskie y  el presidente, James Carter. El asesinato del diplom\u00e1tico cubano F\u00e9lix Garc\u00eda  Rodr\u00edguez hab\u00eda creado una inmensa conmoci\u00f3n entre todo el personal de las  Naciones Unidas.<br \/>&#13;<br \/>\n  <br \/>&#13;<br \/>\n  En una llamada a la agencia  de prensa AP, un interlocutor an\u00f3nimo reivindic\u00f3 el crimen a nombre de Omega 7,  y calific\u00f3 a la v\u00edctima de \u00abcomunista\u00bb.<\/p>\n<p>&#13;<\/p>\n<p align=\"justify\" class=\"text1noticias\">Finalmente, el 9 de  septiembre de 1985, a  casi cinco a\u00f1os del crimen que hab\u00eda estremecido a Nueva York, Pedro Rem\u00f3n fue  acusado de aquel asesinato ante un tribunal penal, junto a Andr\u00e9s Garc\u00eda y  Eduardo Losada Fern\u00e1ndez.<\/p>\n<p>&#13;<\/p>\n<p align=\"justify\" class=\"text1noticias\">El 7 de febrero de 1986,  Rem\u00f3n, despu\u00e9s de negarse constantemente a colaborar con las autoridades, sin  nunca admitir que era miembro de Omega 7, reconoci\u00f3 su culpabilidad en la  acusaci\u00f3n de conspiraci\u00f3n ante un juez complaciente. Se salv\u00f3 con una sentencia  de las que el imperio reserva a sus amigos. El 14 de diciembre de 1990 estaba ya  en la calle, listo para seguir con sus planes asesinos.<\/p>\n<p>&#13;<\/p>\n<p align=\"justify\" class=\"text1noticias\">En noviembre del 2000 fue  arrestado en Panam\u00e1 junto a Luis Posada Carriles, mientras preparaba la  destrucci\u00f3n con explosivos del anfiteatro universitario donde iba a hablar  Fidel y que hubiera costado la vida tambi\u00e9n a miles de estudiantes paname\u00f1os.<\/p>\n<p>&#13;<\/p>\n<p align=\"justify\" class=\"text1noticias\">Fue liberado en agosto del  2004, indultado por la ex presidenta paname\u00f1a Mireya Moscoso; regres\u00f3 a Estados  Unidos sin problema alguno, y desde entonces sigue predicando el uso del terror  en reuniones p\u00fablicas de Alpha 66.<br \/>&#13;<br \/>\n  <br \/>&#13;<br \/>\n  11S: EL PRETEXTO<\/p>\n<p>&#13;<\/p>\n<p align=\"justify\" class=\"text1noticias\">Hace exactamente siete a\u00f1os  de aquel 11 de septiembre cuando dos acciones por separado, con cuatro aviones,  irrumpieron contra dos s\u00edmbolos de la sociedad norteamericana: las Torres  Gemelas, en Nueva York, y el Pent\u00e1gono, en Washington. A partir de entonces y  con el pretexto de la lucha contra el terrorismo, mucha sangre y destrucci\u00f3n,  mucho luto y desolaci\u00f3n, ha llevado al mundo el gobierno del presidente George  W. Bush.<br \/>&#13;<br \/>\n  <br \/>&#13;<br \/>\n  Aquel acto de terrorismo fue  la justificaci\u00f3n para hechos mayores. Al inquilino de la Casa Blanca le vino  como anillo al dedo (de ah\u00ed las dudas) que existiera un 11 de septiembre, para  llevar adelante planes de invasi\u00f3n y ocupaci\u00f3n como los de Afganist\u00e1n e Iraq, y  amenazar a muchos otros pa\u00edses que, a criterio de Bush, integran la n\u00f3mina de  naciones patrocinadoras del terrorismo.<\/p>\n<p>&#13;<\/p>\n<p align=\"justify\" class=\"text1noticias\">Hab\u00edan pasado solo 26 d\u00edas  del atentado cuando Afganist\u00e1n fue atacado por la mayor coalici\u00f3n b\u00e9lica de la  historia encabezada por Washington. M\u00e1s de 1 000 millones de d\u00f3lares mensuales  en gastos militares fue el saldo de los primeros seis meses de guerra. Despu\u00e9s  la cifra se ha multiplicado varias veces.<\/p>\n<p>&#13;<\/p>\n<p align=\"justify\" class=\"text1noticias\">Toda esa fuerza \u2014se dec\u00eda\u2014,  para capturar vivo o muerto a Osama bin Laden y al Mulah Omar, este \u00faltimo el  presidente talib\u00e1n que gobernaba Kabul al momento de la invasi\u00f3n yanki.<br \/>&#13;<br \/>\n  La realidad ha sido otra. Bin  Laden ha tirado perfectas trompetillas a Bush, y el Mulah Omar, no se sabe  d\u00f3nde est\u00e1.<\/p>\n<p>&#13;<\/p>\n<p align=\"justify\" class=\"text1noticias\">Luego vino la invasi\u00f3n y  ocupaci\u00f3n de Iraq. M\u00e1s de un mill\u00f3n de muertos, un pa\u00eds destruido, una cultura  arrasada&#8230; y la mayor potencia militar del mundo, EE.UU., empantanada.<\/p>\n<p>&#13;<\/p>\n<h6> 2008-09-11 17:35:11 <\/h6>\n<p><!--\n<link rel=\"stylesheet\" href=\"css\/bootstrap.min.css\">\n\n\n<ul class=\"pagination\">\n\t    \n\t\n\n<li >\n\t<a href='?page_no=21037'>Previous<\/a>\n\t<\/li>\n\n\n       \n    \n\n<li><a href='?page_no=1'>1<\/a><\/li>\n\n\n\n<li><a href='?page_no=2'>2<\/a><\/li>\n\n\n\n<li><a>...<\/a><\/li>\n\n\n\n<li><a href='?page_no=21036'>21036<\/a><\/li>\n\n\n\n<li><a href='?page_no=21037'>21037<\/a><\/li>\n\n\n\n<li class='active'><a>21038<\/a><\/li>\n\n\n\n<li><a href='?page_no=21039'>21039<\/a><\/li>\n\n\n\n<li><a href='?page_no=21040'>21040<\/a><\/li>\n\n\n\n<li><a>...<\/a><\/li>\n\n\n\n<li><a href='?page_no=22522'>22522<\/a><\/li>\n\n\n\n<li><a href='?page_no=22523'>22523<\/a><\/li>\n\n    \n\t\n\n<li >\n\t<a href='?page_no=21039'>Next<\/a>\n\t<\/li>\n\n\n    \n\n<li><a href='?page_no=22523'>Last &rsaquo;&rsaquo;<\/a><\/li>\n\n<\/ul>\n\n\n--><br \/>\n<\/body><\/p>\n","protected":false},"excerpt":{"rendered":"<p>Transmitir\u00e1n en vivo concierto Cinco Estrellas y un Canto &#13; MIRIAM ZITO VALDEZ &#13; El concierto Cinco Estrellas y un Canto para toda Am\u00e9rica Latina, que se celebrar\u00e1 el pr\u00f3ximo s\u00e1bado 13, en el Centro Hostos para las Artes y la Cultura, en Nueva York, ser\u00e1 transmitido en vivo por Telesur. &#13; &#13; En el [&hellip;]<\/p>\n","protected":false},"author":3,"featured_media":0,"comment_status":"open","ping_status":"open","sticky":false,"template":"","format":"standard","meta":{"footnotes":""},"categories":[25],"tags":[],"class_list":["post-92416","post","type-post","status-publish","format-standard","hentry","category-gente"],"_links":{"self":[{"href":"https:\/\/diariodominicano.com\/index.php?rest_route=\/wp\/v2\/posts\/92416","targetHints":{"allow":["GET"]}}],"collection":[{"href":"https:\/\/diariodominicano.com\/index.php?rest_route=\/wp\/v2\/posts"}],"about":[{"href":"https:\/\/diariodominicano.com\/index.php?rest_route=\/wp\/v2\/types\/post"}],"author":[{"embeddable":true,"href":"https:\/\/diariodominicano.com\/index.php?rest_route=\/wp\/v2\/users\/3"}],"replies":[{"embeddable":true,"href":"https:\/\/diariodominicano.com\/index.php?rest_route=%2Fwp%2Fv2%2Fcomments&post=92416"}],"version-history":[{"count":0,"href":"https:\/\/diariodominicano.com\/index.php?rest_route=\/wp\/v2\/posts\/92416\/revisions"}],"wp:attachment":[{"href":"https:\/\/diariodominicano.com\/index.php?rest_route=%2Fwp%2Fv2%2Fmedia&parent=92416"}],"wp:term":[{"taxonomy":"category","embeddable":true,"href":"https:\/\/diariodominicano.com\/index.php?rest_route=%2Fwp%2Fv2%2Fcategories&post=92416"},{"taxonomy":"post_tag","embeddable":true,"href":"https:\/\/diariodominicano.com\/index.php?rest_route=%2Fwp%2Fv2%2Ftags&post=92416"}],"curies":[{"name":"wp","href":"https:\/\/api.w.org\/{rel}","templated":true}]}}