{"id":92413,"date":"2008-09-12T16:20:31","date_gmt":"2008-09-12T16:20:31","guid":{"rendered":"http:\/\/diariodominicano.ddns.net\/?p=92413"},"modified":"2008-09-12T16:20:31","modified_gmt":"2008-09-12T16:20:31","slug":"anuncian-20-anos-elegantenoche-en-gran-teatro-del-cibao","status":"publish","type":"post","link":"https:\/\/diariodominicano.com\/?p=92413","title":{"rendered":"Anuncian 20 a\u00f1os Elegantenoche en Gran Teatro del Cibao"},"content":{"rendered":"<p><body><\/p>\n<p class=\"titulogrande1\">Anuncian 20 a\u00f1os  Elegantenoche en Gran Teatro del Cibao<\/p>\n<p>&#13;<\/p>\n<p align=\"justify\" class=\"text1noticias\"><strong><img loading=\"lazy\" decoding=\"async\" src=\"http:\/\/localhost:8080\/gente\/img\/noche cibao.jpg\" width=\"375\" height=\"1393\" hspace=\"4\" align=\"left\" \/>SANTIAGO.-<\/strong> Los valores  infalibles garantes de elegancia, ser\u00e1n puesto de manifiesto nuevamente en la  vig\u00e9simo versi\u00f3n de Elegante noche, a celebrarse el viernes 26 de septiembre en  la Sala de la Restauraci\u00f3n del Gran  Teatro del Cibao, bajo la impronta \u00abElegantenoche D&#8217;Fiesta\u00bb.<\/p>\n<p>&#13;<\/p>\n<p align=\"justify\" class=\"text1noticias\">El productor general de estos  premios, el periodista Servio A. Cepeda Bar\u00e9, dijo que apost\u00f3 a que la ciudad  de Santiago de los Caballeros, se inscribiera en el mundo de las grandes  capitales de la moda, con la celebraci\u00f3n de los premios al buen vestir y el  reconocimiento a personas e instituciones que trabajan por el bien social.<\/p>\n<p>&#13;<\/p>\n<p align=\"justify\" class=\"text1noticias\"> La moda no es una tonta  frivolidad, es un arte que debe trascender lo ef\u00edmero\u00bb, expres\u00f3 Cepeda  Bar\u00e9.<\/p>\n<p>&#13;<\/p>\n<p align=\"justify\" class=\"text1noticias\">Indic\u00f3, que Elegantenoche  2008, recoger\u00e1 la historia de estos 20 a\u00f1os de \u00e9xitos continuos estos premios,  \u00abque lleg\u00f3 para ser eterno y dar seguimiento a los cambios que ocurren en  la moda y por supuesto, que formen parte de nuestra historia\u00bb.<\/p>\n<p>&#13;<\/p>\n<p align=\"justify\" class=\"text1noticias\">Cepeda, agradeci\u00f3 a los  patrocinadores que cada a\u00f1o hacen posible la celebraci\u00f3n de este evento \u00fanico  en el pa\u00eds y Latinoam\u00e9rica.<br \/>&#13;<br \/>\n  <br \/>&#13;<br \/>\n Con estos veinte a\u00f1os de Elegantenoche,  su productor ha vencido la batalla contra la imagen ef\u00edmera y superficial de la  moda, al concientizar a las personas de la importancia de estar siempre vestidas  acorde con la ocasi\u00f3n.<\/p>\n<p>&#13;<\/p>\n<p align=\"justify\" class=\"text1noticias\">Elegantenoche D&#8217;Fiesta, ser\u00e1  un espect\u00e1culo no solo visual, sino un combinado de color, m\u00fasica y poes\u00eda.<\/p>\n<p>&#13;<\/p>\n<p align=\"justify\" class=\"text1noticias\">Durante estos veinte a\u00f1os la  victoria de Elegantenoche, se ha visto ensalzada por la belleza y la forma de  elegantizar cada una de sus entregas, los protagonistas que desfilan por la  alfombra roja.<\/p>\n<p>&#13;<\/p>\n<p align=\"justify\" class=\"text1noticias\"> La lista de las damas  seleccionadas para el gran evento en su veinte aniversario est\u00e1 integrada por;  Elizabeth Guzm\u00e1n de Ram\u00edrez, Liz Morel Ovalles, Alicia Nicasio, Ginette Ruiz,  Shirlene Ure\u00f1a, Milagros Marte de Hern\u00e1ndez, Soraya Bencosme, Carla Candelario  de Cordero, Rosa Moledo, Bernardita Abott, Paloma Grull\u00f3n Rodr\u00edguez, Alba Luz  de Abr\u00e9u, Melany Rodr\u00edguez Gonz\u00e1lez, Mar\u00eda Luisa Asilis, Laliana Fern\u00e1ndez,  Helen N\u00fa\u00f1ez, Any de Marco, Luisina Victoria Mota, Tania Veras, Magda Cruz de  Pichardo, Celeste Fern\u00e1ndez de Reynoso, Helen de Romero, Maribel G\u00f3mez de  Pampilonia y Yudith Garc\u00eda de Can\u00e1an.<br \/>&#13;<br \/>\n  <br \/>&#13;<br \/>\n    <br \/>&#13;<br \/>\nLa lista de los caballeros la forman; Yordi  Veras, Franklyn Ram\u00edrez, Jos\u00e9 Elpidio Eloy, Luis Manuel B\u00e1ez Grull\u00f3n, V\u00edctor  Hugo N\u00fa\u00f1ez, Francisco V\u00e1squez, Jos\u00e9 Fabi\u00e1n, Joe Asilis Mera, Andy Montesinos, Bol\u00edvar  Tejada, Galo Melgarejo, Belarminio Cortina, Oscar Schwarzbartl, Jorge Luis  Zouain Almonte, Alberto Mota, Jaime Reynaldo Castillo Jorge y Joaqu\u00edn Lora  Hern\u00e1ndez.<\/p>\n<p>&#13;<\/p>\n<p align=\"justify\" class=\"text1noticias\">Ser\u00e1n inducidos al Pabell\u00f3n  de la Fama del  Buen Vestir, el doctor Gregory Llaver\u00edas,Desir\u00e9e Dumit de Portela, Linda Garc\u00eda  y Francisco Miguel Gonz\u00e1lez Sahdal\u00e1.<\/p>\n<p>&#13;<\/p>\n<p align=\"justify\" class=\"text1noticias\">Finalmente Cepeda Bar\u00e9, hizo  referencia al mensaje del fallecido modisto franc\u00e9s Yves Saint-Laurent, de que  \u00absin elegancia de coraz\u00f3n no hay coraz\u00f3n\u00bb.<\/p>\n<p>&#13;<\/p>\n<h6> 2008-09-12 16:20:31 <\/h6>\n<p><!--\n<link rel=\"stylesheet\" href=\"css\/bootstrap.min.css\">\n\n\n<ul class=\"pagination\">\n\t    \n\t\n\n<li >\n\t<a href='?page_no=21034'>Previous<\/a>\n\t<\/li>\n\n\n       \n    \n\n<li><a href='?page_no=1'>1<\/a><\/li>\n\n\n\n<li><a href='?page_no=2'>2<\/a><\/li>\n\n\n\n<li><a>...<\/a><\/li>\n\n\n\n<li><a href='?page_no=21033'>21033<\/a><\/li>\n\n\n\n<li><a href='?page_no=21034'>21034<\/a><\/li>\n\n\n\n<li class='active'><a>21035<\/a><\/li>\n\n\n\n<li><a href='?page_no=21036'>21036<\/a><\/li>\n\n\n\n<li><a href='?page_no=21037'>21037<\/a><\/li>\n\n\n\n<li><a>...<\/a><\/li>\n\n\n\n<li><a href='?page_no=22522'>22522<\/a><\/li>\n\n\n\n<li><a href='?page_no=22523'>22523<\/a><\/li>\n\n    \n\t\n\n<li >\n\t<a href='?page_no=21036'>Next<\/a>\n\t<\/li>\n\n\n    \n\n<li><a href='?page_no=22523'>Last &rsaquo;&rsaquo;<\/a><\/li>\n\n<\/ul>\n\n\n--><br \/>\n<\/body><\/p>\n","protected":false},"excerpt":{"rendered":"<p>Anuncian 20 a\u00f1os Elegantenoche en Gran Teatro del Cibao &#13; SANTIAGO.- Los valores infalibles garantes de elegancia, ser\u00e1n puesto de manifiesto nuevamente en la vig\u00e9simo versi\u00f3n de Elegante noche, a celebrarse el viernes 26 de septiembre en la Sala de la Restauraci\u00f3n del Gran Teatro del Cibao, bajo la impronta \u00abElegantenoche D&#8217;Fiesta\u00bb. &#13; El productor [&hellip;]<\/p>\n","protected":false},"author":3,"featured_media":0,"comment_status":"open","ping_status":"open","sticky":false,"template":"","format":"standard","meta":{"footnotes":""},"categories":[25],"tags":[],"class_list":["post-92413","post","type-post","status-publish","format-standard","hentry","category-gente"],"_links":{"self":[{"href":"https:\/\/diariodominicano.com\/index.php?rest_route=\/wp\/v2\/posts\/92413","targetHints":{"allow":["GET"]}}],"collection":[{"href":"https:\/\/diariodominicano.com\/index.php?rest_route=\/wp\/v2\/posts"}],"about":[{"href":"https:\/\/diariodominicano.com\/index.php?rest_route=\/wp\/v2\/types\/post"}],"author":[{"embeddable":true,"href":"https:\/\/diariodominicano.com\/index.php?rest_route=\/wp\/v2\/users\/3"}],"replies":[{"embeddable":true,"href":"https:\/\/diariodominicano.com\/index.php?rest_route=%2Fwp%2Fv2%2Fcomments&post=92413"}],"version-history":[{"count":0,"href":"https:\/\/diariodominicano.com\/index.php?rest_route=\/wp\/v2\/posts\/92413\/revisions"}],"wp:attachment":[{"href":"https:\/\/diariodominicano.com\/index.php?rest_route=%2Fwp%2Fv2%2Fmedia&parent=92413"}],"wp:term":[{"taxonomy":"category","embeddable":true,"href":"https:\/\/diariodominicano.com\/index.php?rest_route=%2Fwp%2Fv2%2Fcategories&post=92413"},{"taxonomy":"post_tag","embeddable":true,"href":"https:\/\/diariodominicano.com\/index.php?rest_route=%2Fwp%2Fv2%2Ftags&post=92413"}],"curies":[{"name":"wp","href":"https:\/\/api.w.org\/{rel}","templated":true}]}}