{"id":92411,"date":"2008-09-12T18:32:00","date_gmt":"2008-09-12T18:32:00","guid":{"rendered":"http:\/\/diariodominicano.ddns.net\/?p=92411"},"modified":"2008-09-12T18:32:00","modified_gmt":"2008-09-12T18:32:00","slug":"kany-garcia-presenta-estigma-de-amor","status":"publish","type":"post","link":"https:\/\/diariodominicano.com\/?p=92411","title":{"rendered":"Kany Garc\u00eda presenta \u201cEstigma de amor\u201d"},"content":{"rendered":"<p><body><\/p>\n<p align=\"justify\"><span class=\"titulogrande1\">Kany Garc\u00eda presenta \u00abEstigma  de amor\u00bb<\/span><br \/>&#13;<br \/>\n\u00a0<br \/>&#13;<br \/>\n<span class=\"text1noticias\"><strong><img loading=\"lazy\" decoding=\"async\" src=\"http:\/\/localhost:8080\/gente\/img\/kany estigma.jpg\" width=\"375\" height=\"398\" hspace=\"4\" align=\"left\" \/>Miami, FL.-<\/strong> Si hay un a\u00f1o que Kany Garc\u00eda recordar\u00e1 como uno muy especial en su  vida es este, donde su nombre se ha proyectado en todo el continente. <br \/>&#13;<br \/>\n<br \/>&#13;<br \/>\nY luego  del lanzamiento del disco \u201cCualquier d\u00eda\u201d, que la llen\u00f3 de logros, la artista  entrenar\u00e1 un nuevo sencillo.<br \/>&#13;<br \/>\n  \u00a0<br \/>&#13;<br \/>\n\u201cEstigma de amor\u201d es el  nombre de la canci\u00f3n con que la cantautora puertorrique\u00f1a llega a las  estaciones de radio desde el pr\u00f3ximo 16 de septiembre.<br \/>&#13;<br \/>\n  \u00a0<br \/>&#13;<br \/>\n  Durante los \u00faltimos meses, se  present\u00f3 ante una multitud en su natal Puerto Rico, adem\u00e1s de llevarse dos  Premios Billboard a la   M\u00fasica Latina y ganarse el apoyo incondicional de sus  fan\u00e1ticos que hoy se multiplican por miles.<br \/>&#13;<br \/>\n  \u00a0<br \/>&#13;<br \/>\n  Fue nominada en las  categor\u00edas \u201c\u00c1lbum del A\u00f1o\u201d, \u201cMejor Nuevo Artista\u201d, \u201cCanci\u00f3n del A\u00f1o\u201d por la  canci\u00f3n \u201cHoy ya me voy\u201d y \u201cMejor \u00c1lbum Vocal Pop Femenino\u201d para la entrega de  los pr\u00f3ximos Latin GRAMMY\u00ae. \u00a1Cuatro nominaciones en su debut!<br \/>&#13;<br \/>\n  \u00a0<br \/>&#13;<br \/>\n  La artista, una compositora  de interesante perfil, continuar\u00e1 participando en festivales, tanto en Estados  Unidos como en M\u00e9xico, promoviendo sus nuevas canciones y cant\u00e1ndole a su  p\u00fablico con su habitual naturalidad.<br \/>&#13;<br \/>\n  \u00a0<br \/>&#13;<br \/>\nEl disco \u201cCualquier d\u00eda\u201d  pertenece a Sony BMG Latin, disponible en las tiendas.<\/span><\/p>\n<p>&#13;<\/p>\n<h6> 2008-09-12 18:32:00 <\/h6>\n<p><!--\n<link rel=\"stylesheet\" href=\"css\/bootstrap.min.css\">\n\n\n<ul class=\"pagination\">\n\t    \n\t\n\n<li >\n\t<a href='?page_no=21032'>Previous<\/a>\n\t<\/li>\n\n\n       \n    \n\n<li><a href='?page_no=1'>1<\/a><\/li>\n\n\n\n<li><a href='?page_no=2'>2<\/a><\/li>\n\n\n\n<li><a>...<\/a><\/li>\n\n\n\n<li><a href='?page_no=21031'>21031<\/a><\/li>\n\n\n\n<li><a href='?page_no=21032'>21032<\/a><\/li>\n\n\n\n<li class='active'><a>21033<\/a><\/li>\n\n\n\n<li><a href='?page_no=21034'>21034<\/a><\/li>\n\n\n\n<li><a href='?page_no=21035'>21035<\/a><\/li>\n\n\n\n<li><a>...<\/a><\/li>\n\n\n\n<li><a href='?page_no=22522'>22522<\/a><\/li>\n\n\n\n<li><a href='?page_no=22523'>22523<\/a><\/li>\n\n    \n\t\n\n<li >\n\t<a href='?page_no=21034'>Next<\/a>\n\t<\/li>\n\n\n    \n\n<li><a href='?page_no=22523'>Last &rsaquo;&rsaquo;<\/a><\/li>\n\n<\/ul>\n\n\n--><br \/>\n<\/body><\/p>\n","protected":false},"excerpt":{"rendered":"<p>Kany Garc\u00eda presenta \u00abEstigma de amor\u00bb&#13; \u00a0&#13; Miami, FL.- Si hay un a\u00f1o que Kany Garc\u00eda recordar\u00e1 como uno muy especial en su vida es este, donde su nombre se ha proyectado en todo el continente. &#13; &#13; Y luego del lanzamiento del disco \u201cCualquier d\u00eda\u201d, que la llen\u00f3 de logros, la artista entrenar\u00e1 un [&hellip;]<\/p>\n","protected":false},"author":3,"featured_media":0,"comment_status":"open","ping_status":"open","sticky":false,"template":"","format":"standard","meta":{"footnotes":""},"categories":[25],"tags":[],"class_list":["post-92411","post","type-post","status-publish","format-standard","hentry","category-gente"],"_links":{"self":[{"href":"https:\/\/diariodominicano.com\/index.php?rest_route=\/wp\/v2\/posts\/92411","targetHints":{"allow":["GET"]}}],"collection":[{"href":"https:\/\/diariodominicano.com\/index.php?rest_route=\/wp\/v2\/posts"}],"about":[{"href":"https:\/\/diariodominicano.com\/index.php?rest_route=\/wp\/v2\/types\/post"}],"author":[{"embeddable":true,"href":"https:\/\/diariodominicano.com\/index.php?rest_route=\/wp\/v2\/users\/3"}],"replies":[{"embeddable":true,"href":"https:\/\/diariodominicano.com\/index.php?rest_route=%2Fwp%2Fv2%2Fcomments&post=92411"}],"version-history":[{"count":0,"href":"https:\/\/diariodominicano.com\/index.php?rest_route=\/wp\/v2\/posts\/92411\/revisions"}],"wp:attachment":[{"href":"https:\/\/diariodominicano.com\/index.php?rest_route=%2Fwp%2Fv2%2Fmedia&parent=92411"}],"wp:term":[{"taxonomy":"category","embeddable":true,"href":"https:\/\/diariodominicano.com\/index.php?rest_route=%2Fwp%2Fv2%2Fcategories&post=92411"},{"taxonomy":"post_tag","embeddable":true,"href":"https:\/\/diariodominicano.com\/index.php?rest_route=%2Fwp%2Fv2%2Ftags&post=92411"}],"curies":[{"name":"wp","href":"https:\/\/api.w.org\/{rel}","templated":true}]}}