{"id":92408,"date":"2008-09-15T18:59:11","date_gmt":"2008-09-15T18:59:11","guid":{"rendered":"http:\/\/diariodominicano.ddns.net\/?p=92408"},"modified":"2008-09-15T18:59:11","modified_gmt":"2008-09-15T18:59:11","slug":"jazz-en-dominicana-en-casa-de-teatro","status":"publish","type":"post","link":"https:\/\/diariodominicano.com\/?p=92408","title":{"rendered":"Jazz en Dominicana en Casa de Teatro"},"content":{"rendered":"<p><body><\/p>\n<p>Jazz en Dominicana&#13;<br \/>\nParece que fue ayer que ante la insistencia de un grupo de amigos m\u00fasicos, (Guy Fr\u00f3meta, Sandy Gabriel, Rafelito Mirabal y Jerem\u00edas King) que tocaban Jazz para que plasmara los escritos que sobre ellos hac\u00eda, en la web, espec\u00edficamente en un Blog, naci\u00f3 la idea de no solo crear un Blog, sino que \u00e9ste fuese dedicado exclusivamente al Jazz en nuestro pa\u00eds. El 24 de octubre del 2006 nace Jazz en Dominicana (http:\/\/jazzendominicana.blogspot.com), el cual desde sus inicios ha estado enfocado a dar a conocer el Jazz en nuestro pa\u00eds. Escritos y entrevistas sobre nuestros m\u00fasicos, muchos de estos talentosos j\u00f3venes a\u00fan no conocidos por muchos, sobre conciertos y festivales que se celebran aqu\u00ed, en especial las rese\u00f1as de los mismos. Y hoy ya tiene m\u00e1s de 260 entradas.&#13;<br \/>\n&#13;<br \/>\n&#13;<br \/>\n&#13;<br \/>\nJazz en Dominicana en Casa de Teatro&#13;<br \/>\nNace el 12 de septiembre del 2007, este proyecto es un espacio donde semanalmente nos reunimos amantes del Jazz; amigos, m\u00fasicos, compositores y p\u00fablico en general a compartir una programaci\u00f3n especialmente dise\u00f1ada pensando en todos, no importando la edad, ni los conocimientos. &#13;<br \/>\n&#13;<br \/>\nLa programaci\u00f3n que mi\u00e9rcoles tras mi\u00e9rcoles desarrollamos es:&#13;<br \/>\n&#8211;\t1er mi\u00e9rcoles: Pe\u00f1a\/Tertulia\/Homenaje a afamado Jazzista &#13;<br \/>\no\tPresentaci\u00f3n biogr\u00e1fica del afamado Jazzista, seguido de concierto de \u00e9ste en pantalla gigante, seguido de m\u00fasica del homenajeado tocada por un m\u00fasico del jazz de invitado.&#13;<br \/>\n&#8211;\t2do y 3er mi\u00e9rcoles: Concierto de Jazz en vivo&#13;<br \/>\no\tPresentaci\u00f3n de concierto en vivo por una de las agrupaciones locales.&#13;<br \/>\no\tEstos tendr\u00e1n la oportunidad de tocar ante un p\u00fablico amante del g\u00e9nero y darse a conocer. &#13;<br \/>\no\tAl mismo tiempo que los asistentes podr\u00e1n ir conociendo a los nuevos valores del Jazz en nuestro pa\u00eds.&#13;<br \/>\n&#8211;\t4to mi\u00e9rcoles: Sesi\u00f3n de Jammeo (Jam Session)&#13;<br \/>\no\tEs lo que ocurre cuando buenos m\u00fasicos se juntan para tocar entre s\u00ed. Bajo la conducci\u00f3n de un tr\u00edo base se invitar\u00e1 a cuantos m\u00fasicos quieran de llevar sus instrumentos y tocar. &#13;<br \/>\n&#13;<br \/>\nAl hoy cumplir su primer aniversario, nos place el haber podido llenar la casa de p\u00fablico cada semana; de haber tenido a m\u00e1s de 30 m\u00fasicos dominicanos en el escenario cada mes; de que hayan debutado agrupaciones y vocalistas nuevos; que el espacio est\u00e9 en boca no solo de los m\u00fasicos, si no del p\u00fablico amante de la cultura en general, en especial la m\u00fasica. Seguimos hac\u00eda un segundo a\u00f1o llenos de ilusi\u00f3n, de esperanza y de amor hacia el jazz\u2026nuestro jazz&#8230;el jazz del patio. Y, cada mi\u00e9rcoles sorprendemos, pues ninguno es igual al otro.&#13;<br \/>\n&#13;<br \/>\n&#13;<br \/>\nEn el \u00faltimo a\u00f1o hemos ofrecido conciertos en pantalla grande, as\u00ed como homenajes a: &#13;<br \/>\nPat Metheny, Frank Sinatra, Chris Botti, Tony Bennett, Weather Report, Tower of Power, Punta Cana-B\u00e1varo Jazz Festival 2007, Arturo Sandoval, Miles Davis, Bir\u00e9li Lagr\u00e8ne, y Louis Armstrong, entre otros. &#13;<br \/>\n&#13;<br \/>\nConciertos en Vivo de las siguientes agrupaciones dominicanas: &#13;<br \/>\nSandy Gabriel y su Puerto Plata Jazz Ensamble, Guy Frometa Quartet, Jordi Masalles Tr\u00edo, Ambiorix Francisco Project, Wateke, Nelson Dietsch Quartet, Otoniel Latin Jazz Project, Sly &amp; the Latin Bars, Josean Jacobo y Tumbao, Carlito Estrada; y todos los \u00faltimos mi\u00e9rcoles de mes los Jazz del Patio Jam Sessions.&#13;<br \/>\n&#13;<br \/>\nEl debut de las siguientes agrupaciones:&#13;<br \/>\nAu Vivo, Aloe Smooth Jazz Project, Quimera Gen\u00e9tica Fusion Tr\u00edo, las vocalistas Shara Vi\u00f1as y Maggie Rodr\u00edguez; la semana pasada N3s. Y esta noche el \u201cRemy Sax Quintet\u201d.&#13;<br \/>\n&#13;<br \/>\nY, noches de conciertos especiales: &#13;<br \/>\n&#8211; Jazz &amp; Amor: Concierto con Ania Paz en el piano y las voces de Shara Vi\u00f1as y Maggie \tRodr\u00edguez&#13;<br \/>\n&#8211; IndependenJazz: Concierto con Jordi Masalles Tr\u00edo&#13;<br \/>\n&#8211; Cuando el Bolero es Jazz\u201d \u2013 Susana Silfa e Invitados&#13;<br \/>\n&#8211; Desde Francia \u2013 Paul Lay&#13;<br \/>\n&#8211; Vocal Jam 1 en marzo y Vocal Jam 2 en Junio&#13;<br \/>\n&#13;<br \/>\nEstamos muy agradecidos por el apoyo de los m\u00fasicos y de nuestro p\u00fablico. Pero en especial de la familia de \u201cCasa de Teatro\u201d, el duende mayor Freddy Ginebra, su hijo Jos\u00e9 Aristides Ginebra, Cecilia de L\u00f3pez, A\u00edda Objio, y todo el personal de la Casa.&#13;<br \/>\n&#13;<br \/>\n&#13;<br \/>\n&#13;<br \/>\n\t&#13;<br \/>\nSu anfitri\u00f3n es:&#13;<br \/>\n&#13;<br \/>\nFernando Rodr\u00edguez de Mondesert &#13;<br \/>\n&#13;<br \/>\n\t&#13;<br \/>\n&#13;<br \/>\n&#13;<br \/>\n&#13;<br \/>\n&#13;<br \/>\n&#13;<br \/>\n&#13;<br \/>\n&#13;<br \/>\n&#13;<br \/>\n&#13;<br \/>\n&#13;<br \/>\n&#13;<br \/>\n&#13;<br \/>\n&#13;<br \/>\n&#13;<br \/>\n&#13;<br \/>\n&#13;<br \/>\n&#13;<br \/>\n&#13;<br \/>\n&#13;<br \/>\n&#13;<br \/>\n&#13;<br \/>\n&#13;<br \/>\n&#13;<br \/>\n&#13;<br \/>\nProgramaci\u00f3n Septiembre &#8211; Noviembre del 2008&#13;<br \/>\n&#13;<br \/>\nSeptiembre:&#13;<br \/>\n03:\tConcierto: Debut del grupo \u201cN3\u201d (pospuesto por lluvias)&#13;<br \/>\n10:\tConcierto: Debut del grupo \u201cN3\u201d&#13;<br \/>\n17:\tEncuentro con la Prensa con motivo del 1er aniversario de Jazz en Dominicana en Casa de Teatro (7:00PM)&#13;<br \/>\n17:\tCelebremos el 1er Aniversario con nuestro Jazz del Patio Jam Session&#13;<br \/>\n24:\tConcierto en Vivo: Wateke celebra su 4to aniversario&#13;<br \/>\n&#13;<br \/>\nOctubre:&#13;<br \/>\n01:\tConcierto en Vivo: Debut del grupo SonJazz&#13;<br \/>\n08:\tConcierto en Vivo: Sly &amp; the Latin Bars&#13;<br \/>\n15:\tTributo a Chet Baker. Artista invitado: el trompetista V\u00edctor Mitrov&#13;<br \/>\n22:\tConcierto en Vivo con motivo del 2do Aniversario de Jazz en Dominicana. Grupo Sorpresa&#13;<br \/>\n29:\tJazz del Patio Jam Session&#13;<br \/>\n&#13;<br \/>\nNoviembre:&#13;<br \/>\n05:\tConcierto en Vivo: Au Vivo&#13;<br \/>\n12:\tTributo a Stan Getz. Artistas invitados: Los Saxofonistas Rubiel Cabrera y Guri Abreu&#13;<br \/>\n19:\tConcierto en Vivo: Ania Paz Jazz Ensamble&#13;<br \/>\n26:\tJazz del Patio Jam Session&#13;<\/p>\n<h6> 2008-09-15 18:59:11 <\/h6>\n<p><!--\n<link rel=\"stylesheet\" href=\"css\/bootstrap.min.css\">\n\n\n<ul class=\"pagination\">\n\t    \n\t\n\n<li >\n\t<a href='?page_no=21029'>Previous<\/a>\n\t<\/li>\n\n\n       \n    \n\n<li><a href='?page_no=1'>1<\/a><\/li>\n\n\n\n<li><a href='?page_no=2'>2<\/a><\/li>\n\n\n\n<li><a>...<\/a><\/li>\n\n\n\n<li><a href='?page_no=21028'>21028<\/a><\/li>\n\n\n\n<li><a href='?page_no=21029'>21029<\/a><\/li>\n\n\n\n<li class='active'><a>21030<\/a><\/li>\n\n\n\n<li><a href='?page_no=21031'>21031<\/a><\/li>\n\n\n\n<li><a href='?page_no=21032'>21032<\/a><\/li>\n\n\n\n<li><a>...<\/a><\/li>\n\n\n\n<li><a href='?page_no=22522'>22522<\/a><\/li>\n\n\n\n<li><a href='?page_no=22523'>22523<\/a><\/li>\n\n    \n\t\n\n<li >\n\t<a href='?page_no=21031'>Next<\/a>\n\t<\/li>\n\n\n    \n\n<li><a href='?page_no=22523'>Last &rsaquo;&rsaquo;<\/a><\/li>\n\n<\/ul>\n\n\n--><br \/>\n<\/body><\/p>\n","protected":false},"excerpt":{"rendered":"<p>Jazz en Dominicana&#13; Parece que fue ayer que ante la insistencia de un grupo de amigos m\u00fasicos, (Guy Fr\u00f3meta, Sandy Gabriel, Rafelito Mirabal y Jerem\u00edas King) que tocaban Jazz para que plasmara los escritos que sobre ellos hac\u00eda, en la web, espec\u00edficamente en un Blog, naci\u00f3 la idea de no solo crear un Blog, sino [&hellip;]<\/p>\n","protected":false},"author":3,"featured_media":0,"comment_status":"open","ping_status":"open","sticky":false,"template":"","format":"standard","meta":{"footnotes":""},"categories":[25],"tags":[],"class_list":["post-92408","post","type-post","status-publish","format-standard","hentry","category-gente"],"_links":{"self":[{"href":"https:\/\/diariodominicano.com\/index.php?rest_route=\/wp\/v2\/posts\/92408","targetHints":{"allow":["GET"]}}],"collection":[{"href":"https:\/\/diariodominicano.com\/index.php?rest_route=\/wp\/v2\/posts"}],"about":[{"href":"https:\/\/diariodominicano.com\/index.php?rest_route=\/wp\/v2\/types\/post"}],"author":[{"embeddable":true,"href":"https:\/\/diariodominicano.com\/index.php?rest_route=\/wp\/v2\/users\/3"}],"replies":[{"embeddable":true,"href":"https:\/\/diariodominicano.com\/index.php?rest_route=%2Fwp%2Fv2%2Fcomments&post=92408"}],"version-history":[{"count":0,"href":"https:\/\/diariodominicano.com\/index.php?rest_route=\/wp\/v2\/posts\/92408\/revisions"}],"wp:attachment":[{"href":"https:\/\/diariodominicano.com\/index.php?rest_route=%2Fwp%2Fv2%2Fmedia&parent=92408"}],"wp:term":[{"taxonomy":"category","embeddable":true,"href":"https:\/\/diariodominicano.com\/index.php?rest_route=%2Fwp%2Fv2%2Fcategories&post=92408"},{"taxonomy":"post_tag","embeddable":true,"href":"https:\/\/diariodominicano.com\/index.php?rest_route=%2Fwp%2Fv2%2Ftags&post=92408"}],"curies":[{"name":"wp","href":"https:\/\/api.w.org\/{rel}","templated":true}]}}