{"id":92407,"date":"2008-09-15T21:54:34","date_gmt":"2008-09-15T21:54:34","guid":{"rendered":"http:\/\/diariodominicano.ddns.net\/?p=92407"},"modified":"2008-09-15T21:54:34","modified_gmt":"2008-09-15T21:54:34","slug":"rocher-lleva-bachata-a-europa","status":"publish","type":"post","link":"https:\/\/diariodominicano.com\/?p=92407","title":{"rendered":"Rocher lleva bachata a Europa"},"content":{"rendered":"<p><body><\/p>\n<p class=\"titulogrande1\"><strong>Rocher Lleva bachata a Europa<\/strong><\/p>\n<p>&#13;<\/p>\n<p><strong>Es parte del staff \u00a0del \u201cFestival Latino de Italia\u201d<\/strong><\/p>\n<p>&#13;<\/p>\n<p><strong>Por <span class=\"textogrande\">Ram\u00f3n Benito  Su\u00e1rez<\/span><\/strong><\/p>\n<p>&#13;<\/p>\n<p align=\"justify\" class=\"text1noticias\"><strong>SANTO DOMINGO.- <\/strong>Rocher, es un talentoso int\u00e9rprete de la bachata, que  desde hace a\u00f1os, esta radicado en Italia, y lo m\u00e1s importante,\u00a0 es parte de la organizaci\u00f3n del \u201cFestival  Latino de Italia\u201d, un evento que se hace anual, y que re\u00fane a muchas figuras  del canto.<\/p>\n<p>&#13;<\/p>\n<p align=\"justify\" class=\"text1noticias\">\u201cReg\u00e1lame  una noche\u201d, es el corte que deja escuchar en la radio dominicana, el\u00a0 exponente del amargue, quien es manejado por  el promotor art\u00edstico, Marino L\u00f3pez.<\/p>\n<p>&#13;<\/p>\n<p align=\"justify\" class=\"text1noticias\">Poseedor  de un timbre de voz \u00fanico, Rocher, conf\u00eda en ganarse\u00a0 un espacio dentro del publico, que cada d\u00eda,  busca cosas nuevas en el genero amargue.<\/p>\n<p>&#13;<\/p>\n<p align=\"justify\" class=\"text1noticias\">Seg\u00fan,  detallo su manager, por el \u201cFestival Latino de Italia\u201d, han desfilado figuras  locales, como Lu\u00eds Miguel del Amargue, Monchy y Alexandra, mientras que en lo  internacional, se mencionan, Shakira, Wissin y Jandel, Julio Voltio, Willie  Gonz\u00e1lez, Olga Ta\u00f1on, Willie Colon, entre otros.<\/p>\n<p>&#13;<\/p>\n<p align=\"justify\" class=\"text1noticias\">Marino  L\u00f3pez, indico a esta p\u00e1gina, que\u00a0 Rocher,  visita asiduamente el pa\u00eds, para \u201cdarle calor a la plaza y dar a conocer sus  nuevos proyectos\u201d. Preguntado, sino no teme, al auge de la pirater\u00eda, no solo  en el mercado local, dijo que \u201clos artistas,\u00a0  buscan otra manera de promocionarse, porque ya la Internet y la pirater\u00eda,  tienen el negocio da\u00f1ado\u201d.<\/p>\n<p>&#13;<\/p>\n<h6> 2008-09-15 21:54:34 <\/h6>\n<p><!--\n<link rel=\"stylesheet\" href=\"css\/bootstrap.min.css\">\n\n\n<ul class=\"pagination\">\n\t    \n\t\n\n<li >\n\t<a href='?page_no=21028'>Previous<\/a>\n\t<\/li>\n\n\n       \n    \n\n<li><a href='?page_no=1'>1<\/a><\/li>\n\n\n\n<li><a href='?page_no=2'>2<\/a><\/li>\n\n\n\n<li><a>...<\/a><\/li>\n\n\n\n<li><a href='?page_no=21027'>21027<\/a><\/li>\n\n\n\n<li><a href='?page_no=21028'>21028<\/a><\/li>\n\n\n\n<li class='active'><a>21029<\/a><\/li>\n\n\n\n<li><a href='?page_no=21030'>21030<\/a><\/li>\n\n\n\n<li><a href='?page_no=21031'>21031<\/a><\/li>\n\n\n\n<li><a>...<\/a><\/li>\n\n\n\n<li><a href='?page_no=22522'>22522<\/a><\/li>\n\n\n\n<li><a href='?page_no=22523'>22523<\/a><\/li>\n\n    \n\t\n\n<li >\n\t<a href='?page_no=21030'>Next<\/a>\n\t<\/li>\n\n\n    \n\n<li><a href='?page_no=22523'>Last &rsaquo;&rsaquo;<\/a><\/li>\n\n<\/ul>\n\n\n--><br \/>\n<\/body><\/p>\n","protected":false},"excerpt":{"rendered":"<p>Rocher Lleva bachata a Europa &#13; Es parte del staff \u00a0del \u201cFestival Latino de Italia\u201d &#13; Por Ram\u00f3n Benito Su\u00e1rez &#13; SANTO DOMINGO.- Rocher, es un talentoso int\u00e9rprete de la bachata, que desde hace a\u00f1os, esta radicado en Italia, y lo m\u00e1s importante,\u00a0 es parte de la organizaci\u00f3n del \u201cFestival Latino de Italia\u201d, un evento [&hellip;]<\/p>\n","protected":false},"author":3,"featured_media":0,"comment_status":"open","ping_status":"open","sticky":false,"template":"","format":"standard","meta":{"footnotes":""},"categories":[25],"tags":[],"class_list":["post-92407","post","type-post","status-publish","format-standard","hentry","category-gente"],"_links":{"self":[{"href":"https:\/\/diariodominicano.com\/index.php?rest_route=\/wp\/v2\/posts\/92407","targetHints":{"allow":["GET"]}}],"collection":[{"href":"https:\/\/diariodominicano.com\/index.php?rest_route=\/wp\/v2\/posts"}],"about":[{"href":"https:\/\/diariodominicano.com\/index.php?rest_route=\/wp\/v2\/types\/post"}],"author":[{"embeddable":true,"href":"https:\/\/diariodominicano.com\/index.php?rest_route=\/wp\/v2\/users\/3"}],"replies":[{"embeddable":true,"href":"https:\/\/diariodominicano.com\/index.php?rest_route=%2Fwp%2Fv2%2Fcomments&post=92407"}],"version-history":[{"count":0,"href":"https:\/\/diariodominicano.com\/index.php?rest_route=\/wp\/v2\/posts\/92407\/revisions"}],"wp:attachment":[{"href":"https:\/\/diariodominicano.com\/index.php?rest_route=%2Fwp%2Fv2%2Fmedia&parent=92407"}],"wp:term":[{"taxonomy":"category","embeddable":true,"href":"https:\/\/diariodominicano.com\/index.php?rest_route=%2Fwp%2Fv2%2Fcategories&post=92407"},{"taxonomy":"post_tag","embeddable":true,"href":"https:\/\/diariodominicano.com\/index.php?rest_route=%2Fwp%2Fv2%2Ftags&post=92407"}],"curies":[{"name":"wp","href":"https:\/\/api.w.org\/{rel}","templated":true}]}}