{"id":92404,"date":"2008-09-16T16:48:15","date_gmt":"2008-09-16T16:48:15","guid":{"rendered":"http:\/\/diariodominicano.ddns.net\/?p=92404"},"modified":"2008-09-16T16:48:15","modified_gmt":"2008-09-16T16:48:15","slug":"nuevo-rostro-de-novela-y-mas-esta-entre-7-jovenes","status":"publish","type":"post","link":"https:\/\/diariodominicano.com\/?p=92404","title":{"rendered":"Nuevo Rostro de Novela y M\u00e1s est\u00e1 entre 7 J\u00f3venes"},"content":{"rendered":"<p><body><\/p>\n<p class=\"titulogrande1\"><strong>Nuevo Rostro de Novela y M\u00e1s est\u00e1  entre 7 J\u00f3venes<\/strong><\/p>\n<p>&#13;<\/p>\n<p align=\"justify\" class=\"text1noticias\"><strong><img loading=\"lazy\" decoding=\"async\" src=\"http:\/\/localhost:8080\/gente\/img\/castin novela.jpg\" width=\"375\" height=\"281\" hspace=\"4\" align=\"left\" \/>Santo Domingo.- <\/strong>Novela y m\u00e1s, programa  que se transmite los s\u00e1bados a las 2 de la tarde por Tele Antillas, sigue con  sus pruebas de talento y eliminatorias en el <strong>Casting Rostro de Novela y M\u00e1s<\/strong>.<br \/>&#13;<br \/>\n  <br \/>&#13;<br \/>\n  El rostro que acompa\u00f1ar\u00e1 a Zeny Leyva  en la conducci\u00f3n de <strong>Novela y Mas, <\/strong>est\u00e1 entre las 7 finalistas seleccionadas el pasado mi\u00e9rcoles 10  de septiembre, de un grupo de 12, ante el jurado integrado por: las  comunicadoras Aim\u00e9 Melo, (Que Onda Noche), Yadhira Pimentel (Cadena de  Noticias), Raymond Moreta (Iamdra Full), Alex Simmons (Profesor Universidad  Cat\u00f3lica Santo Domingo) y Sergio Beras (gerente de Producci\u00f3n de Teleantillas). <br \/>&#13;<br \/>\n  <br \/>&#13;<br \/>\n  Las 7 finalistas son: Indhira Mori\u00f1o  Rodr\u00edguez, Johanna Duverge Garc\u00eda, Martha Cabral, Miossotis Rossy, Norisbel  Uceta Molina, Saidi Pe\u00f1a y Yaissa Mercedes Jim\u00e9nez Polanco. <br \/>&#13;<br \/>\n  <br \/>&#13;<br \/>\nLas preseleccionadas se enfrentar\u00e1n en  la gran prueba de talento, que convertir\u00e1 a una de ellas en el rostro de <strong>Novela y M\u00e1s,<\/strong> este mi\u00e9rcoles 17 a las 4:30 de la tarde, en la Universidad Cat\u00f3lica  Santo Domingo en \u00a0el \u00e1rea de biblioteca del  Sal\u00f3n Octagonal.<\/p>\n<p>&#13;<\/p>\n<p align=\"justify\" class=\"text1noticias\">Una Producci\u00f3n de Ram\u00f3n  Matos. \u00a0 <\/p>\n<p>&#13;<\/p>\n<h6> 2008-09-16 16:48:15 <\/h6>\n<p><!--\n<link rel=\"stylesheet\" href=\"css\/bootstrap.min.css\">\n\n\n<ul class=\"pagination\">\n\t    \n\t\n\n<li >\n\t<a href='?page_no=21025'>Previous<\/a>\n\t<\/li>\n\n\n       \n    \n\n<li><a href='?page_no=1'>1<\/a><\/li>\n\n\n\n<li><a href='?page_no=2'>2<\/a><\/li>\n\n\n\n<li><a>...<\/a><\/li>\n\n\n\n<li><a href='?page_no=21024'>21024<\/a><\/li>\n\n\n\n<li><a href='?page_no=21025'>21025<\/a><\/li>\n\n\n\n<li class='active'><a>21026<\/a><\/li>\n\n\n\n<li><a href='?page_no=21027'>21027<\/a><\/li>\n\n\n\n<li><a href='?page_no=21028'>21028<\/a><\/li>\n\n\n\n<li><a>...<\/a><\/li>\n\n\n\n<li><a href='?page_no=22522'>22522<\/a><\/li>\n\n\n\n<li><a href='?page_no=22523'>22523<\/a><\/li>\n\n    \n\t\n\n<li >\n\t<a href='?page_no=21027'>Next<\/a>\n\t<\/li>\n\n\n    \n\n<li><a href='?page_no=22523'>Last &rsaquo;&rsaquo;<\/a><\/li>\n\n<\/ul>\n\n\n--><br \/>\n<\/body><\/p>\n","protected":false},"excerpt":{"rendered":"<p>Nuevo Rostro de Novela y M\u00e1s est\u00e1 entre 7 J\u00f3venes &#13; Santo Domingo.- Novela y m\u00e1s, programa que se transmite los s\u00e1bados a las 2 de la tarde por Tele Antillas, sigue con sus pruebas de talento y eliminatorias en el Casting Rostro de Novela y M\u00e1s.&#13; &#13; El rostro que acompa\u00f1ar\u00e1 a Zeny Leyva [&hellip;]<\/p>\n","protected":false},"author":3,"featured_media":0,"comment_status":"open","ping_status":"open","sticky":false,"template":"","format":"standard","meta":{"footnotes":""},"categories":[25],"tags":[],"class_list":["post-92404","post","type-post","status-publish","format-standard","hentry","category-gente"],"_links":{"self":[{"href":"https:\/\/diariodominicano.com\/index.php?rest_route=\/wp\/v2\/posts\/92404","targetHints":{"allow":["GET"]}}],"collection":[{"href":"https:\/\/diariodominicano.com\/index.php?rest_route=\/wp\/v2\/posts"}],"about":[{"href":"https:\/\/diariodominicano.com\/index.php?rest_route=\/wp\/v2\/types\/post"}],"author":[{"embeddable":true,"href":"https:\/\/diariodominicano.com\/index.php?rest_route=\/wp\/v2\/users\/3"}],"replies":[{"embeddable":true,"href":"https:\/\/diariodominicano.com\/index.php?rest_route=%2Fwp%2Fv2%2Fcomments&post=92404"}],"version-history":[{"count":0,"href":"https:\/\/diariodominicano.com\/index.php?rest_route=\/wp\/v2\/posts\/92404\/revisions"}],"wp:attachment":[{"href":"https:\/\/diariodominicano.com\/index.php?rest_route=%2Fwp%2Fv2%2Fmedia&parent=92404"}],"wp:term":[{"taxonomy":"category","embeddable":true,"href":"https:\/\/diariodominicano.com\/index.php?rest_route=%2Fwp%2Fv2%2Fcategories&post=92404"},{"taxonomy":"post_tag","embeddable":true,"href":"https:\/\/diariodominicano.com\/index.php?rest_route=%2Fwp%2Fv2%2Ftags&post=92404"}],"curies":[{"name":"wp","href":"https:\/\/api.w.org\/{rel}","templated":true}]}}