{"id":92403,"date":"2008-09-16T21:06:35","date_gmt":"2008-09-16T21:06:35","guid":{"rendered":"http:\/\/diariodominicano.ddns.net\/?p=92403"},"modified":"2008-09-16T21:06:35","modified_gmt":"2008-09-16T21:06:35","slug":"jose-antonio-cantara-en-frances-a-aznavour","status":"publish","type":"post","link":"https:\/\/diariodominicano.com\/?p=92403","title":{"rendered":"Jos\u00e9 Antonio cantar\u00e1 en franc\u00e9s a Aznavour"},"content":{"rendered":"<p><body><\/p>\n<p class=\"titulogrande1\">Jos\u00e9 Antonio cantar\u00e1 en franc\u00e9s a Aznavour<\/p>\n<p>&#13;<\/p>\n<p align=\"justify\" class=\"text1noticias\"><strong>Santo Domingo.- <\/strong>Jos\u00e9  Antonio Rodr\u00edguez se ha tomado muy en serio su participaci\u00f3n en el concierto de  Charles Aznavour el s\u00e1bado 27 de septiembre y ya trascendi\u00f3 que pretende cantar  en franc\u00e9s uno de sus temas m\u00e1s populares. <\/p>\n<p>&#13;<\/p>\n<p align=\"justify\" class=\"text1noticias\">\u00abEl  Flaco\u00bb, como le dicen sus amigos, maneja por toda la ciudad cargando una  colecci\u00f3n de CD de Aznavour y de otros int\u00e9rpretes cantando en franc\u00e9s,  \u00abpara que se me pegue el acento\u00bb, dijo Jos\u00e9 Antonio. <br \/>&#13;<br \/>\n  <!--  D([\"mb\",\"u003cspan langu003d\"ES-DO\"u003eu003cfont faceu003d\"Times New Roman\" sizeu003d\"3\"u003e&nbsp;u003c\/fontu003eu003c\/spanu003eu003c\/pu003enu003cp styleu003d\"margin:0cm 0cm 0pt;text-align:justify\"u003eu003cfont sizeu003d\"3\"u003eu003cfont faceu003d\"Times New Roman\"u003eu003cspan langu003d\"ES-DO\"u003eTrascendi&oacute; que el poeta Jos&eacute; M&aacute;rmol y la periodista u003c\/spanu003eu003cspan langu003d\"ES\"u003eJeanne Marion-Landaisu003c\/spanu003eu003cspan langu003d\"ES-DO\"u003e, est&aacute;n trabajando en la versi&oacute;n al franc&eacute;s de unos de los temas m&aacute;s populares del cantautor dominicano pero a&uacute;n se desconoce el t&iacute;tulo.u003c\/spanu003eu003c\/fontu003eu003c\/fontu003eu003c\/pu003ennu003cp styleu003d\"margin:0cm 0cm 0pt;text-align:justify\"u003eu003cspan langu003d\"ES-DO\"u003eu003cfont faceu003d\"Times New Roman\" sizeu003d\"3\"u003e&nbsp;u003c\/fontu003eu003c\/spanu003eu003c\/pu003enu003cp styleu003d\"margin:0cm 0cm 0pt;text-align:justify\"u003eu003cspan langu003d\"ES-DO\"u003eu003cfont sizeu003d\"3\"u003eu003cfont faceu003d\"Times New Roman\"u003eJos&eacute; Antonio ser&aacute; el artista invitado al concierto de despedida de los escenarios de Charles Aznavour que con 85 a&ntilde;os de edad agota en estos d&iacute;as una gira por Am&eacute;rica Latina que comenz&oacute; en Brasil con 10 presentaciones.u003c\/fontu003eu003c\/fontu003eu003c\/spanu003eu003c\/pu003ennu003cp styleu003d\"margin:0cm 0cm 0pt;text-align:justify\"u003eu003cspan langu003d\"ES\"u003eu003cfont faceu003d\"Times New Roman\" sizeu003d\"3\"u003e&nbsp;u003c\/fontu003eu003c\/spanu003eu003c\/pu003enu003cp styleu003d\"margin:0cm 0cm 0pt;text-align:justify\"u003eu003cspan langu003d\"ES-DO\"u003eu003cfont sizeu003d\"3\"u003eu003cfont faceu003d\"Times New Roman\"u003eAutor de m&aacute;s de 700 canciones, interpretadas en seis idiomas (franc&eacute;s, ingl&eacute;s, espa&ntilde;ol,u003cspanu003e&nbsp; u003c\/spanu003eitaliano, ruso y alem&aacute;n), presentadas en m&aacute;s de 90 pa&iacute;ses, Aznavour es reconocido como el gran mito viviente de la m&uacute;sica francesa.u003c\/fontu003eu003c\/fontu003eu003c\/spanu003eu003c\/pu003ennu003cp styleu003d\"margin:0cm 0cm 0pt\"u003eu003cspan langu003d\"ES-DO\"u003eu003cfont faceu003d\"Times New Roman\" sizeu003d\"3\"u003e&nbsp;u003c\/fontu003eu003c\/spanu003eu003c\/pu003enu003cp styleu003d\"margin:0cm 0cm 0pt\"u003eu003cspan langu003d\"ES\"u003eu003cfont sizeu003d\"3\"u003eu003cfont faceu003d\"Times New Roman\"u003eEl concierto del pr&oacute;ximo s&aacute;bado 27 de septiembre en Altos de Chav&oacute;n ser&aacute; a beneficio de la Fundaci&oacute;n u003cbu003eNidou003c\/bu003e u003cbu003epara &Aacute;ngelesu003c\/bu003e cuyo objetivo es mejorar la calidad de la vida de los ni&ntilde;os y ni&ntilde;as diagnosticados con par&aacute;lisis cerebral infantil.u003c\/fontu003eu003c\/fontu003eu003c\/spanu003eu003c\/pu003ennu003cp styleu003d\"margin:0cm 0cm 0pt\"u003eu003cspan langu003d\"ES-DO\"u003eu003cfont faceu003d\"Times New Roman\" sizeu003d\"3\"u003e&nbsp;u003c\/fontu003eu003c\/spanu003eu003c\/pu003enu003cp styleu003d\"margin:0cm 0cm 0pt\"u003e\",1]  );    \/\/-->&#13;<br \/>\n  \u00a0 <br \/>&#13;<br \/>\n  Trascendi\u00f3 que el  poeta Jos\u00e9 M\u00e1rmol y la periodista Jeanne  Marion-Landais, est\u00e1n trabajando en la versi\u00f3n al franc\u00e9s de unos de los temas m\u00e1s  populares del cantautor dominicano pero a\u00fan se desconoce el t\u00edtulo. <\/p>\n<p>&#13;<\/p>\n<p align=\"justify\" class=\"text1noticias\">Jos\u00e9 Antonio ser\u00e1  el artista invitado al concierto de despedida de los escenarios de Charles  Aznavour que con 85 a\u00f1os de edad agota en estos d\u00edas una gira por Am\u00e9rica  Latina que comenz\u00f3 en Brasil con 10 presentaciones. <\/p>\n<p>&#13;<\/p>\n<p align=\"justify\" class=\"text1noticias\">Autor de m\u00e1s de 700  canciones, interpretadas en seis idiomas (franc\u00e9s, ingl\u00e9s, espa\u00f1ol,\u00a0  italiano, ruso y alem\u00e1n), presentadas en m\u00e1s de 90 pa\u00edses, Aznavour es  reconocido como el gran mito viviente de la m\u00fasica francesa. <\/p>\n<p>&#13;<\/p>\n<p align=\"justify\" class=\"text1noticias\">El  concierto del pr\u00f3ximo s\u00e1bado 27 de septiembre en Altos de Chav\u00f3n ser\u00e1 a  beneficio de la   Fundaci\u00f3n <strong>Nido<\/strong> <strong>para \u00c1ngeles<\/strong> cuyo objetivo es  mejorar la calidad de la vida de los ni\u00f1os y ni\u00f1as diagnosticados con par\u00e1lisis  cerebral infantil.<\/p>\n<p>&#13;<\/p>\n<p align=\"justify\">&#13;<br \/>\n  <span class=\"text1noticias\">&#13;<br \/>\n  <!--  D([\"mb\",\"u003cspan langu003d\"ES-DO\"u003eu003cfont sizeu003d\"3\"u003eu003cfont faceu003d\"Times New Roman\"u003eLas boletas siguen a la venta en la Caja Expreso Orange de la capital y Santiago, con un 10 por ciento de descuento para los clientes Orange.u003c\/fontu003eu003c\/fontu003eu003c\/spanu003eu003c\/pu003ennu003cp styleu003d\"margin:0cm 0cm 0pt\"u003eu003cspan langu003d\"ES-DO\"u003eu003cfont faceu003d\"Times New Roman\" sizeu003d\"3\"u003e&nbsp;u003c\/fontu003eu003c\/spanu003eu003c\/pu003enu003cp styleu003d\"margin:0cm 0cm 0pt\"u003eu003cspan langu003d\"ES-DO\"u003eu003cfont sizeu003d\"3\"u003eu003cfont faceu003d\"Times New Roman\"u003eTambi&eacute;n en Casa de Campo, en los supermercados Nacional de la Lope de Vega, Bella Vista Mall y El Mill&oacute;n, en el Jumbo de la Romana, en Desde el Medio Tours, Musicalia y en las oficinas de Travel Wise con el tel&eacute;fono 809 562 3000.u003c\/fontu003eu003c\/fontu003eu003c\/spanu003eu003c\/pu003ennu003cp styleu003d\"margin:0cm 0cm 0pt\"u003eu003cspan langu003d\"ES-DO\"u003eu003cfont sizeu003d\"3\"u003eu003cfont faceu003d\"Times New Roman\"u003eu003c\/fontu003eu003c\/fontu003eu003c\/spanu003e&nbsp;u003c\/pu003enu003cp styleu003d\"margin:0cm 0cm 0pt\"u003eu003cspan langu003d\"ES-DO\"u003eu003cfont sizeu003d\"3\"u003eu003cfont faceu003d\"Times New Roman\"u003e******************************u003cWBRu003e****u003c\/fontu003eu003c\/fontu003eu003c\/spanu003eu003c\/pu003enu003cp styleu003d\"margin:0cm 0cm 0pt\"u003eu003cspan langu003d\"ES-DO\"u003eu003cfont sizeu003d\"3\"u003eu003cfont faceu003d\"Times New Roman\"u003eRam&oacute;n Ch&aacute;vezu003c\/fontu003eu003c\/fontu003eu003c\/spanu003eu003c\/pu003enu003cp styleu003d\"margin:0cm 0cm 0pt\"u003eu003cspan langu003d\"ES-DO\"u003eu003cfont sizeu003d\"3\"u003eu003cfont faceu003d\"Times New Roman\"u003e809-844-7208u003c\/fontu003eu003c\/fontu003eu003c\/spanu003eu003c\/pu003enu003cp styleu003d\"margin:0cm 0cm 0pt\"u003eu003cspan langu003d\"ES-DO\"u003eu003cfont sizeu003d\"3\"u003eu003cfont faceu003d\"Times New Roman\"u003eu003c\/fontu003eu003c\/fontu003eu003c\/spanu003e&nbsp;u003c\/pu003enu003cp styleu003d\"margin:0cm 0cm 0pt\"u003eu003cspan langu003d\"ES-DO\"u003eu003cfont sizeu003d\"3\"u003eu003cfont faceu003d\"Times New Roman\"u003eNota De:u003c\/fontu003eu003c\/fontu003eu003c\/spanu003eu003c\/pu003enu003cp styleu003d\"margin:0cm 0cm 0pt\"u003eu003cspan langu003d\"ES-DO\"u003eu003cfont sizeu003d\"3\"u003eu003cfont faceu003d\"Times New Roman\"u003eRoberto Cavada Barrerasu003cbru003eTelf: (809) 473 7487 casa-oficinau003cbru003e(809) 817 5044 celularu003cbru003en(829) 344 9141 celular canalu003c\/fontu003eu003c\/fontu003eu003c\/spanu003eu003c\/pu003eu003c\/divu003eu003c\/divu003eu003c\/divu003en\",0]  );    \/\/-->&#13;<br \/>\n  Las boletas siguen a la venta en la Caja Expreso Orange  de la capital y Santiago, con un 10 por ciento de descuento para los clientes  Orange. <\/span><\/p>\n<p>&#13;<\/p>\n<p align=\"justify\" class=\"text1noticias\">Tambi\u00e9n en Casa de Campo, en los supermercados  Nacional de la Lope  de Vega, Bella Vista Mall y El Mill\u00f3n, en el Jumbo de la Romana, en Desde el Medio  Tours, Musicalia y en las oficinas de Travel Wise con el tel\u00e9fono 809 562 3000. <\/p>\n<p>&#13;<\/p>\n<h6> 2008-09-16 21:06:35 <\/h6>\n<p><!--\n<link rel=\"stylesheet\" href=\"css\/bootstrap.min.css\">\n\n\n<ul class=\"pagination\">\n\t    \n\t\n\n<li >\n\t<a href='?page_no=21024'>Previous<\/a>\n\t<\/li>\n\n\n       \n    \n\n<li><a href='?page_no=1'>1<\/a><\/li>\n\n\n\n<li><a href='?page_no=2'>2<\/a><\/li>\n\n\n\n<li><a>...<\/a><\/li>\n\n\n\n<li><a href='?page_no=21023'>21023<\/a><\/li>\n\n\n\n<li><a href='?page_no=21024'>21024<\/a><\/li>\n\n\n\n<li class='active'><a>21025<\/a><\/li>\n\n\n\n<li><a href='?page_no=21026'>21026<\/a><\/li>\n\n\n\n<li><a href='?page_no=21027'>21027<\/a><\/li>\n\n\n\n<li><a>...<\/a><\/li>\n\n\n\n<li><a href='?page_no=22522'>22522<\/a><\/li>\n\n\n\n<li><a href='?page_no=22523'>22523<\/a><\/li>\n\n    \n\t\n\n<li >\n\t<a href='?page_no=21026'>Next<\/a>\n\t<\/li>\n\n\n    \n\n<li><a href='?page_no=22523'>Last &rsaquo;&rsaquo;<\/a><\/li>\n\n<\/ul>\n\n\n--><br \/>\n<\/body><\/p>\n","protected":false},"excerpt":{"rendered":"<p>Jos\u00e9 Antonio cantar\u00e1 en franc\u00e9s a Aznavour &#13; Santo Domingo.- Jos\u00e9 Antonio Rodr\u00edguez se ha tomado muy en serio su participaci\u00f3n en el concierto de Charles Aznavour el s\u00e1bado 27 de septiembre y ya trascendi\u00f3 que pretende cantar en franc\u00e9s uno de sus temas m\u00e1s populares. &#13; \u00abEl Flaco\u00bb, como le dicen sus amigos, maneja [&hellip;]<\/p>\n","protected":false},"author":3,"featured_media":0,"comment_status":"open","ping_status":"open","sticky":false,"template":"","format":"standard","meta":{"footnotes":""},"categories":[25],"tags":[],"class_list":["post-92403","post","type-post","status-publish","format-standard","hentry","category-gente"],"_links":{"self":[{"href":"https:\/\/diariodominicano.com\/index.php?rest_route=\/wp\/v2\/posts\/92403","targetHints":{"allow":["GET"]}}],"collection":[{"href":"https:\/\/diariodominicano.com\/index.php?rest_route=\/wp\/v2\/posts"}],"about":[{"href":"https:\/\/diariodominicano.com\/index.php?rest_route=\/wp\/v2\/types\/post"}],"author":[{"embeddable":true,"href":"https:\/\/diariodominicano.com\/index.php?rest_route=\/wp\/v2\/users\/3"}],"replies":[{"embeddable":true,"href":"https:\/\/diariodominicano.com\/index.php?rest_route=%2Fwp%2Fv2%2Fcomments&post=92403"}],"version-history":[{"count":0,"href":"https:\/\/diariodominicano.com\/index.php?rest_route=\/wp\/v2\/posts\/92403\/revisions"}],"wp:attachment":[{"href":"https:\/\/diariodominicano.com\/index.php?rest_route=%2Fwp%2Fv2%2Fmedia&parent=92403"}],"wp:term":[{"taxonomy":"category","embeddable":true,"href":"https:\/\/diariodominicano.com\/index.php?rest_route=%2Fwp%2Fv2%2Fcategories&post=92403"},{"taxonomy":"post_tag","embeddable":true,"href":"https:\/\/diariodominicano.com\/index.php?rest_route=%2Fwp%2Fv2%2Ftags&post=92403"}],"curies":[{"name":"wp","href":"https:\/\/api.w.org\/{rel}","templated":true}]}}