{"id":92402,"date":"2008-09-16T22:16:16","date_gmt":"2008-09-16T22:16:16","guid":{"rendered":"http:\/\/diariodominicano.ddns.net\/?p=92402"},"modified":"2008-09-16T22:16:16","modified_gmt":"2008-09-16T22:16:16","slug":"pimpinela-celebra-sus-25-anos","status":"publish","type":"post","link":"https:\/\/diariodominicano.com\/?p=92402","title":{"rendered":"Pimpinela celebra sus 25 a\u00f1os"},"content":{"rendered":"<p><body><\/p>\n<p class=\"titulogrande1\"><strong>Pimpinela  celebra sus 25 a\u00f1os<\/strong><\/p>\n<p>&#13;<\/p>\n<p align=\"justify\" class=\"text1noticias\"><strong>BUENOS  AIRES<\/strong>.- El d\u00fao  argentino Pimpinela lanz\u00f3 un nuevo disco para celebrar sus 25 a\u00f1os de  trayectoria, que incluye un v\u00eddeo con sus temas m\u00e1s conocidos y la  participaci\u00f3n de otros m\u00fasicos, como el espa\u00f1ol Dyango, informaron hoy medios  locales.<br \/>&#13;<br \/>\n  <br \/>&#13;<br \/>\n\u00abDiamante &#8211; 25 aniversario\u00bb, que sali\u00f3 a la venta en Argentina esta  semana, contiene una docena de canciones nuevas de los hermanos Joaqu\u00edn y Luc\u00eda  Gal\u00e1n, que han vendido m\u00e1s de 20 millones de discos durante su carrera musical.<br \/>&#13;<br \/>\n  <br \/>&#13;<br \/>\n  Tambi\u00e9n incluye otros tres temas interpretados junto a Dyango, \u00abLos amigos  como yo\u00bb; los argentinos Valeria Lynch, \u00abQue no me eche la  culpa\u00bb y el grupo Los Nocheros \u00abA mi tierra volver\u00e9\u00bb.<br \/>&#13;<br \/>\n  <br \/>&#13;<br \/>\n\u00abEs uno de los discos m\u00e1s importantes de nuestra carrera. Hemos compuesto  con el coraz\u00f3n y con la raz\u00f3n, tratando como siempre de fotografiar la vida de  relaci\u00f3n de pareja de estos tiempos\u00bb, manifest\u00f3 Joaqu\u00edn Gal\u00e1n en alusi\u00f3n a  la nueva producci\u00f3n, cuya gr\u00e1fica incluye im\u00e1genes actuales y de los inicios  del conjunto.<br \/>&#13;<br \/>\n  <br \/>&#13;<br \/>\n  Luc\u00eda y Joaqu\u00edn nacieron en la capital argentina de una familia de origen  espa\u00f1ol y entre sus mayores \u00e9xitos hay temas como \u00abOlv\u00eddame y pega la  vuelta\u00bb, \u00abA esa\u00bb y \u00abAhora decide\u00bb, entre otras  canciones.<br \/>&#13;<br \/>\n  <br \/>&#13;<br \/>\n  Pimpinela cosech\u00f3 un enorme \u00e9xito en Am\u00e9rica Latina, Estados Unidos y Espa\u00f1a  con sus representaciones musicales de desavenencias conyugales.<br \/>&#13;<br \/>\n  <br \/>&#13;<br \/>\n\u00abNos hemos criado entre Buenos Aires y Le\u00f3n y Asturias\u00bb, destac\u00f3  Joaqu\u00edn en torno a su carrera, reflejada en este disco que tambi\u00e9n ser\u00e1 lanzado  en Espa\u00f1a. <\/p>\n<p>&#13;<\/p>\n<h6> 2008-09-16 22:16:16 <\/h6>\n<p><!--\n<link rel=\"stylesheet\" href=\"css\/bootstrap.min.css\">\n\n\n<ul class=\"pagination\">\n\t    \n\t\n\n<li >\n\t<a href='?page_no=21023'>Previous<\/a>\n\t<\/li>\n\n\n       \n    \n\n<li><a href='?page_no=1'>1<\/a><\/li>\n\n\n\n<li><a href='?page_no=2'>2<\/a><\/li>\n\n\n\n<li><a>...<\/a><\/li>\n\n\n\n<li><a href='?page_no=21022'>21022<\/a><\/li>\n\n\n\n<li><a href='?page_no=21023'>21023<\/a><\/li>\n\n\n\n<li class='active'><a>21024<\/a><\/li>\n\n\n\n<li><a href='?page_no=21025'>21025<\/a><\/li>\n\n\n\n<li><a href='?page_no=21026'>21026<\/a><\/li>\n\n\n\n<li><a>...<\/a><\/li>\n\n\n\n<li><a href='?page_no=22522'>22522<\/a><\/li>\n\n\n\n<li><a href='?page_no=22523'>22523<\/a><\/li>\n\n    \n\t\n\n<li >\n\t<a href='?page_no=21025'>Next<\/a>\n\t<\/li>\n\n\n    \n\n<li><a href='?page_no=22523'>Last &rsaquo;&rsaquo;<\/a><\/li>\n\n<\/ul>\n\n\n--><br \/>\n<\/body><\/p>\n","protected":false},"excerpt":{"rendered":"<p>Pimpinela celebra sus 25 a\u00f1os &#13; BUENOS AIRES.- El d\u00fao argentino Pimpinela lanz\u00f3 un nuevo disco para celebrar sus 25 a\u00f1os de trayectoria, que incluye un v\u00eddeo con sus temas m\u00e1s conocidos y la participaci\u00f3n de otros m\u00fasicos, como el espa\u00f1ol Dyango, informaron hoy medios locales.&#13; &#13; \u00abDiamante &#8211; 25 aniversario\u00bb, que sali\u00f3 a la [&hellip;]<\/p>\n","protected":false},"author":3,"featured_media":0,"comment_status":"open","ping_status":"open","sticky":false,"template":"","format":"standard","meta":{"footnotes":""},"categories":[25],"tags":[],"class_list":["post-92402","post","type-post","status-publish","format-standard","hentry","category-gente"],"_links":{"self":[{"href":"https:\/\/diariodominicano.com\/index.php?rest_route=\/wp\/v2\/posts\/92402","targetHints":{"allow":["GET"]}}],"collection":[{"href":"https:\/\/diariodominicano.com\/index.php?rest_route=\/wp\/v2\/posts"}],"about":[{"href":"https:\/\/diariodominicano.com\/index.php?rest_route=\/wp\/v2\/types\/post"}],"author":[{"embeddable":true,"href":"https:\/\/diariodominicano.com\/index.php?rest_route=\/wp\/v2\/users\/3"}],"replies":[{"embeddable":true,"href":"https:\/\/diariodominicano.com\/index.php?rest_route=%2Fwp%2Fv2%2Fcomments&post=92402"}],"version-history":[{"count":0,"href":"https:\/\/diariodominicano.com\/index.php?rest_route=\/wp\/v2\/posts\/92402\/revisions"}],"wp:attachment":[{"href":"https:\/\/diariodominicano.com\/index.php?rest_route=%2Fwp%2Fv2%2Fmedia&parent=92402"}],"wp:term":[{"taxonomy":"category","embeddable":true,"href":"https:\/\/diariodominicano.com\/index.php?rest_route=%2Fwp%2Fv2%2Fcategories&post=92402"},{"taxonomy":"post_tag","embeddable":true,"href":"https:\/\/diariodominicano.com\/index.php?rest_route=%2Fwp%2Fv2%2Ftags&post=92402"}],"curies":[{"name":"wp","href":"https:\/\/api.w.org\/{rel}","templated":true}]}}