{"id":92401,"date":"2008-09-16T23:31:09","date_gmt":"2008-09-16T23:31:09","guid":{"rendered":"http:\/\/diariodominicano.ddns.net\/?p=92401"},"modified":"2008-09-16T23:31:09","modified_gmt":"2008-09-16T23:31:09","slug":"kiko-fausto-rey-y-anthony-rios-en-150-anos-de-jarabacoa","status":"publish","type":"post","link":"https:\/\/diariodominicano.com\/?p=92401","title":{"rendered":"Kiko, Fausto Rey y Anthony R\u00edos en 150 a\u00f1os de Jarabacoa"},"content":{"rendered":"<p><body><\/p>\n<p><strong>Para su inmediata difusi\u00f3n<\/strong><\/p>\n<p>&#13;<\/p>\n<p class=\"titulogrande1\"><strong>Kiko, Fausto Rey y Anthony R\u00edos en 150  a\u00f1os de Jarabacoa<\/strong> <\/p>\n<p>&#13;<\/p>\n<p align=\"justify\"><strong>El concierto es auspiciado por  el senador por la provincia de La   Vega, Euclides S\u00e1nchez y el Plan Social de la Presidencia de la Rep\u00fablica. <\/strong><\/p>\n<p>&#13;<\/p>\n<p align=\"justify\" class=\"text1noticias\"><strong><img loading=\"lazy\" decoding=\"async\" src=\"http:\/\/localhost:8080\/gente\/img\/euclide sanche.jpg\" width=\"375\" height=\"491\" hspace=\"4\" align=\"left\" \/>Rep Dom.-<\/strong> Jarabacoa celebrar\u00e1  en grande sus 150 a\u00f1os de fundaci\u00f3n. Y qu\u00e9 buena manera de hacerlo con un  evento gratuito, cargado de altas dosis de espectacularidad y que  protagonizar\u00e1n el merenguero t\u00edpico Kiko \u201cEl Presidente\u201d y dos de los  boleristas m\u00e1s emblem\u00e1ticos del pa\u00eds como son Fausto Rey y Anthony R\u00edos. <br \/>&#13;<br \/>\n  <br \/>&#13;<br \/>\n  Y  la cita ser\u00e1 el pr\u00f3ximo lunes 22 de este mes en el parque central de Jarabacoa,  desde las 8:00 de la noche, un regalo del senador por la provincia de La Vega,  Euclides S\u00e1nchez y el Plan Social de la Presidencia de la Rep\u00fablica. <br \/>&#13;<br \/>\n  <br \/>&#13;<br \/>\n  Desde  hace algunos d\u00edas, Jarabacoa, polo tur\u00edstico de eterna primavera de La Vega, ha venido celebrando su  fundaci\u00f3n con diversas actividades en las que el presidente Leonel Fern\u00e1ndez  encabeza el comit\u00e9 de honor junto a las autoridades provinciales de la que  S\u00e1nchez forma parte en su calidad de legislador.<br \/>&#13;<br \/>\n  <br \/>&#13;<br \/>\n  Ser\u00e1  una presentaci\u00f3n musical memorable, en la que cada artista echar\u00e1 mano de sus  mejores \u00e9xitos y llevar diversi\u00f3n a granel a una comunidad laboriosa que bien  se merece un espect\u00e1culo como el que ha reservado con gran entusiasmo el  senador S\u00e1nchez para los mun\u00edcipes de la zona.<br \/>&#13;<br \/>\n  <br \/>&#13;<br \/>\n  Se  trata de tres exponentes de nuestra m\u00fasica popular que en sus respectivos g\u00e9neros  se han granjeado la admiraci\u00f3n y encendidas ovaciones de sus admiradores.<br \/>&#13;<br \/>\n  <br \/>&#13;<br \/>\n  Ello,  combinado con los efectos luminot\u00e9cnicos y la pirotecnia, se ofrecer\u00e1 un show  impresionante tanto en lo musical como en el aspecto visual, seg\u00fan lo que tiene  concebido Luis Medrano Management, empresa que est\u00e1 a cargo de la producci\u00f3n art\u00edstica. <\/p>\n<p>&#13;<\/p>\n<h6> 2008-09-16 23:31:09 <\/h6>\n<p><!--\n<link rel=\"stylesheet\" href=\"css\/bootstrap.min.css\">\n\n\n<ul class=\"pagination\">\n\t    \n\t\n\n<li >\n\t<a href='?page_no=21022'>Previous<\/a>\n\t<\/li>\n\n\n       \n    \n\n<li><a href='?page_no=1'>1<\/a><\/li>\n\n\n\n<li><a href='?page_no=2'>2<\/a><\/li>\n\n\n\n<li><a>...<\/a><\/li>\n\n\n\n<li><a href='?page_no=21021'>21021<\/a><\/li>\n\n\n\n<li><a href='?page_no=21022'>21022<\/a><\/li>\n\n\n\n<li class='active'><a>21023<\/a><\/li>\n\n\n\n<li><a href='?page_no=21024'>21024<\/a><\/li>\n\n\n\n<li><a href='?page_no=21025'>21025<\/a><\/li>\n\n\n\n<li><a>...<\/a><\/li>\n\n\n\n<li><a href='?page_no=22522'>22522<\/a><\/li>\n\n\n\n<li><a href='?page_no=22523'>22523<\/a><\/li>\n\n    \n\t\n\n<li >\n\t<a href='?page_no=21024'>Next<\/a>\n\t<\/li>\n\n\n    \n\n<li><a href='?page_no=22523'>Last &rsaquo;&rsaquo;<\/a><\/li>\n\n<\/ul>\n\n\n--><br \/>\n<\/body><\/p>\n","protected":false},"excerpt":{"rendered":"<p>Para su inmediata difusi\u00f3n &#13; Kiko, Fausto Rey y Anthony R\u00edos en 150 a\u00f1os de Jarabacoa &#13; El concierto es auspiciado por el senador por la provincia de La Vega, Euclides S\u00e1nchez y el Plan Social de la Presidencia de la Rep\u00fablica. &#13; Rep Dom.- Jarabacoa celebrar\u00e1 en grande sus 150 a\u00f1os de fundaci\u00f3n. Y [&hellip;]<\/p>\n","protected":false},"author":3,"featured_media":0,"comment_status":"open","ping_status":"open","sticky":false,"template":"","format":"standard","meta":{"footnotes":""},"categories":[25],"tags":[],"class_list":["post-92401","post","type-post","status-publish","format-standard","hentry","category-gente"],"_links":{"self":[{"href":"https:\/\/diariodominicano.com\/index.php?rest_route=\/wp\/v2\/posts\/92401","targetHints":{"allow":["GET"]}}],"collection":[{"href":"https:\/\/diariodominicano.com\/index.php?rest_route=\/wp\/v2\/posts"}],"about":[{"href":"https:\/\/diariodominicano.com\/index.php?rest_route=\/wp\/v2\/types\/post"}],"author":[{"embeddable":true,"href":"https:\/\/diariodominicano.com\/index.php?rest_route=\/wp\/v2\/users\/3"}],"replies":[{"embeddable":true,"href":"https:\/\/diariodominicano.com\/index.php?rest_route=%2Fwp%2Fv2%2Fcomments&post=92401"}],"version-history":[{"count":0,"href":"https:\/\/diariodominicano.com\/index.php?rest_route=\/wp\/v2\/posts\/92401\/revisions"}],"wp:attachment":[{"href":"https:\/\/diariodominicano.com\/index.php?rest_route=%2Fwp%2Fv2%2Fmedia&parent=92401"}],"wp:term":[{"taxonomy":"category","embeddable":true,"href":"https:\/\/diariodominicano.com\/index.php?rest_route=%2Fwp%2Fv2%2Fcategories&post=92401"},{"taxonomy":"post_tag","embeddable":true,"href":"https:\/\/diariodominicano.com\/index.php?rest_route=%2Fwp%2Fv2%2Ftags&post=92401"}],"curies":[{"name":"wp","href":"https:\/\/api.w.org\/{rel}","templated":true}]}}