{"id":92399,"date":"2008-09-17T16:08:12","date_gmt":"2008-09-17T16:08:12","guid":{"rendered":"http:\/\/diariodominicano.ddns.net\/?p=92399"},"modified":"2008-09-17T16:08:12","modified_gmt":"2008-09-17T16:08:12","slug":"xix-semana-aniversario","status":"publish","type":"post","link":"https:\/\/diariodominicano.com\/?p=92399","title":{"rendered":"XIX Semana Aniversario"},"content":{"rendered":"<p><body><\/p>\n<p align=\"center\"><span class=\"titulogrande1\">XIX Semana Aniversario <\/span><br \/>&#13;<br \/>\n  <br \/>&#13;<br \/>\n    <span class=\"text1noticias\">Del 19 al 27 de Septiembre de 2008<\/span><\/p>\n<p>&#13;<\/p>\n<p align=\"justify\" class=\"text1noticias\">Jarabacoa est\u00e1  de fiesta.\u00a0 El pr\u00f3ximo d\u00eda 27 de  Septiembre, el rinconcito sutil y encantador cumple siglo y medio de vida  municipal. En este per\u00edodo, Jarabacoa\u00a0 se  ha erigido entre los pueblos de mayor esplendor social, econ\u00f3mico, pol\u00edtico y  cultural de la   Rep\u00fablica Dominicana. <\/p>\n<p>&#13;<\/p>\n<p align=\"justify\" class=\"text1noticias\">Son CIENTO  CINCUENTA a\u00f1os de constante engrandecimiento espiritual y material para honra  de sus antepasados y regocijo de las actuales y futuras generaciones.<\/p>\n<p>&#13;<\/p>\n<p align=\"justify\" class=\"text1noticias\">Al pasar balance  a este cap\u00edtulo de su historia, los hombres y mujeres de Jarabacoa se sienten  orgullosos de los aportes y conquistas que, en el campo de la Soberan\u00eda Nacional  y de las libertades p\u00fablicas, han realizado a la Patria. Como muestra,  basta citar a los h\u00e9roes restauradores Generales Norberto Tiburcio y Jos\u00e9 Dur\u00e1n  del siglo 19 y a Leopoldo Jim\u00e9nez Nouel y Mario Nelson Gal\u00e1n h\u00e9roes de las  gestas de liberaci\u00f3n en el siglo 20.<\/p>\n<p>&#13;<\/p>\n<p align=\"justify\" class=\"text1noticias\">Para conmemorar  este magno evento se ha elaborado un apretado programa que mantendr\u00e1 en  movimiento constante a todos sus habitantes desde el 19 hasta el 27 de los  corrientes.<\/p>\n<p>&#13;<\/p>\n<p align=\"justify\" class=\"text1noticias\">Las actividades  inician con un grandioso desfile estudiantil al que se unir\u00e1n todas las fuerzas  sociales del quehacer jarabacoense y la apertura de dos interesantes exhibiciones,  la Pict\u00f3rica   Municipal: Estampas de Mi Pueblo y la de Fotograf\u00edas  Antiguas: MEMORIA FOTOGR\u00c1FICA DE JULIO PI\u00d1A\u00bb.<\/p>\n<p>&#13;<\/p>\n<p align=\"justify\" class=\"text1noticias\">Ese mismo d\u00eda 19  se presentar\u00e1 el Libro JARABACOA: ORIGEN Y DESARROLLO HIST\u00d3RICO del Lic. Rafael  Vinicio Herrera. Esta obra ser\u00e1 introducida por el historiador Juan Daniel  Balc\u00e1cer, Presidente de la   Comisi\u00f3n Nacional de Efem\u00e9rides Patria entidad que auspicia  esta primera edici\u00f3n.<\/p>\n<p>&#13;<\/p>\n<p align=\"justify\" class=\"text1noticias\">El fin de semana  del 19 al 21 de los corrientes estar\u00e1 dedicado a los jarabacoenses residentes  en el exterior y el evento central ser\u00e1 el reconocimiento a sus m\u00e1s destacadas  personalidades en la noche del s\u00e1bado 20. Una amplia delegaci\u00f3n de la di\u00e1spora  jarabacoense se trasladar\u00e1 desde Venezuela, Miami, Nueva York y Puerto Rico a  compartir esta gran fiesta con sus coterr\u00e1neos que a\u00fan disfrutan de la vida en  la monta\u00f1a y a recibir los bien merecidos honores que les ser\u00e1n otorgados.<\/p>\n<p>&#13;<\/p>\n<p align=\"justify\" class=\"text1noticias\">Durante todo el  per\u00edodo se presentar\u00e1n conjuntamente una Muestra de Cultura Popular y\u00a0 una Feria Artesanal. La Muestra de Cultura Popular  incluir\u00e1 la instalaci\u00f3n de un ALTAR DE VELAS, una alegor\u00eda del BAQUINI y el d\u00eda  24 habr\u00e1 una romer\u00eda religiosa en Honor a Nuestra Se\u00f1ora de las Mercedes en  donde grupos cat\u00f3licos partir\u00e1n desde sus respectivas comunidades, en horas de  la madrugada, entonando cantos de Salve a la Virgen Protectora  del pueblo dominicano hasta sus respectivas iglesias. Ese mismo d\u00eda se  efectuar\u00e1 la Gran   Cabalgata 150 Aniversario de Jarabacoa con participantes de  toda la Geograf\u00eda   Nacional y esta incluir\u00e1 un Matrimonio a Caballo a la usanza  antigua.<\/p>\n<p>&#13;<\/p>\n<p align=\"justify\" class=\"text1noticias\">El Centro Le\u00f3n  se unir\u00e1, el d\u00eda 23, con la presentaci\u00f3n de la VIDEO CONFERENCIA  Una Verdad inconveniente: El Cambio Clim\u00e1tico, para los estudiantes del  municipio y adem\u00e1s llevar\u00e1, el viernes 19 a la EXPO SANTIAGO 2008,  la m\u00e1s elevada muestra cultural de Jarabacoa: el grupo folkl\u00f3rico ANACAONA, que  se distingue por mantener vivas danzas dominicanas en proceso de extinci\u00f3n como  son la yuca, la polca, la mazurca, el balsi\u00e9 y el carabin\u00e9.<\/p>\n<p>&#13;<\/p>\n<p align=\"justify\" class=\"text1noticias\">Un amplio  despliegue de actividades art\u00edsticas ser\u00e1 presentado en la Tarima 150 ANIVERSARIO y  por ella desfilar\u00e1n Pochi Familia y su Coco Band, Sergio Vargas, Fernandito  Villalona, Quico el Presidente, Fausto Rey, Anthony R\u00edos, los Hermanos Rosario,  Carlos Alfredo Fatule, Mar\u00eda, Ariel Quelix y la Orquesta Luper\u00f3n,  Krispy y Rub\u00e9n Banda, Jose\u00edto Mateo, Camboy Est\u00e9vez, Ram\u00f3n Leonardo y To\u00f1o  Rosario.<\/p>\n<p>&#13;<\/p>\n<p align=\"justify\" class=\"text1noticias\">El d\u00eda culminante  ser\u00e1 el s\u00e1bado 27 que iniciar\u00e1 desde las seis de la ma\u00f1ana con una ALBORADA  MUSICAL en homenaje a todos los mun\u00edcipes jarabacoenses. Una Misa Tedeum ser\u00e1  celebrada en la   Iglesia Nuestra Se\u00f1ora del Carmen en reconocimiento p\u00f3stumo a  personalidades destacadas por sus aportes al desarrollo del Municipio.\u00a0\u00a0 <\/p>\n<p>&#13;<\/p>\n<p align=\"justify\" class=\"text1noticias\">Ese mismo d\u00eda  ser\u00e1 el GRAN DESFILE 150 Aniversario de Jarabacoa con la participaci\u00f3n de las  Secretar\u00edas de las Fuerzas Armadas y de la Fuerza A\u00e9rea, \u00a0la Secretar\u00eda de Turismo, la Secretar\u00eda de Educaci\u00f3n  y las Bandas Municipales de ocho ayuntamientos.<\/p>\n<p>&#13;<\/p>\n<p align=\"justify\" class=\"text1noticias\">La clausura de la XIX Semana Aniversario  concluir\u00e1 con las ceremonias de Graduaci\u00f3n de la Universidad Fernando  Arturo de Meri\u00f1o (UAFAM) y de entrega de los Premios Municipales de Literatura.<\/p>\n<p>&#13;<\/p>\n<h6> 2008-09-17 16:08:12 <\/h6>\n<p><!--\n<link rel=\"stylesheet\" href=\"css\/bootstrap.min.css\">\n\n\n<ul class=\"pagination\">\n\t    \n\t\n\n<li >\n\t<a href='?page_no=21020'>Previous<\/a>\n\t<\/li>\n\n\n       \n    \n\n<li><a href='?page_no=1'>1<\/a><\/li>\n\n\n\n<li><a href='?page_no=2'>2<\/a><\/li>\n\n\n\n<li><a>...<\/a><\/li>\n\n\n\n<li><a href='?page_no=21019'>21019<\/a><\/li>\n\n\n\n<li><a href='?page_no=21020'>21020<\/a><\/li>\n\n\n\n<li class='active'><a>21021<\/a><\/li>\n\n\n\n<li><a href='?page_no=21022'>21022<\/a><\/li>\n\n\n\n<li><a href='?page_no=21023'>21023<\/a><\/li>\n\n\n\n<li><a>...<\/a><\/li>\n\n\n\n<li><a href='?page_no=22522'>22522<\/a><\/li>\n\n\n\n<li><a href='?page_no=22523'>22523<\/a><\/li>\n\n    \n\t\n\n<li >\n\t<a href='?page_no=21022'>Next<\/a>\n\t<\/li>\n\n\n    \n\n<li><a href='?page_no=22523'>Last &rsaquo;&rsaquo;<\/a><\/li>\n\n<\/ul>\n\n\n--><br \/>\n<\/body><\/p>\n","protected":false},"excerpt":{"rendered":"<p>XIX Semana Aniversario &#13; &#13; Del 19 al 27 de Septiembre de 2008 &#13; Jarabacoa est\u00e1 de fiesta.\u00a0 El pr\u00f3ximo d\u00eda 27 de Septiembre, el rinconcito sutil y encantador cumple siglo y medio de vida municipal. En este per\u00edodo, Jarabacoa\u00a0 se ha erigido entre los pueblos de mayor esplendor social, econ\u00f3mico, pol\u00edtico y cultural de [&hellip;]<\/p>\n","protected":false},"author":3,"featured_media":0,"comment_status":"open","ping_status":"open","sticky":false,"template":"","format":"standard","meta":{"footnotes":""},"categories":[25],"tags":[],"class_list":["post-92399","post","type-post","status-publish","format-standard","hentry","category-gente"],"_links":{"self":[{"href":"https:\/\/diariodominicano.com\/index.php?rest_route=\/wp\/v2\/posts\/92399","targetHints":{"allow":["GET"]}}],"collection":[{"href":"https:\/\/diariodominicano.com\/index.php?rest_route=\/wp\/v2\/posts"}],"about":[{"href":"https:\/\/diariodominicano.com\/index.php?rest_route=\/wp\/v2\/types\/post"}],"author":[{"embeddable":true,"href":"https:\/\/diariodominicano.com\/index.php?rest_route=\/wp\/v2\/users\/3"}],"replies":[{"embeddable":true,"href":"https:\/\/diariodominicano.com\/index.php?rest_route=%2Fwp%2Fv2%2Fcomments&post=92399"}],"version-history":[{"count":0,"href":"https:\/\/diariodominicano.com\/index.php?rest_route=\/wp\/v2\/posts\/92399\/revisions"}],"wp:attachment":[{"href":"https:\/\/diariodominicano.com\/index.php?rest_route=%2Fwp%2Fv2%2Fmedia&parent=92399"}],"wp:term":[{"taxonomy":"category","embeddable":true,"href":"https:\/\/diariodominicano.com\/index.php?rest_route=%2Fwp%2Fv2%2Fcategories&post=92399"},{"taxonomy":"post_tag","embeddable":true,"href":"https:\/\/diariodominicano.com\/index.php?rest_route=%2Fwp%2Fv2%2Ftags&post=92399"}],"curies":[{"name":"wp","href":"https:\/\/api.w.org\/{rel}","templated":true}]}}