{"id":92397,"date":"2008-09-17T18:18:20","date_gmt":"2008-09-17T18:18:20","guid":{"rendered":"http:\/\/diariodominicano.ddns.net\/?p=92397"},"modified":"2008-09-17T18:18:20","modified_gmt":"2008-09-17T18:18:20","slug":"circo-un-disco-en-edicion-de-lujo-con-nuevos-temas","status":"publish","type":"post","link":"https:\/\/diariodominicano.com\/?p=92397","title":{"rendered":"Circo un disco en edici\u00f3n de lujo con nuevos temas"},"content":{"rendered":"<p><body><\/p>\n<p class=\"titulogrande1\">Circo un disco en  edici\u00f3n de lujo con nuevos temas<\/p>\n<p>&#13;<\/p>\n<p align=\"justify\" class=\"text1noticias\"><strong><img loading=\"lazy\" decoding=\"async\" src=\"http:\/\/localhost:8080\/gente\/img\/circo disco.jpg\" width=\"375\" height=\"399\" hspace=\"4\" align=\"left\" \/>Miami, FL.- Circo<\/strong> ha ido  en contra de la corriente con su reciente disco \u201cCursi\u201d uniendo sonidos del <em>new wave<\/em> y el <em>post punk,<\/em> al pop electr\u00f3nico que los caracteriza. Este mes, la  banda puertorrique\u00f1a da un paso m\u00e1s y presenta una edici\u00f3n de lujo del disco en  versi\u00f3n digital.<br \/>&#13;<br \/>\n  <br \/>&#13;<br \/>\n  Dos nuevas  canciones, tituladas \u201cSoledad\u201d y \u201cPu\u00f1ales y Flores\u201d y\u00a0 tres remixes originales realizados por <strong>Marcelo Cunning<\/strong>, <strong>Nacotheque<\/strong> y <strong>The Kamikazys,<\/strong> han sido incorporados al repertorio original del disco.<br \/>&#13;<br \/>\n  <br \/>&#13;<br \/>\n  El p\u00fablico sigue  dando un s\u00ed definitivo al grupo no s\u00f3lo con su tercer \u00e1lbum, sino tambi\u00e9n  durante sus recientes presentaciones en vivo abriendo los conciertos de <strong>Julieta Venegas,<\/strong> el pasado 11 de  septiembre en el Nokia Theatre de Nueva York, y el 13 en el Aragon Ballroom de  Chicago.\u00a0\u00a0\u00a0 <br \/>&#13;<br \/>\n  <br \/>&#13;<br \/>\n  Y a\u00fan hay m\u00e1s  novedades para este \u00e1lbum. La semana pasada se dio a conocer que el disco  original consigui\u00f3 dos nominaciones para los Premios Grammy\u00ae Latinos, uno en la  categor\u00eda \u201cMejor \u00e1lbum alternativo\u201d y otro por el sencillo \u201cAlguien\u201d como  \u201cMejor canci\u00f3n alternativa\u201d.<br \/>&#13;<br \/>\n  <br \/>&#13;<br \/>\n  Con relatos y  sonidos que tejen historias donde se vive la vida al m\u00e1ximo, Circo sigue  sorprendiendo.<br \/>&#13;<br \/>\n  <br \/>&#13;<br \/>\nLa nueva versi\u00f3n  digital de \u201cCursi, (Deluxe Edition)\u201d con las cinco nuevas grabaciones lleg\u00f3  desde el 16 de septiembre. Este es otro lanzamiento de Sony BMG Latin.<\/p>\n<p>&#13;<\/p>\n<h6> 2008-09-17 18:18:20 <\/h6>\n<p><!--\n<link rel=\"stylesheet\" href=\"css\/bootstrap.min.css\">\n\n\n<ul class=\"pagination\">\n\t    \n\t\n\n<li >\n\t<a href='?page_no=21018'>Previous<\/a>\n\t<\/li>\n\n\n       \n    \n\n<li><a href='?page_no=1'>1<\/a><\/li>\n\n\n\n<li><a href='?page_no=2'>2<\/a><\/li>\n\n\n\n<li><a>...<\/a><\/li>\n\n\n\n<li><a href='?page_no=21017'>21017<\/a><\/li>\n\n\n\n<li><a href='?page_no=21018'>21018<\/a><\/li>\n\n\n\n<li class='active'><a>21019<\/a><\/li>\n\n\n\n<li><a href='?page_no=21020'>21020<\/a><\/li>\n\n\n\n<li><a href='?page_no=21021'>21021<\/a><\/li>\n\n\n\n<li><a>...<\/a><\/li>\n\n\n\n<li><a href='?page_no=22522'>22522<\/a><\/li>\n\n\n\n<li><a href='?page_no=22523'>22523<\/a><\/li>\n\n    \n\t\n\n<li >\n\t<a href='?page_no=21020'>Next<\/a>\n\t<\/li>\n\n\n    \n\n<li><a href='?page_no=22523'>Last &rsaquo;&rsaquo;<\/a><\/li>\n\n<\/ul>\n\n\n--><br \/>\n<\/body><\/p>\n","protected":false},"excerpt":{"rendered":"<p>Circo un disco en edici\u00f3n de lujo con nuevos temas &#13; Miami, FL.- Circo ha ido en contra de la corriente con su reciente disco \u201cCursi\u201d uniendo sonidos del new wave y el post punk, al pop electr\u00f3nico que los caracteriza. Este mes, la banda puertorrique\u00f1a da un paso m\u00e1s y presenta una edici\u00f3n de [&hellip;]<\/p>\n","protected":false},"author":3,"featured_media":0,"comment_status":"open","ping_status":"open","sticky":false,"template":"","format":"standard","meta":{"footnotes":""},"categories":[25],"tags":[],"class_list":["post-92397","post","type-post","status-publish","format-standard","hentry","category-gente"],"_links":{"self":[{"href":"https:\/\/diariodominicano.com\/index.php?rest_route=\/wp\/v2\/posts\/92397","targetHints":{"allow":["GET"]}}],"collection":[{"href":"https:\/\/diariodominicano.com\/index.php?rest_route=\/wp\/v2\/posts"}],"about":[{"href":"https:\/\/diariodominicano.com\/index.php?rest_route=\/wp\/v2\/types\/post"}],"author":[{"embeddable":true,"href":"https:\/\/diariodominicano.com\/index.php?rest_route=\/wp\/v2\/users\/3"}],"replies":[{"embeddable":true,"href":"https:\/\/diariodominicano.com\/index.php?rest_route=%2Fwp%2Fv2%2Fcomments&post=92397"}],"version-history":[{"count":0,"href":"https:\/\/diariodominicano.com\/index.php?rest_route=\/wp\/v2\/posts\/92397\/revisions"}],"wp:attachment":[{"href":"https:\/\/diariodominicano.com\/index.php?rest_route=%2Fwp%2Fv2%2Fmedia&parent=92397"}],"wp:term":[{"taxonomy":"category","embeddable":true,"href":"https:\/\/diariodominicano.com\/index.php?rest_route=%2Fwp%2Fv2%2Fcategories&post=92397"},{"taxonomy":"post_tag","embeddable":true,"href":"https:\/\/diariodominicano.com\/index.php?rest_route=%2Fwp%2Fv2%2Ftags&post=92397"}],"curies":[{"name":"wp","href":"https:\/\/api.w.org\/{rel}","templated":true}]}}