{"id":92396,"date":"2008-09-17T20:28:17","date_gmt":"2008-09-17T20:28:17","guid":{"rendered":"http:\/\/diariodominicano.ddns.net\/?p=92396"},"modified":"2008-09-17T20:28:17","modified_gmt":"2008-09-17T20:28:17","slug":"jackeline-estevez-coronada-madrina-del-desfile-dominicano-en-paterson-new-jersey","status":"publish","type":"post","link":"https:\/\/diariodominicano.com\/?p=92396","title":{"rendered":"Jackeline Est\u00e9vez, coronada madrina del Desfile Dominicano en Paterson New Jersey"},"content":{"rendered":"<p><body><\/p>\n<p align=\"justify\" class=\"titulogrande1\"><strong>Jackeline Est\u00e9vez, coronada madrina del Desfile  Dominicano en Paterson New Jersey<\/strong><\/p>\n<p>&#13;<\/p>\n<p align=\"justify\" class=\"text1noticias\"><strong><img loading=\"lazy\" decoding=\"async\" src=\"http:\/\/localhost:8080\/gente\/img\/jackeline.jpg\" width=\"375\" height=\"500\" hspace=\"4\" align=\"left\" \/>New Jersey<\/strong>.- La cantante dominicana Jackeline Est\u00e9vez\u00a0 fue coronada madrina del d\u00e9cimo noveno  Desfile y Festival Dominicano del Estado Jard\u00edn, realizado en la ciudad de Paterson  (Nueva Jersey) el mismo que, en esta ocasi\u00f3n, estuvo dedicado a la ciudad de  Santiago. <\/p>\n<p>&#13;<\/p>\n<p align=\"justify\" class=\"text1noticias\">M\u00e1s de veinte carrozas desfilaron a lo largo de la  avenida Park en un recorrido de m\u00e1s de dos millas, al que acudieron masivamente  miles de dominicanos para disfrutar de la algarab\u00eda de este magno evento.<\/p>\n<p>&#13;<\/p>\n<p align=\"justify\" class=\"text1noticias\">Est\u00e9vez, al momento de ser coronada, manifest\u00f3  sentirse privilegiada al ser llamada a participar en un evento tan especial  para los dominicanos que residen en este estado.\u00a0 <\/p>\n<p>&#13;<\/p>\n<p align=\"justify\" class=\"text1noticias\"> El evento cont\u00f3 con la asistencia del Gobernador del  Estado Jhon Corzine, y el alcalde de la ciudad de Paterson Jos\u00e9 \u201cJoey\u201d Torres.  De igual modo, desde la   Rep\u00fablica Dominicana viaj\u00f3 una comitiva de diputados los  cuales desfilaron junto a las autoridades de esta ciudad. <\/p>\n<p>&#13;<\/p>\n<h6> 2008-09-17 20:28:17 <\/h6>\n<p><!--\n<link rel=\"stylesheet\" href=\"css\/bootstrap.min.css\">\n\n\n<ul class=\"pagination\">\n\t    \n\t\n\n<li >\n\t<a href='?page_no=21017'>Previous<\/a>\n\t<\/li>\n\n\n       \n    \n\n<li><a href='?page_no=1'>1<\/a><\/li>\n\n\n\n<li><a href='?page_no=2'>2<\/a><\/li>\n\n\n\n<li><a>...<\/a><\/li>\n\n\n\n<li><a href='?page_no=21016'>21016<\/a><\/li>\n\n\n\n<li><a href='?page_no=21017'>21017<\/a><\/li>\n\n\n\n<li class='active'><a>21018<\/a><\/li>\n\n\n\n<li><a href='?page_no=21019'>21019<\/a><\/li>\n\n\n\n<li><a href='?page_no=21020'>21020<\/a><\/li>\n\n\n\n<li><a>...<\/a><\/li>\n\n\n\n<li><a href='?page_no=22522'>22522<\/a><\/li>\n\n\n\n<li><a href='?page_no=22523'>22523<\/a><\/li>\n\n    \n\t\n\n<li >\n\t<a href='?page_no=21019'>Next<\/a>\n\t<\/li>\n\n\n    \n\n<li><a href='?page_no=22523'>Last &rsaquo;&rsaquo;<\/a><\/li>\n\n<\/ul>\n\n\n--><br \/>\n<\/body><\/p>\n","protected":false},"excerpt":{"rendered":"<p>Jackeline Est\u00e9vez, coronada madrina del Desfile Dominicano en Paterson New Jersey &#13; New Jersey.- La cantante dominicana Jackeline Est\u00e9vez\u00a0 fue coronada madrina del d\u00e9cimo noveno Desfile y Festival Dominicano del Estado Jard\u00edn, realizado en la ciudad de Paterson (Nueva Jersey) el mismo que, en esta ocasi\u00f3n, estuvo dedicado a la ciudad de Santiago. &#13; M\u00e1s [&hellip;]<\/p>\n","protected":false},"author":3,"featured_media":0,"comment_status":"open","ping_status":"open","sticky":false,"template":"","format":"standard","meta":{"footnotes":""},"categories":[25],"tags":[],"class_list":["post-92396","post","type-post","status-publish","format-standard","hentry","category-gente"],"_links":{"self":[{"href":"https:\/\/diariodominicano.com\/index.php?rest_route=\/wp\/v2\/posts\/92396","targetHints":{"allow":["GET"]}}],"collection":[{"href":"https:\/\/diariodominicano.com\/index.php?rest_route=\/wp\/v2\/posts"}],"about":[{"href":"https:\/\/diariodominicano.com\/index.php?rest_route=\/wp\/v2\/types\/post"}],"author":[{"embeddable":true,"href":"https:\/\/diariodominicano.com\/index.php?rest_route=\/wp\/v2\/users\/3"}],"replies":[{"embeddable":true,"href":"https:\/\/diariodominicano.com\/index.php?rest_route=%2Fwp%2Fv2%2Fcomments&post=92396"}],"version-history":[{"count":0,"href":"https:\/\/diariodominicano.com\/index.php?rest_route=\/wp\/v2\/posts\/92396\/revisions"}],"wp:attachment":[{"href":"https:\/\/diariodominicano.com\/index.php?rest_route=%2Fwp%2Fv2%2Fmedia&parent=92396"}],"wp:term":[{"taxonomy":"category","embeddable":true,"href":"https:\/\/diariodominicano.com\/index.php?rest_route=%2Fwp%2Fv2%2Fcategories&post=92396"},{"taxonomy":"post_tag","embeddable":true,"href":"https:\/\/diariodominicano.com\/index.php?rest_route=%2Fwp%2Fv2%2Ftags&post=92396"}],"curies":[{"name":"wp","href":"https:\/\/api.w.org\/{rel}","templated":true}]}}