{"id":92395,"date":"2008-09-17T21:55:05","date_gmt":"2008-09-17T21:55:05","guid":{"rendered":"http:\/\/diariodominicano.ddns.net\/?p=92395"},"modified":"2008-09-17T21:55:05","modified_gmt":"2008-09-17T21:55:05","slug":"djs-daniel-stefanik-julsmart-lain-fox-en-un-bonche-elctronico-en-la-guacara-taina","status":"publish","type":"post","link":"https:\/\/diariodominicano.com\/?p=92395","title":{"rendered":"DJS DANIEL STEFANIK, JULSMART, LAIN, FOX EN UN BONCHE ELCTR\u00d3NICO EN LA GU\u00c1CARA TA\u00cdNA"},"content":{"rendered":"<p><body><\/p>\n<p align=\"justify\" class=\"text1noticias\"><strong>DJS DANIEL STEFANIK, JULSMART, LAIN, FOX  EN UN BONCHE ELCTR\u00d3NICO EN LA   GU\u00c1CARA TA\u00cdNA<\/strong><\/p>\n<p>&#13;<\/p>\n<p align=\"justify\" class=\"text1noticias\"><img loading=\"lazy\" decoding=\"async\" src=\"http:\/\/localhost:8080\/gente\/img\/guacara music.jpg\" width=\"375\" height=\"481\" hspace=\"4\" align=\"left\" \/>Cuando el reloj marque las 9:00 de la noche del viernes 19, en la Guacara Taina, los  amantes de los Beats Electr\u00f3nicos disfrutar\u00e1n de un plato fuerte encabezado por  el DJ Daniel Stefanik, directamente de la escena Berlinesa y luego de haber  pasado por los principales eventos del verano de Europa y otras partes del  mundo, junto a \u00e9l; JULSMART de Luxemburgo con su fina y exquisita mezcla de\u00a0 sonidos, m\u00fasica oriental, Lat\u00edn y afro.<\/p>\n<p>&#13;<\/p>\n<p align=\"justify\" class=\"text1noticias\">En la misma jornada se presentar\u00e1n los \u201cpincha discos\u201d, locales DJ  Lain y el nuevo talento de los platos, Dj FOX, en un bonche donde la adrenalina  se apoderar\u00e1 de los presentes, quienes tendr\u00e1n la responsabilidad de cerrar el  evento.<\/p>\n<p>&#13;<\/p>\n<p align=\"justify\" class=\"text1noticias\">Esa noche predominaran los sonidos cercanos al house, donde Daniel  es un verdadero virtuoso, siendo de las \u00faltimas generaciones de creadores de  m\u00fasica house procedentes del centro de Europa. <\/p>\n<p>&#13;<\/p>\n<p align=\"justify\" class=\"text1noticias\"> Las rocas centenarias de La Guacara Ta\u00edna retumbar\u00e1n con sonidos  en los que predominar\u00e1n los ritmos cercanos al house, en los cuales donde  Daniel es un verdadero virtuoso. <\/p>\n<p>&#13;<\/p>\n<p align=\"justify\" class=\"text1noticias\"> La m\u00fasica, elegante y \u201cchulona\u201d es la que se espera el viernes  donde se crear\u00e1 un verdadero \u201cparty underground\u201d. Esta actividad es organizada por  Eletrocity.<\/p>\n<p>&#13;<\/p>\n<p align=\"justify\" class=\"text1noticias\">La boletas ya est\u00e1n a la ventas teniendo un precio de preventas de  RD$500.00, y en la puerta de RD$600.00, adem\u00e1s habr\u00e1 una \u00e1rea VIP con un valor  de RD$1,000.00 por persona. <\/p>\n<p>&#13;<\/p>\n<p align=\"justify\" class=\"text1noticias\">DANIEL STEFANIK, de nacionalidad Alemana visita por primera vez la Rep\u00fablica Dominicana  para presentarse en esta magno evento junto a JULSMART de Luxemburgo con su  fina y exquisita m\u00fasica oriental, Lat\u00edn y afro. <\/p>\n<p>&#13;<\/p>\n<p align=\"justify\" class=\"text1noticias\">\u00bfQUE ES ELECTRO CITY?<br \/>&#13;<br \/>\n  Electro City es un evento que se concentra 100% en la m\u00fasica  electr\u00f3nica bailable, pero&#8230;que es Electro-City? Ser\u00e1 un club? Ser\u00e1 un evento  para personas que no tienen ning\u00fan otro oficio que no sea maltratarse los o\u00eddos  con ritmos altos y pesados.<\/p>\n<p>&#13;<\/p>\n<h6> 2008-09-17 21:55:05 <\/h6>\n<p><!--\n<link rel=\"stylesheet\" href=\"css\/bootstrap.min.css\">\n\n\n<ul class=\"pagination\">\n\t    \n\t\n\n<li >\n\t<a href='?page_no=21016'>Previous<\/a>\n\t<\/li>\n\n\n       \n    \n\n<li><a href='?page_no=1'>1<\/a><\/li>\n\n\n\n<li><a href='?page_no=2'>2<\/a><\/li>\n\n\n\n<li><a>...<\/a><\/li>\n\n\n\n<li><a href='?page_no=21015'>21015<\/a><\/li>\n\n\n\n<li><a href='?page_no=21016'>21016<\/a><\/li>\n\n\n\n<li class='active'><a>21017<\/a><\/li>\n\n\n\n<li><a href='?page_no=21018'>21018<\/a><\/li>\n\n\n\n<li><a href='?page_no=21019'>21019<\/a><\/li>\n\n\n\n<li><a>...<\/a><\/li>\n\n\n\n<li><a href='?page_no=22522'>22522<\/a><\/li>\n\n\n\n<li><a href='?page_no=22523'>22523<\/a><\/li>\n\n    \n\t\n\n<li >\n\t<a href='?page_no=21018'>Next<\/a>\n\t<\/li>\n\n\n    \n\n<li><a href='?page_no=22523'>Last &rsaquo;&rsaquo;<\/a><\/li>\n\n<\/ul>\n\n\n--><br \/>\n<\/body><\/p>\n","protected":false},"excerpt":{"rendered":"<p>DJS DANIEL STEFANIK, JULSMART, LAIN, FOX EN UN BONCHE ELCTR\u00d3NICO EN LA GU\u00c1CARA TA\u00cdNA &#13; Cuando el reloj marque las 9:00 de la noche del viernes 19, en la Guacara Taina, los amantes de los Beats Electr\u00f3nicos disfrutar\u00e1n de un plato fuerte encabezado por el DJ Daniel Stefanik, directamente de la escena Berlinesa y luego [&hellip;]<\/p>\n","protected":false},"author":3,"featured_media":0,"comment_status":"open","ping_status":"open","sticky":false,"template":"","format":"standard","meta":{"footnotes":""},"categories":[25],"tags":[],"class_list":["post-92395","post","type-post","status-publish","format-standard","hentry","category-gente"],"_links":{"self":[{"href":"https:\/\/diariodominicano.com\/index.php?rest_route=\/wp\/v2\/posts\/92395","targetHints":{"allow":["GET"]}}],"collection":[{"href":"https:\/\/diariodominicano.com\/index.php?rest_route=\/wp\/v2\/posts"}],"about":[{"href":"https:\/\/diariodominicano.com\/index.php?rest_route=\/wp\/v2\/types\/post"}],"author":[{"embeddable":true,"href":"https:\/\/diariodominicano.com\/index.php?rest_route=\/wp\/v2\/users\/3"}],"replies":[{"embeddable":true,"href":"https:\/\/diariodominicano.com\/index.php?rest_route=%2Fwp%2Fv2%2Fcomments&post=92395"}],"version-history":[{"count":0,"href":"https:\/\/diariodominicano.com\/index.php?rest_route=\/wp\/v2\/posts\/92395\/revisions"}],"wp:attachment":[{"href":"https:\/\/diariodominicano.com\/index.php?rest_route=%2Fwp%2Fv2%2Fmedia&parent=92395"}],"wp:term":[{"taxonomy":"category","embeddable":true,"href":"https:\/\/diariodominicano.com\/index.php?rest_route=%2Fwp%2Fv2%2Fcategories&post=92395"},{"taxonomy":"post_tag","embeddable":true,"href":"https:\/\/diariodominicano.com\/index.php?rest_route=%2Fwp%2Fv2%2Ftags&post=92395"}],"curies":[{"name":"wp","href":"https:\/\/api.w.org\/{rel}","templated":true}]}}