{"id":92394,"date":"2008-09-17T22:10:36","date_gmt":"2008-09-17T22:10:36","guid":{"rendered":"http:\/\/diariodominicano.ddns.net\/?p=92394"},"modified":"2008-09-17T22:10:36","modified_gmt":"2008-09-17T22:10:36","slug":"buscan-con-feria-crear-consciencia-sobre-medio-ambiente","status":"publish","type":"post","link":"https:\/\/diariodominicano.com\/?p=92394","title":{"rendered":"Buscan con Feria crear consciencia sobre medio ambiente"},"content":{"rendered":"<p><body><\/p>\n<p class=\"titulogrande1\"><strong>Buscan con Feria crear consciencia sobre medio ambiente<\/strong><\/p>\n<p>&#13;<\/p>\n<p align=\"justify\" class=\"text1noticias\"><img loading=\"lazy\" decoding=\"async\" src=\"http:\/\/localhost:8080\/gente\/img\/crea undi.jpg\" width=\"375\" height=\"2185\" hspace=\"4\" align=\"left\" \/>Con el objetivo de crear conciencia y  llamar la atenci\u00f3n sobre la apremiante necesidad de establecer un modelo de  desarrollo compatible y amigable con los recursos naturales, ser\u00e1 celebrado en  La Vega la feria \u201cExpo Medio Ambiente y Desarrollo Sostenible\u201d.<\/p>\n<p>&#13;<\/p>\n<p align=\"justify\" class=\"text1noticias\">La actividad \u00a0tendr\u00e1 efecto del 27 al 30  de noviembre, en Casa club Cooperativa Vega Real, ubicada en Bayacanes,  carretera Jarabacoa, kil\u00f3metro 4 organizada por la Cooperativa Vega Real, la  Fundaci\u00f3n Naturaleza, Salud y Vida, y la empresa Pe\u00f1a Valdez &amp; Asociados.<\/p>\n<p>&#13;<\/p>\n<p align=\"justify\" class=\"text1noticias\">El evento estar\u00e1 dedicado, como  homenaje p\u00f3stumo, al fenecido empresario Arturo Grull\u00f3n Espaillat, por su  invaluable contribuci\u00f3n al cuidado de los recursos naturales, al desarrollo de las  comunidades y al mejoramiento de la calidad de vida.<\/p>\n<p>&#13;<\/p>\n<p align=\"justify\" class=\"text1noticias\"> En esta exposici\u00f3n participar\u00e1n  empresas comprometidas con la preservaci\u00f3n de los recursos naturales, cadenas  hoteleras, instituciones p\u00fablicas, organizaciones no gubernamentales e  instituciones vinculadas al medioambiente.<\/p>\n<p>&#13;<\/p>\n<p align=\"justify\" class=\"text1noticias\">Los organizadores de esta feria  abogaron para que el medio ambiente se mantenga limpio, as\u00ed como todo lo que le  rodea, como el pa\u00eds, ciudad, comunidad, colegio, escuela, hogar, entre otros.<\/p>\n<p>&#13;<\/p>\n<p align=\"justify\" class=\"text1noticias\">Indicaron que esta feria busca elevar el  conocimiento de las personas y despertar la comprensi\u00f3n y el discernimiento  para que mediante una reflexi\u00f3n responsable la poblaci\u00f3n se pueda adherir al  reclamo de la humanidad por la preservaci\u00f3n de la vida.<\/p>\n<p>&#13;<\/p>\n<p align=\"justify\" class=\"text1noticias\">Estimaron que la educaci\u00f3n  medioambiental juega un papel determinante y permanente en la protecci\u00f3n de los  recursos naturales y que si los individuos y las comunidades adquieren  conciencia de su entorno y aprenden a valorarlo cuando tienen conocimiento  act\u00faan colectivamente en la soluci\u00f3n de los problemas de esta naturaleza.<\/p>\n<p>&#13;<\/p>\n<p align=\"justify\" class=\"text1noticias\">Expresaron que en la conferencia de la  Organizaci\u00f3n de las Naciones Unidas (ONU) sobre temas ambientales calificaron  de gran importancia evitar la desertificaci\u00f3n y la p\u00e9rdida de tierra y de masa  boscosa, as\u00ed como incentivar y garantizar el desarrollo sostenible.<\/p>\n<p>&#13;<\/p>\n<p align=\"justify\" class=\"text1noticias\">Asimismo, mitigar el cambio clim\u00e1tico y  el calentamiento de la atm\u00f3sfera, preservar la producci\u00f3n de agua, energ\u00eda y  recursos naturales, protecci\u00f3n de la capa de ozono y planificar el desarrollo  sostenible.<\/p>\n<p>&#13;<\/p>\n<h6> 2008-09-17 22:10:36 <\/h6>\n<p><!--\n<link rel=\"stylesheet\" href=\"css\/bootstrap.min.css\">\n\n\n<ul class=\"pagination\">\n\t    \n\t\n\n<li >\n\t<a href='?page_no=21015'>Previous<\/a>\n\t<\/li>\n\n\n       \n    \n\n<li><a href='?page_no=1'>1<\/a><\/li>\n\n\n\n<li><a href='?page_no=2'>2<\/a><\/li>\n\n\n\n<li><a>...<\/a><\/li>\n\n\n\n<li><a href='?page_no=21014'>21014<\/a><\/li>\n\n\n\n<li><a href='?page_no=21015'>21015<\/a><\/li>\n\n\n\n<li class='active'><a>21016<\/a><\/li>\n\n\n\n<li><a href='?page_no=21017'>21017<\/a><\/li>\n\n\n\n<li><a href='?page_no=21018'>21018<\/a><\/li>\n\n\n\n<li><a>...<\/a><\/li>\n\n\n\n<li><a href='?page_no=22522'>22522<\/a><\/li>\n\n\n\n<li><a href='?page_no=22523'>22523<\/a><\/li>\n\n    \n\t\n\n<li >\n\t<a href='?page_no=21017'>Next<\/a>\n\t<\/li>\n\n\n    \n\n<li><a href='?page_no=22523'>Last &rsaquo;&rsaquo;<\/a><\/li>\n\n<\/ul>\n\n\n--><br \/>\n<\/body><\/p>\n","protected":false},"excerpt":{"rendered":"<p>Buscan con Feria crear consciencia sobre medio ambiente &#13; Con el objetivo de crear conciencia y llamar la atenci\u00f3n sobre la apremiante necesidad de establecer un modelo de desarrollo compatible y amigable con los recursos naturales, ser\u00e1 celebrado en La Vega la feria \u201cExpo Medio Ambiente y Desarrollo Sostenible\u201d. &#13; La actividad \u00a0tendr\u00e1 efecto del [&hellip;]<\/p>\n","protected":false},"author":3,"featured_media":0,"comment_status":"open","ping_status":"open","sticky":false,"template":"","format":"standard","meta":{"footnotes":""},"categories":[25],"tags":[],"class_list":["post-92394","post","type-post","status-publish","format-standard","hentry","category-gente"],"_links":{"self":[{"href":"https:\/\/diariodominicano.com\/index.php?rest_route=\/wp\/v2\/posts\/92394","targetHints":{"allow":["GET"]}}],"collection":[{"href":"https:\/\/diariodominicano.com\/index.php?rest_route=\/wp\/v2\/posts"}],"about":[{"href":"https:\/\/diariodominicano.com\/index.php?rest_route=\/wp\/v2\/types\/post"}],"author":[{"embeddable":true,"href":"https:\/\/diariodominicano.com\/index.php?rest_route=\/wp\/v2\/users\/3"}],"replies":[{"embeddable":true,"href":"https:\/\/diariodominicano.com\/index.php?rest_route=%2Fwp%2Fv2%2Fcomments&post=92394"}],"version-history":[{"count":0,"href":"https:\/\/diariodominicano.com\/index.php?rest_route=\/wp\/v2\/posts\/92394\/revisions"}],"wp:attachment":[{"href":"https:\/\/diariodominicano.com\/index.php?rest_route=%2Fwp%2Fv2%2Fmedia&parent=92394"}],"wp:term":[{"taxonomy":"category","embeddable":true,"href":"https:\/\/diariodominicano.com\/index.php?rest_route=%2Fwp%2Fv2%2Fcategories&post=92394"},{"taxonomy":"post_tag","embeddable":true,"href":"https:\/\/diariodominicano.com\/index.php?rest_route=%2Fwp%2Fv2%2Ftags&post=92394"}],"curies":[{"name":"wp","href":"https:\/\/api.w.org\/{rel}","templated":true}]}}