{"id":92392,"date":"2008-09-17T23:00:55","date_gmt":"2008-09-17T23:00:55","guid":{"rendered":"http:\/\/diariodominicano.ddns.net\/?p=92392"},"modified":"2008-09-17T23:00:55","modified_gmt":"2008-09-17T23:00:55","slug":"el-triunfante-camino-de-kany","status":"publish","type":"post","link":"https:\/\/diariodominicano.com\/?p=92392","title":{"rendered":"El Triunfante Camino de Kany"},"content":{"rendered":"<p><body><\/p>\n<p class=\"titulogrande1\"><strong>El Triunfante Camino de Kany<\/strong><\/p>\n<p>&#13;<\/p>\n<p align=\"justify\" class=\"text1noticias\"><strong><img loading=\"lazy\" decoding=\"async\" src=\"http:\/\/localhost:8080\/gente\/img\/kany estigma.jpg\" width=\"375\" height=\"398\" hspace=\"4\" align=\"left\" \/>Kany Garc\u00eda<\/strong> es la nueva estrella latina que ha generado un enorme  entusiasmo con su llegada. Dio sus primeras muestras de talento en las  audiciones del programa \u201cObjetivo Fama\u201d hasta que en el 2006 firm\u00f3 un contrato  con Sony BMG Latin.<br \/>&#13;<br \/>\n  <br \/>&#13;<br \/>\n  A sus 25 a\u00f1os tiene  sus cartas marcadas con el \u00e9xito. Su contrataci\u00f3n fue producto de una excelente  participaci\u00f3n junto a <strong>Franco de Vita<\/strong> en un concierto realizado en su natal Puerto Rico.<br \/>&#13;<br \/>\n  <br \/>&#13;<br \/>\n  En el  2007\u00a0presenta su primer \u00e1lbum titulado \u201cCualquier D\u00eda\u201d de la mano del  productor <strong>Meno Gil<\/strong>, quien ha  colaborado con artistas como <strong>Man\u00e1, Pedro  Fern\u00e1ndez <\/strong>y<strong> Thal\u00eda<\/strong>.<br \/>&#13;<br \/>\n  <br \/>&#13;<br \/>\n  Su primer sencillo  fue \u201cHoy ya me voy\u201d,\u00a0lleg\u00f3 al primer lugar de las principales listas  musicales. Luego le siguieron con gran \u00e9xito de difusi\u00f3n \u201c\u00bfQu\u00e9 nos pas\u00f3?\u201d, el divertido y aut\u00e9ntico \u201cAmigo en el  ba\u00f1o\u201d, \u201cEsta soledad\u201d y el nuevo \u201cEstigma de amor\u201d. \u00a1Cinco \u00e9xitos continuos en un solo \u00e1lbum!<br \/>&#13;<br \/>\n  <br \/>&#13;<br \/>\n  <br \/>&#13;<br \/>\n  El v\u00eddeo  de \u201cAmigo en el ba\u00f1o\u201d conquist\u00f3\u00a0millones de visitas en Internet y capt\u00f3 la  atenci\u00f3n de las\u00a0cadenas musicales\u00a0de televisi\u00f3n por su originalidad.<br \/>&#13;<br \/>\n  <br \/>&#13;<br \/>\n  Fue invitada a ser  la voz del tema principal de la banda sonora de la serie de HBO \u201cCapadocia\u201d,  canci\u00f3n titulada \u201cBajo el mismo cielo\u201d.<br \/>&#13;<br \/>\n  <br \/>&#13;<br \/>\n  De igual manera sus  interpretaciones fueron parte de la telenovela \u201cLa Traici\u00f3n\u201d, de la cadena  Telemundo.<br \/>&#13;<br \/>\n  <br \/>&#13;<br \/>\n\u201cDecir es una  enfermedad y un remedio. Callar es lo que hace todo el mundo. Cuando alguien  dice y lo hace bien, logra algo parecido al amor por misterioso. Kany dice, lo  dice bien, y adem\u00e1s lo canta\u201d, dijo de ella <strong>Ricardo Arjona<\/strong>.<br \/>&#13;<br \/>\n<br \/>&#13;<br \/>\n\u201cEs una voz que  transmite emociones\u201d, opin\u00f3 su mentor Franco de Vita.<br \/>&#13;<br \/>\n<br \/>&#13;<br \/>\nComo parte de su  gira promocional, realiz\u00f3 presentaciones en Argentina, Chile, Colombia y  Espa\u00f1a, en este \u00faltimo compartiendo escenario nuevamente con Franco de Vita en  un concierto realizado en Madrid, y luego\u00a0junto al tr\u00edo mexicano  Camila\u00a0abri\u00f3 sus presentaciones en ciudades como Nueva York, Fresno y San  Francisco.<br \/>&#13;<br \/>\n<br \/>&#13;<br \/>\n  R.I.A.A<strong>. (Recording  Industry Association of America)le<\/strong> otorg\u00f3 su primer disco de oro por sobrepasar  las 50 mil copias vendidas.<br \/>&#13;<br \/>\n  <br \/>&#13;<br \/>\n  Se present\u00f3 a sala  llena en el Coliseo Jos\u00e9 Miguel Agrelot de San Juan, Puerto Rico el pasado mes  de marzo.<br \/>&#13;<br \/>\n  <br \/>&#13;<br \/>\n  Conquist\u00f3 dos de las  tres nominaciones a los Premios Latin Billboard en las categor\u00edas\u00a0 \u201c\u00c1lbum Pop del A\u00f1o, Nueva Generaci\u00f3n\u201d con  \u201cCualquier D\u00eda\u201d y en \u201cTema Pop Airplay del A\u00f1o, Femenino\u201d con \u201cHoy Ya Me Voy\u201d y  \u201c\u00bfQu\u00e9 Nos Pas\u00f3?\u201d como mejor \u201cTema Pop Airplay del A\u00f1o, Nueva Generaci\u00f3n\u201d.<br \/>&#13;<br \/>\n  <br \/>&#13;<br \/>\n  La  cantautora puertorrique\u00f1a presentar\u00e1 el pr\u00f3ximo martes 21 de octubre \u201cCualquier  d\u00eda, Edici\u00f3n Especial\u201d, un reempaque en formato CD\/DVD que incluye sus mejores  canciones acompa\u00f1adas de siete videos.<br \/>&#13;<br \/>\n  <br \/>&#13;<br \/>\n  Recientemente fue  nominada en las categor\u00edas \u201c\u00c1lbum del A\u00f1o\u201d, \u201cMejor Nuevo Artista\u201d, \u201cCanci\u00f3n del  A\u00f1o\u201d por la canci\u00f3n \u201cHoy ya me voy\u201d y \u201cMejor \u00c1lbum Vocal Pop Femenino\u201d para la  entrega de los pr\u00f3ximos Latin GRAMMY\u00ae. \u00a1Cuatro nominaciones en su debut!<br \/>&#13;<br \/>\n  <br \/>&#13;<br \/>\n  Es la nueva estrella  pop latina que llega desde Puerto Rico, cuna de artistas internacionales.<\/p>\n<p>&#13;<\/p>\n<h6> 2008-09-17 23:00:55 <\/h6>\n<p><!--\n<link rel=\"stylesheet\" href=\"css\/bootstrap.min.css\">\n\n\n<ul class=\"pagination\">\n\t    \n\t\n\n<li >\n\t<a href='?page_no=21013'>Previous<\/a>\n\t<\/li>\n\n\n       \n    \n\n<li><a href='?page_no=1'>1<\/a><\/li>\n\n\n\n<li><a href='?page_no=2'>2<\/a><\/li>\n\n\n\n<li><a>...<\/a><\/li>\n\n\n\n<li><a href='?page_no=21012'>21012<\/a><\/li>\n\n\n\n<li><a href='?page_no=21013'>21013<\/a><\/li>\n\n\n\n<li class='active'><a>21014<\/a><\/li>\n\n\n\n<li><a href='?page_no=21015'>21015<\/a><\/li>\n\n\n\n<li><a href='?page_no=21016'>21016<\/a><\/li>\n\n\n\n<li><a>...<\/a><\/li>\n\n\n\n<li><a href='?page_no=22522'>22522<\/a><\/li>\n\n\n\n<li><a href='?page_no=22523'>22523<\/a><\/li>\n\n    \n\t\n\n<li >\n\t<a href='?page_no=21015'>Next<\/a>\n\t<\/li>\n\n\n    \n\n<li><a href='?page_no=22523'>Last &rsaquo;&rsaquo;<\/a><\/li>\n\n<\/ul>\n\n\n--><br \/>\n<\/body><\/p>\n","protected":false},"excerpt":{"rendered":"<p>El Triunfante Camino de Kany &#13; Kany Garc\u00eda es la nueva estrella latina que ha generado un enorme entusiasmo con su llegada. Dio sus primeras muestras de talento en las audiciones del programa \u201cObjetivo Fama\u201d hasta que en el 2006 firm\u00f3 un contrato con Sony BMG Latin.&#13; &#13; A sus 25 a\u00f1os tiene sus cartas [&hellip;]<\/p>\n","protected":false},"author":3,"featured_media":0,"comment_status":"open","ping_status":"open","sticky":false,"template":"","format":"standard","meta":{"footnotes":""},"categories":[25],"tags":[],"class_list":["post-92392","post","type-post","status-publish","format-standard","hentry","category-gente"],"_links":{"self":[{"href":"https:\/\/diariodominicano.com\/index.php?rest_route=\/wp\/v2\/posts\/92392","targetHints":{"allow":["GET"]}}],"collection":[{"href":"https:\/\/diariodominicano.com\/index.php?rest_route=\/wp\/v2\/posts"}],"about":[{"href":"https:\/\/diariodominicano.com\/index.php?rest_route=\/wp\/v2\/types\/post"}],"author":[{"embeddable":true,"href":"https:\/\/diariodominicano.com\/index.php?rest_route=\/wp\/v2\/users\/3"}],"replies":[{"embeddable":true,"href":"https:\/\/diariodominicano.com\/index.php?rest_route=%2Fwp%2Fv2%2Fcomments&post=92392"}],"version-history":[{"count":0,"href":"https:\/\/diariodominicano.com\/index.php?rest_route=\/wp\/v2\/posts\/92392\/revisions"}],"wp:attachment":[{"href":"https:\/\/diariodominicano.com\/index.php?rest_route=%2Fwp%2Fv2%2Fmedia&parent=92392"}],"wp:term":[{"taxonomy":"category","embeddable":true,"href":"https:\/\/diariodominicano.com\/index.php?rest_route=%2Fwp%2Fv2%2Fcategories&post=92392"},{"taxonomy":"post_tag","embeddable":true,"href":"https:\/\/diariodominicano.com\/index.php?rest_route=%2Fwp%2Fv2%2Ftags&post=92392"}],"curies":[{"name":"wp","href":"https:\/\/api.w.org\/{rel}","templated":true}]}}