{"id":92390,"date":"2008-09-18T02:25:00","date_gmt":"2008-09-18T02:25:00","guid":{"rendered":"http:\/\/diariodominicano.ddns.net\/?p=92390"},"modified":"2008-09-18T02:25:00","modified_gmt":"2008-09-18T02:25:00","slug":"el-nuevo-cd-dvd-de-ednita-nazario-en-los-primeros-lugares","status":"publish","type":"post","link":"https:\/\/diariodominicano.com\/?p=92390","title":{"rendered":"El nuevo CD\/DVD de Ednita Nazario en los primeros lugares"},"content":{"rendered":"<p><body><\/p>\n<p align=\"justify\"><strong class=\"titulogrande1\">El nuevo CD\/DVD de Ednita  Nazario en los primeros lugares<\/strong><br \/>&#13;<br \/>\n      <strong><br \/>&#13;<br \/>\n          <img loading=\"lazy\" decoding=\"async\" src=\"http:\/\/localhost:8080\/gente\/img\/ednita nazaro.jpg\" width=\"375\" height=\"246\" hspace=\"4\" align=\"left\" \/>Miami, FL.-<\/strong><span class=\"text1noticias\"> \u201cEdnita Real\u2026 En Vivo\u201d es el \u00e1lbum ideal para disfrutar  de las grandes dotes de la estrella puertorrique\u00f1a <strong>Ednita Nazario,<\/strong> hoy en la segunda posici\u00f3n como el DVD musical de  mayor venta y en el Latin \u00c1lbum Pop Chart, seg\u00fan los reportes de la revista  Billboard.<br \/>&#13;<br \/>\n    <br \/>&#13;<br \/>\n    Desde su lanzamiento  oficial, el pasado martes 9 de septiembre, este \u00e1lbum vendi\u00f3 m\u00e1s de 13 mil  unidades en tan s\u00f3lo una semana, tanto en DVD como en CD. \u201cEs muy gratificante  saber que el p\u00fablico ha recibido con tanto cari\u00f1o mi nuevo trabajo, lo  agradezco infinitamente\u201d, expres\u00f3 Ednita cuando supo de las posiciones en  ventas que ha logrado \u201cEdnita Real En Vivo\u201d.<br \/>&#13;<br \/>\n    <br \/>&#13;<br \/>\n\u201cEdnita  Real En Vivo\u201d fue grabado durante las tres funciones del concierto que  ofreciera en el Coliseo de Puerto Rico el pasado mes de mayo con la  participaci\u00f3n del \u00eddolo internacional <strong>Ricky  Martin<\/strong> y del gran cantautor <strong>Tommy  Torres<\/strong>, logrando una asistencia r\u00e9cord de m\u00e1s 60 mil personas.<br \/>&#13;<br \/>\n<br \/>&#13;<br \/>\nEsta  producci\u00f3n, que nace bajo el sello discogr\u00e1fico Sony BMG Latin, se presenta en  dos formatos: un CD con 11 canciones y el DVD con 21 temas.<\/span><\/p>\n<p>&#13;<\/p>\n<h6> 2008-09-18 02:25:00 <\/h6>\n<p><!--\n<link rel=\"stylesheet\" href=\"css\/bootstrap.min.css\">\n\n\n<ul class=\"pagination\">\n\t    \n\t\n\n<li >\n\t<a href='?page_no=21011'>Previous<\/a>\n\t<\/li>\n\n\n       \n    \n\n<li><a href='?page_no=1'>1<\/a><\/li>\n\n\n\n<li><a href='?page_no=2'>2<\/a><\/li>\n\n\n\n<li><a>...<\/a><\/li>\n\n\n\n<li><a href='?page_no=21010'>21010<\/a><\/li>\n\n\n\n<li><a href='?page_no=21011'>21011<\/a><\/li>\n\n\n\n<li class='active'><a>21012<\/a><\/li>\n\n\n\n<li><a href='?page_no=21013'>21013<\/a><\/li>\n\n\n\n<li><a href='?page_no=21014'>21014<\/a><\/li>\n\n\n\n<li><a>...<\/a><\/li>\n\n\n\n<li><a href='?page_no=22522'>22522<\/a><\/li>\n\n\n\n<li><a href='?page_no=22523'>22523<\/a><\/li>\n\n    \n\t\n\n<li >\n\t<a href='?page_no=21013'>Next<\/a>\n\t<\/li>\n\n\n    \n\n<li><a href='?page_no=22523'>Last &rsaquo;&rsaquo;<\/a><\/li>\n\n<\/ul>\n\n\n--><br \/>\n<\/body><\/p>\n","protected":false},"excerpt":{"rendered":"<p>El nuevo CD\/DVD de Ednita Nazario en los primeros lugares&#13; &#13; Miami, FL.- \u201cEdnita Real\u2026 En Vivo\u201d es el \u00e1lbum ideal para disfrutar de las grandes dotes de la estrella puertorrique\u00f1a Ednita Nazario, hoy en la segunda posici\u00f3n como el DVD musical de mayor venta y en el Latin \u00c1lbum Pop Chart, seg\u00fan los reportes [&hellip;]<\/p>\n","protected":false},"author":3,"featured_media":0,"comment_status":"open","ping_status":"open","sticky":false,"template":"","format":"standard","meta":{"footnotes":""},"categories":[25],"tags":[],"class_list":["post-92390","post","type-post","status-publish","format-standard","hentry","category-gente"],"_links":{"self":[{"href":"https:\/\/diariodominicano.com\/index.php?rest_route=\/wp\/v2\/posts\/92390","targetHints":{"allow":["GET"]}}],"collection":[{"href":"https:\/\/diariodominicano.com\/index.php?rest_route=\/wp\/v2\/posts"}],"about":[{"href":"https:\/\/diariodominicano.com\/index.php?rest_route=\/wp\/v2\/types\/post"}],"author":[{"embeddable":true,"href":"https:\/\/diariodominicano.com\/index.php?rest_route=\/wp\/v2\/users\/3"}],"replies":[{"embeddable":true,"href":"https:\/\/diariodominicano.com\/index.php?rest_route=%2Fwp%2Fv2%2Fcomments&post=92390"}],"version-history":[{"count":0,"href":"https:\/\/diariodominicano.com\/index.php?rest_route=\/wp\/v2\/posts\/92390\/revisions"}],"wp:attachment":[{"href":"https:\/\/diariodominicano.com\/index.php?rest_route=%2Fwp%2Fv2%2Fmedia&parent=92390"}],"wp:term":[{"taxonomy":"category","embeddable":true,"href":"https:\/\/diariodominicano.com\/index.php?rest_route=%2Fwp%2Fv2%2Fcategories&post=92390"},{"taxonomy":"post_tag","embeddable":true,"href":"https:\/\/diariodominicano.com\/index.php?rest_route=%2Fwp%2Fv2%2Ftags&post=92390"}],"curies":[{"name":"wp","href":"https:\/\/api.w.org\/{rel}","templated":true}]}}