{"id":92389,"date":"2008-09-18T02:36:30","date_gmt":"2008-09-18T02:36:30","guid":{"rendered":"http:\/\/diariodominicano.ddns.net\/?p=92389"},"modified":"2008-09-18T02:36:30","modified_gmt":"2008-09-18T02:36:30","slug":"presidente-inaugura-clinica-derma-surgery","status":"publish","type":"post","link":"https:\/\/diariodominicano.com\/?p=92389","title":{"rendered":"Presidente inaugura cl\u00ednica Derma Surgery"},"content":{"rendered":"<p><body><\/p>\n<p align=\"justify\"><span class=\"titulogrande1\">Presidente  inaugura cl\u00ednica Derma Surgery <\/span><br \/>&#13;<br \/>\n  <br \/>&#13;<br \/>\n    <span class=\"text1noticias\"><img loading=\"lazy\" decoding=\"async\" src=\"http:\/\/localhost:8080\/gente\/img\/leo surgery.jpg\" width=\"375\" height=\"255\" hspace=\"4\" align=\"left\" \/>El presidente de la Rep\u00fablica, doctor Leonel Fern\u00e1ndez, cort\u00f3 la\u00a0  cinta que dej\u00f3 inaugurada la empresa Derma Surgery, una cl\u00ednica de est\u00e9tica, en  la tercera planta del edificio profesional EFA, de la avenida Abraham Lincoln,  en la capital.<br \/>&#13;<br \/>\n    <br \/>&#13;<br \/>\n    Durante la actividad social, el mandatario estuvo acompa\u00f1ado de la primera  dama de la Rep\u00fablica, doctora Margarita Cede\u00f1o de Fern\u00e1ndez.<br \/>&#13;<br \/>\n    <br \/>&#13;<br \/>\n    Las directoras del Centro, Betsy Hazoury y Daisy Ventura,\u00a0agradecieron  la presencia del presidente Fern\u00e1ndez y esposa.<br \/>&#13;<br \/>\n    <br \/>&#13;<br \/>\n    La bendici\u00f3n del centro estuvo a cargo de la pastora adventista Ana Luisa,  quien invoc\u00f3 a Dios sabidur\u00eda para el presidente Fern\u00e1ndez y esposa, de los que  dijo\u00a0tienen la responsabilidad de bien dirigir al pa\u00eds.<br \/>&#13;<br \/>\n    <br \/>&#13;<br \/>\n    Luego de la inauguraci\u00f3n, el mandatario recorri\u00f3 las instalaciones de la  empresa, acompa\u00f1ado\u00a0 de la primera dama y ejecutivos de Derma Surgery.<br \/>&#13;<br \/>\n    <br \/>&#13;<br \/>\nDerma Surgery es una empresa que tiene como objetivo proveer un enfoque  integral a la salud de la piel, ajustado a las necesidades individuales de sus  clientes.<\/span><\/p>\n<p>&#13;<\/p>\n<h6> 2008-09-18 02:36:30 <\/h6>\n<p><!--\n<link rel=\"stylesheet\" href=\"css\/bootstrap.min.css\">\n\n\n<ul class=\"pagination\">\n\t    \n\t\n\n<li >\n\t<a href='?page_no=21010'>Previous<\/a>\n\t<\/li>\n\n\n       \n    \n\n<li><a href='?page_no=1'>1<\/a><\/li>\n\n\n\n<li><a href='?page_no=2'>2<\/a><\/li>\n\n\n\n<li><a>...<\/a><\/li>\n\n\n\n<li><a href='?page_no=21009'>21009<\/a><\/li>\n\n\n\n<li><a href='?page_no=21010'>21010<\/a><\/li>\n\n\n\n<li class='active'><a>21011<\/a><\/li>\n\n\n\n<li><a href='?page_no=21012'>21012<\/a><\/li>\n\n\n\n<li><a href='?page_no=21013'>21013<\/a><\/li>\n\n\n\n<li><a>...<\/a><\/li>\n\n\n\n<li><a href='?page_no=22522'>22522<\/a><\/li>\n\n\n\n<li><a href='?page_no=22523'>22523<\/a><\/li>\n\n    \n\t\n\n<li >\n\t<a href='?page_no=21012'>Next<\/a>\n\t<\/li>\n\n\n    \n\n<li><a href='?page_no=22523'>Last &rsaquo;&rsaquo;<\/a><\/li>\n\n<\/ul>\n\n\n--><br \/>\n<\/body><\/p>\n","protected":false},"excerpt":{"rendered":"<p>Presidente inaugura cl\u00ednica Derma Surgery &#13; &#13; El presidente de la Rep\u00fablica, doctor Leonel Fern\u00e1ndez, cort\u00f3 la\u00a0 cinta que dej\u00f3 inaugurada la empresa Derma Surgery, una cl\u00ednica de est\u00e9tica, en la tercera planta del edificio profesional EFA, de la avenida Abraham Lincoln, en la capital.&#13; &#13; Durante la actividad social, el mandatario estuvo acompa\u00f1ado de [&hellip;]<\/p>\n","protected":false},"author":3,"featured_media":0,"comment_status":"open","ping_status":"open","sticky":false,"template":"","format":"standard","meta":{"footnotes":""},"categories":[25],"tags":[],"class_list":["post-92389","post","type-post","status-publish","format-standard","hentry","category-gente"],"_links":{"self":[{"href":"https:\/\/diariodominicano.com\/index.php?rest_route=\/wp\/v2\/posts\/92389","targetHints":{"allow":["GET"]}}],"collection":[{"href":"https:\/\/diariodominicano.com\/index.php?rest_route=\/wp\/v2\/posts"}],"about":[{"href":"https:\/\/diariodominicano.com\/index.php?rest_route=\/wp\/v2\/types\/post"}],"author":[{"embeddable":true,"href":"https:\/\/diariodominicano.com\/index.php?rest_route=\/wp\/v2\/users\/3"}],"replies":[{"embeddable":true,"href":"https:\/\/diariodominicano.com\/index.php?rest_route=%2Fwp%2Fv2%2Fcomments&post=92389"}],"version-history":[{"count":0,"href":"https:\/\/diariodominicano.com\/index.php?rest_route=\/wp\/v2\/posts\/92389\/revisions"}],"wp:attachment":[{"href":"https:\/\/diariodominicano.com\/index.php?rest_route=%2Fwp%2Fv2%2Fmedia&parent=92389"}],"wp:term":[{"taxonomy":"category","embeddable":true,"href":"https:\/\/diariodominicano.com\/index.php?rest_route=%2Fwp%2Fv2%2Fcategories&post=92389"},{"taxonomy":"post_tag","embeddable":true,"href":"https:\/\/diariodominicano.com\/index.php?rest_route=%2Fwp%2Fv2%2Ftags&post=92389"}],"curies":[{"name":"wp","href":"https:\/\/api.w.org\/{rel}","templated":true}]}}