{"id":92387,"date":"2008-09-18T18:43:40","date_gmt":"2008-09-18T18:43:40","guid":{"rendered":"http:\/\/diariodominicano.ddns.net\/?p=92387"},"modified":"2008-09-18T18:43:40","modified_gmt":"2008-09-18T18:43:40","slug":"el-bulevar","status":"publish","type":"post","link":"https:\/\/diariodominicano.com\/?p=92387","title":{"rendered":"El Bulevar"},"content":{"rendered":"<p><body><\/p>\n<p align=\"justify\"><span class=\"titulogrande1\"><strong>El Bulevar<\/strong><\/span><strong><br \/>&#13;<br \/>\n  <\/strong> <br \/>&#13;<br \/>\n  <span class=\"text1noticias\"><strong>Con Pablo McKinney<br \/>&#13;<br \/>\n  <\/strong><br \/>&#13;<br \/>\n  <strong>Periodismo responsable para ciudadanos<\/strong> <\/span><\/p>\n<p>&#13;<\/p>\n<p align=\"justify\" class=\"text1noticias\"><img loading=\"lazy\" decoding=\"async\" src=\"http:\/\/localhost:8080\/gente\/img\/comparte bulevar.jpg\" width=\"375\" height=\"2836\" hspace=\"4\" align=\"left\" \/>Multimedios del Caribe present\u00f3 el  nuevo programa de televisi\u00f3n\u00a0 \u201cEl Bulevar\u201d,  bajo la conducci\u00f3n del periodista Pablo McKinney y un equipo de profesionales.<\/p>\n<p>&#13;<\/p>\n<p align=\"justify\" class=\"text1noticias\">El programa saldr\u00e1 al aire este  mi\u00e9rcoles 10 de septiembre, a trav\u00e9s CDN2 (canal 67 por aire, canal 28 de  Telecable de Tricom, canal 38 de Aster y Wind TV), en horario de 7 a 9 de la  ma\u00f1ana. Estar\u00e1 asimismo en la mayor\u00eda de sistemas de cables de las provincias  del pa\u00eds.\u00a0\u00a0\u00a0\u00a0<br \/>&#13;<br \/>\n\u00a0\u00a0 <br \/>&#13;<br \/>\nEl Bulevar cuenta la actualidad del  pa\u00eds en todas sus vertientes de la manera m\u00e1s objetiva y plural posible, a  trav\u00e9s de innovadoras secciones, comentarios, reportajes, tertulias y  entrevistas con protagonistas de los hechos sociales que determinan la agenda  informativa del pa\u00eds.<\/p>\n<p>&#13;<\/p>\n<p align=\"justify\" class=\"text1noticias\">Durante el acto de presentaci\u00f3n el  ingeniero F\u00e9lix Garc\u00eda, presidente Multimedios del Caribe, expres\u00f3: \u201cPara  Multimedios del Caribe es una gran alegr\u00eda contar con El Bulevar como miembro  de esta gran familia\u201d.\u00a0 <\/p>\n<p>&#13;<\/p>\n<p align=\"justify\" class=\"text1noticias\">Asimismo, Pablo McKinney\u00a0 dijo que El Bulevar dedicar\u00e1 especial  atenci\u00f3n a la informaci\u00f3n y an\u00e1lisis de los temas pol\u00edticos y econ\u00f3micos,\u00a0  sin descuidar los temas de la agenda familiar, el ocio, y la cultura en todas  sus expresiones, siempre desde una visi\u00f3n \u00e1gil y amena. <\/p>\n<p>&#13;<\/p>\n<p align=\"justify\" class=\"text1noticias\"> Para analizar la realidad social,  pol\u00edtica y econ\u00f3mica del pa\u00eds, El Bulevar cuenta con un equipo  multidisciplinario que integran: V\u00edctor Bautista, periodista, Alejandro Abreu,  soci\u00f3logo, Luis Miguel Pereyra, abogado y Enrique Sili\u00e9, psiquiatra. <\/p>\n<p>&#13;<\/p>\n<p align=\"justify\" class=\"text1noticias\">Maryanne Fern\u00e1ndez tendr\u00e1 a su cargo  una secci\u00f3n dedicada al periodismo cultural, ocio, espect\u00e1culo, as\u00ed como los  temas y entrevistas que tendr\u00e1n como ejes centrales\u00a0 a la juventud, la mujer y la familia.\u00a0<\/p>\n<p>&#13;<\/p>\n<p align=\"justify\" class=\"text1noticias\">El Bulevar cuenta adem\u00e1s con la  colaboraci\u00f3n del departamento de prensa de CDN, que presentar\u00e1 dos boletines de  noticias en el transcurso del programa, as\u00ed como reportes especiales v\u00eda su  unidad m\u00f3vil. <\/p>\n<p>&#13;<\/p>\n<h6> 2008-09-18 18:43:40 <\/h6>\n<p><!--\n<link rel=\"stylesheet\" href=\"css\/bootstrap.min.css\">\n\n\n<ul class=\"pagination\">\n\t    \n\t\n\n<li >\n\t<a href='?page_no=21008'>Previous<\/a>\n\t<\/li>\n\n\n       \n    \n\n<li><a href='?page_no=1'>1<\/a><\/li>\n\n\n\n<li><a href='?page_no=2'>2<\/a><\/li>\n\n\n\n<li><a>...<\/a><\/li>\n\n\n\n<li><a href='?page_no=21007'>21007<\/a><\/li>\n\n\n\n<li><a href='?page_no=21008'>21008<\/a><\/li>\n\n\n\n<li class='active'><a>21009<\/a><\/li>\n\n\n\n<li><a href='?page_no=21010'>21010<\/a><\/li>\n\n\n\n<li><a href='?page_no=21011'>21011<\/a><\/li>\n\n\n\n<li><a>...<\/a><\/li>\n\n\n\n<li><a href='?page_no=22522'>22522<\/a><\/li>\n\n\n\n<li><a href='?page_no=22523'>22523<\/a><\/li>\n\n    \n\t\n\n<li >\n\t<a href='?page_no=21010'>Next<\/a>\n\t<\/li>\n\n\n    \n\n<li><a href='?page_no=22523'>Last &rsaquo;&rsaquo;<\/a><\/li>\n\n<\/ul>\n\n\n--><br \/>\n<\/body><\/p>\n","protected":false},"excerpt":{"rendered":"<p>El Bulevar&#13; &#13; Con Pablo McKinney&#13; &#13; Periodismo responsable para ciudadanos &#13; Multimedios del Caribe present\u00f3 el nuevo programa de televisi\u00f3n\u00a0 \u201cEl Bulevar\u201d, bajo la conducci\u00f3n del periodista Pablo McKinney y un equipo de profesionales. &#13; El programa saldr\u00e1 al aire este mi\u00e9rcoles 10 de septiembre, a trav\u00e9s CDN2 (canal 67 por aire, canal 28 [&hellip;]<\/p>\n","protected":false},"author":3,"featured_media":0,"comment_status":"open","ping_status":"open","sticky":false,"template":"","format":"standard","meta":{"footnotes":""},"categories":[25],"tags":[],"class_list":["post-92387","post","type-post","status-publish","format-standard","hentry","category-gente"],"_links":{"self":[{"href":"https:\/\/diariodominicano.com\/index.php?rest_route=\/wp\/v2\/posts\/92387","targetHints":{"allow":["GET"]}}],"collection":[{"href":"https:\/\/diariodominicano.com\/index.php?rest_route=\/wp\/v2\/posts"}],"about":[{"href":"https:\/\/diariodominicano.com\/index.php?rest_route=\/wp\/v2\/types\/post"}],"author":[{"embeddable":true,"href":"https:\/\/diariodominicano.com\/index.php?rest_route=\/wp\/v2\/users\/3"}],"replies":[{"embeddable":true,"href":"https:\/\/diariodominicano.com\/index.php?rest_route=%2Fwp%2Fv2%2Fcomments&post=92387"}],"version-history":[{"count":0,"href":"https:\/\/diariodominicano.com\/index.php?rest_route=\/wp\/v2\/posts\/92387\/revisions"}],"wp:attachment":[{"href":"https:\/\/diariodominicano.com\/index.php?rest_route=%2Fwp%2Fv2%2Fmedia&parent=92387"}],"wp:term":[{"taxonomy":"category","embeddable":true,"href":"https:\/\/diariodominicano.com\/index.php?rest_route=%2Fwp%2Fv2%2Fcategories&post=92387"},{"taxonomy":"post_tag","embeddable":true,"href":"https:\/\/diariodominicano.com\/index.php?rest_route=%2Fwp%2Fv2%2Ftags&post=92387"}],"curies":[{"name":"wp","href":"https:\/\/api.w.org\/{rel}","templated":true}]}}