{"id":92386,"date":"2008-09-18T18:45:37","date_gmt":"2008-09-18T18:45:37","guid":{"rendered":"http:\/\/diariodominicano.ddns.net\/?p=92386"},"modified":"2008-09-18T18:45:37","modified_gmt":"2008-09-18T18:45:37","slug":"los-cantas-dulces-alex-bueno-y-zacarias-ferreira-en-jet-set","status":"publish","type":"post","link":"https:\/\/diariodominicano.com\/?p=92386","title":{"rendered":"Los cantas dulces Alex Bueno y Zacar\u00edas Ferreira, en Jet Set"},"content":{"rendered":"<p><body><\/p>\n<p class=\"titulogrande1\">Los cantas dulces Alex Bueno  y Zacar\u00edas Ferreira, en Jet Set<\/p>\n<p>&#13;<\/p>\n<p align=\"justify\" class=\"text1noticias\">Las voces m\u00e1s melodiosas del merengue y la  bachata se juntar\u00e1n este lunes 22 en la discoteca Jet Set, donde har\u00e1n el  repertorio con m\u00e1s sentimiento que se haya realizado en este lugar<\/p>\n<p>&#13;<\/p>\n<p align=\"justify\" class=\"text1noticias\">Los protagonistas son Alex  Bueno y Zacar\u00edas Ferreira, dos artistas rom\u00e1nticos, con estilos de voces muy  similares, por lo que se presume que el amor ser\u00e1 el anfitri\u00f3n de la noche.<\/p>\n<p>&#13;<\/p>\n<p align=\"justify\" class=\"text1noticias\">Conocido tambi\u00e9n como  \u00abEl Mayimbito\u00bb, Alex bueno estar\u00e1 acompa\u00f1ado de una s\u00faper banda,  interpretando canciones como \u00abColegiala\u00bb, \u00abLa Radio\u00bb, \u00abQui\u00e9n te  riza el pelo\u00bb, \u00abAmor divino\u00bb, \u00abQue cara m\u00e1s bonita\u00bb y  muchos merengues m\u00e1s que hizo famosos en la d\u00e9cada de los 80.<\/p>\n<p>&#13;<\/p>\n<p align=\"justify\" class=\"text1noticias\">Pero tampoco faltar\u00e1 uno que  otro bolero como \u00abEsa pared\u00bb, \u00abOjitos Negros\u00bb, \u00abEl mal  querido\u00bb y muchos m\u00e1s, ya que es un artista que se adapta a cualquier  ritmo y en cualquiera lo hace bien.<\/p>\n<p>&#13;<\/p>\n<p align=\"justify\" class=\"text1noticias\">Mientras que Zacar\u00edas  Ferreira, un bachatero con m\u00e1s de una d\u00e9cada en el gusto del p\u00fablico, celebra  su regreso al pa\u00eds cantando sus mejores \u00e9xitos.<br \/>&#13;<br \/>\n  <br \/>&#13;<br \/>\n  Adem\u00e1s de la alegr\u00eda que le  produce reencontrarse con su p\u00fablico del Jet Set, Zacar\u00edas Ferreira aprovech\u00f3  para saludar el hecho de cantar junto a un artista tan completo como Alex  Bueno. <\/p>\n<p>&#13;<\/p>\n<p align=\"justify\" class=\"text1noticias\">El bachatero que ha hecho  hits como \u00abSi tu me dices ven\u00bb, \u00abEl triste\u00bb, \u00abEs tan  dif\u00edcil\u00bb y \u00abDime que falt\u00f3\u00bb, entre muchos m\u00e1s, ha tenido un gran  repunte en su carrera art\u00edstica en los \u00faltimos a\u00f1os, que lo ha mantenido el  mayor tiempo del a\u00f1o fuera de su pa\u00eds.<\/p>\n<p>&#13;<\/p>\n<h6> 2008-09-18 18:45:37 <\/h6>\n<p><!--\n<link rel=\"stylesheet\" href=\"css\/bootstrap.min.css\">\n\n\n<ul class=\"pagination\">\n\t    \n\t\n\n<li >\n\t<a href='?page_no=21007'>Previous<\/a>\n\t<\/li>\n\n\n       \n    \n\n<li><a href='?page_no=1'>1<\/a><\/li>\n\n\n\n<li><a href='?page_no=2'>2<\/a><\/li>\n\n\n\n<li><a>...<\/a><\/li>\n\n\n\n<li><a href='?page_no=21006'>21006<\/a><\/li>\n\n\n\n<li><a href='?page_no=21007'>21007<\/a><\/li>\n\n\n\n<li class='active'><a>21008<\/a><\/li>\n\n\n\n<li><a href='?page_no=21009'>21009<\/a><\/li>\n\n\n\n<li><a href='?page_no=21010'>21010<\/a><\/li>\n\n\n\n<li><a>...<\/a><\/li>\n\n\n\n<li><a href='?page_no=22522'>22522<\/a><\/li>\n\n\n\n<li><a href='?page_no=22523'>22523<\/a><\/li>\n\n    \n\t\n\n<li >\n\t<a href='?page_no=21009'>Next<\/a>\n\t<\/li>\n\n\n    \n\n<li><a href='?page_no=22523'>Last &rsaquo;&rsaquo;<\/a><\/li>\n\n<\/ul>\n\n\n--><br \/>\n<\/body><\/p>\n","protected":false},"excerpt":{"rendered":"<p>Los cantas dulces Alex Bueno y Zacar\u00edas Ferreira, en Jet Set &#13; Las voces m\u00e1s melodiosas del merengue y la bachata se juntar\u00e1n este lunes 22 en la discoteca Jet Set, donde har\u00e1n el repertorio con m\u00e1s sentimiento que se haya realizado en este lugar &#13; Los protagonistas son Alex Bueno y Zacar\u00edas Ferreira, dos [&hellip;]<\/p>\n","protected":false},"author":3,"featured_media":0,"comment_status":"open","ping_status":"open","sticky":false,"template":"","format":"standard","meta":{"footnotes":""},"categories":[25],"tags":[],"class_list":["post-92386","post","type-post","status-publish","format-standard","hentry","category-gente"],"_links":{"self":[{"href":"https:\/\/diariodominicano.com\/index.php?rest_route=\/wp\/v2\/posts\/92386","targetHints":{"allow":["GET"]}}],"collection":[{"href":"https:\/\/diariodominicano.com\/index.php?rest_route=\/wp\/v2\/posts"}],"about":[{"href":"https:\/\/diariodominicano.com\/index.php?rest_route=\/wp\/v2\/types\/post"}],"author":[{"embeddable":true,"href":"https:\/\/diariodominicano.com\/index.php?rest_route=\/wp\/v2\/users\/3"}],"replies":[{"embeddable":true,"href":"https:\/\/diariodominicano.com\/index.php?rest_route=%2Fwp%2Fv2%2Fcomments&post=92386"}],"version-history":[{"count":0,"href":"https:\/\/diariodominicano.com\/index.php?rest_route=\/wp\/v2\/posts\/92386\/revisions"}],"wp:attachment":[{"href":"https:\/\/diariodominicano.com\/index.php?rest_route=%2Fwp%2Fv2%2Fmedia&parent=92386"}],"wp:term":[{"taxonomy":"category","embeddable":true,"href":"https:\/\/diariodominicano.com\/index.php?rest_route=%2Fwp%2Fv2%2Fcategories&post=92386"},{"taxonomy":"post_tag","embeddable":true,"href":"https:\/\/diariodominicano.com\/index.php?rest_route=%2Fwp%2Fv2%2Ftags&post=92386"}],"curies":[{"name":"wp","href":"https:\/\/api.w.org\/{rel}","templated":true}]}}