{"id":92385,"date":"2008-09-18T19:11:21","date_gmt":"2008-09-18T19:11:21","guid":{"rendered":"http:\/\/diariodominicano.ddns.net\/?p=92385"},"modified":"2008-09-18T19:11:21","modified_gmt":"2008-09-18T19:11:21","slug":"contenido-noche-de-luz","status":"publish","type":"post","link":"https:\/\/diariodominicano.com\/?p=92385","title":{"rendered":"Contenido \u00abnoche de luz\u00b4\u00b4"},"content":{"rendered":"<p><body><\/p>\n<p class=\"titulogrande1\">Contenido \u00abnoche de luz\u00b4\u00b4<\/p>\n<p>&#13;<\/p>\n<p align=\"justify\" class=\"text1noticias\">Les hago llegar el contenido  de \u00abNoche de Luz\u00bb, el programa de las exclusivas, para esta semana.<br \/>&#13;<br \/>\n  \u00a0<br \/>&#13;<br \/>\n  &#8211; Jatnna Tav\u00e1rez habla por  primera vez sobre comentarios que la vinculan a aspiraciones en la pol\u00edtica.  ?Pasar\u00e1 Jatnna de la comunicaci\u00f3n a la pol\u00edtica? ?en qu\u00e9 partido militar\u00eda? De  todo esto y m\u00e1s nos habla la conductora de \u00abCon Jatnna\u00bb.<br \/>&#13;<br \/>\n  \u00a0<br \/>&#13;<br \/>\n  &#8211; El joven int\u00e9rprete Issa  Gadala nos habla de su carrera art\u00edstica.<br \/>&#13;<br \/>\n  \u00a0<br \/>&#13;<br \/>\n  &#8211; En \u00abCosas de  Dos\u00bb, Brenda S\u00e1nchez y Michael Miguel\u00a0  hablan de la qu\u00edmica que han logrado al trabajar juntos en \u00abEl  Poder de las 12\u00bb.<br \/>&#13;<br \/>\n  \u00a0<br \/>&#13;<br \/>\n  &#8211; Keyther Est\u00e9vez trae en  \u00abFlashes\u00bb tips para d\u00edas lluviosos.<br \/>&#13;<br \/>\n  \u00a0<br \/>&#13;<br \/>\n  &#8211; Conoce la ganadora del  Oasis Presidente.<br \/>&#13;<br \/>\n  \u00a0<br \/>&#13;<br \/>\n  &#8211; Reportaje sobre \u00abLos  extranjeros en la TV&#8217;,  donde se recoge las impresiones de comunicadores que han logrado gran  aceptaci\u00f3n por parte del p\u00fablico y sus colegas.<br \/>&#13;<br \/>\n  \u00a0<br \/>&#13;<br \/>\nNo se pierda \u00abNoche de  Luz\u00bb cada s\u00e1bado por Antena Latina, desde las 9:00 de la noche.<\/p>\n<p>&#13;<\/p>\n<h6> 2008-09-18 19:11:21 <\/h6>\n<p><!--\n<link rel=\"stylesheet\" href=\"css\/bootstrap.min.css\">\n\n\n<ul class=\"pagination\">\n\t    \n\t\n\n<li >\n\t<a href='?page_no=21006'>Previous<\/a>\n\t<\/li>\n\n\n       \n    \n\n<li><a href='?page_no=1'>1<\/a><\/li>\n\n\n\n<li><a href='?page_no=2'>2<\/a><\/li>\n\n\n\n<li><a>...<\/a><\/li>\n\n\n\n<li><a href='?page_no=21005'>21005<\/a><\/li>\n\n\n\n<li><a href='?page_no=21006'>21006<\/a><\/li>\n\n\n\n<li class='active'><a>21007<\/a><\/li>\n\n\n\n<li><a href='?page_no=21008'>21008<\/a><\/li>\n\n\n\n<li><a href='?page_no=21009'>21009<\/a><\/li>\n\n\n\n<li><a>...<\/a><\/li>\n\n\n\n<li><a href='?page_no=22522'>22522<\/a><\/li>\n\n\n\n<li><a href='?page_no=22523'>22523<\/a><\/li>\n\n    \n\t\n\n<li >\n\t<a href='?page_no=21008'>Next<\/a>\n\t<\/li>\n\n\n    \n\n<li><a href='?page_no=22523'>Last &rsaquo;&rsaquo;<\/a><\/li>\n\n<\/ul>\n\n\n--><br \/>\n<\/body><\/p>\n","protected":false},"excerpt":{"rendered":"<p>Contenido \u00abnoche de luz\u00b4\u00b4 &#13; Les hago llegar el contenido de \u00abNoche de Luz\u00bb, el programa de las exclusivas, para esta semana.&#13; \u00a0&#13; &#8211; Jatnna Tav\u00e1rez habla por primera vez sobre comentarios que la vinculan a aspiraciones en la pol\u00edtica. ?Pasar\u00e1 Jatnna de la comunicaci\u00f3n a la pol\u00edtica? ?en qu\u00e9 partido militar\u00eda? De todo esto [&hellip;]<\/p>\n","protected":false},"author":3,"featured_media":0,"comment_status":"open","ping_status":"open","sticky":false,"template":"","format":"standard","meta":{"footnotes":""},"categories":[25],"tags":[],"class_list":["post-92385","post","type-post","status-publish","format-standard","hentry","category-gente"],"_links":{"self":[{"href":"https:\/\/diariodominicano.com\/index.php?rest_route=\/wp\/v2\/posts\/92385","targetHints":{"allow":["GET"]}}],"collection":[{"href":"https:\/\/diariodominicano.com\/index.php?rest_route=\/wp\/v2\/posts"}],"about":[{"href":"https:\/\/diariodominicano.com\/index.php?rest_route=\/wp\/v2\/types\/post"}],"author":[{"embeddable":true,"href":"https:\/\/diariodominicano.com\/index.php?rest_route=\/wp\/v2\/users\/3"}],"replies":[{"embeddable":true,"href":"https:\/\/diariodominicano.com\/index.php?rest_route=%2Fwp%2Fv2%2Fcomments&post=92385"}],"version-history":[{"count":0,"href":"https:\/\/diariodominicano.com\/index.php?rest_route=\/wp\/v2\/posts\/92385\/revisions"}],"wp:attachment":[{"href":"https:\/\/diariodominicano.com\/index.php?rest_route=%2Fwp%2Fv2%2Fmedia&parent=92385"}],"wp:term":[{"taxonomy":"category","embeddable":true,"href":"https:\/\/diariodominicano.com\/index.php?rest_route=%2Fwp%2Fv2%2Fcategories&post=92385"},{"taxonomy":"post_tag","embeddable":true,"href":"https:\/\/diariodominicano.com\/index.php?rest_route=%2Fwp%2Fv2%2Ftags&post=92385"}],"curies":[{"name":"wp","href":"https:\/\/api.w.org\/{rel}","templated":true}]}}