{"id":92384,"date":"2008-09-18T20:56:53","date_gmt":"2008-09-18T20:56:53","guid":{"rendered":"http:\/\/diariodominicano.ddns.net\/?p=92384"},"modified":"2008-09-18T20:56:53","modified_gmt":"2008-09-18T20:56:53","slug":"bob-venoso-nominado-a-los-premios-latin-gramy","status":"publish","type":"post","link":"https:\/\/diariodominicano.com\/?p=92384","title":{"rendered":"Bob Venoso nominado a los premios Latin Gramy"},"content":{"rendered":"<p><body><\/p>\n<p class=\"titulogrande1\">Bob Venoso nominado a los premios Latin  Gramy<\/p>\n<p>&#13;<\/p>\n<p align=\"justify\" class=\"text1noticias\"><strong><br \/>&#13;<br \/>\n  <img loading=\"lazy\" decoding=\"async\" src=\"http:\/\/localhost:8080\/gente\/img\/bob benoso.jpg\" width=\"375\" height=\"565\" hspace=\"4\" align=\"left\" \/>Miami, FL.- <\/strong>Bob Benozzo  contin\u00faa disfrutando de uno de los mejores a\u00f1os de su carrera art\u00edstica  logrando importantes \u00e9xitos y reconocimientos. Esta vez varios de sus trabajos  han sido nominados a los premios Latin GRAMMY\u00ae, el m\u00e1s importante galard\u00f3n que  se otorga a la m\u00fasica latina. <br \/>&#13;<br \/>\n  \u00a0<br \/>&#13;<br \/>\n  La primera nominaci\u00f3n llega  como \u201cProductor del A\u00f1o\u201d por su magistral obra en el \u00faltimo disco del grupo  espa\u00f1ol Chambao, \u201cCon Otro Aire\u201d, sumado a esto que el sencillo de esta producci\u00f3n,  titulado \u201cPapeles Mojados\u00bb, tambi\u00e9n compite en la categor\u00eda de \u201cMejor  Canci\u00f3n Alternativa\u00bb.<br \/>&#13;<br \/>\n  \u00a0<br \/>&#13;<br \/>\n  Pero esto no se detiene aqu\u00ed,  ya que los temas \u201cCosas del amor\u00bb y \u201cAmor Eterno\u00bb, producidos por  Benozzo, son parte de del \u00e1lbum \u201c\u00c9xitos En Dos Tiempos\u201d, de Olga Ta\u00f1\u00f3n,  nominado como \u201cMejor \u00c1lbum Tropical Contempor\u00e1neo\u00bb.<br \/>&#13;<br \/>\n  \u00a0<br \/>&#13;<br \/>\n  \u201cEs una gran satisfacci\u00f3n  para m\u00ed recibir estas nominaciones porque representan el reconocimiento al  esfuerzo que uno pone en cada trabajo\u201d, expres\u00f3 Bob Benozzo.<br \/>&#13;<br \/>\n  \u00a0<br \/>&#13;<br \/>\n  A principios del 2008, este  m\u00fasico y arreglista italiano obtuvo dos nominaciones igualmente por el \u00e1lbum de  Chambao, a los \u201cPremios de la   M\u00fasica\u201d, estatuilla que reconoce lo mejor del arte musical de  Espa\u00f1a.<\/p>\n<p>&#13;<\/p>\n<h6> 2008-09-18 20:56:53 <\/h6>\n<p><!--\n<link rel=\"stylesheet\" href=\"css\/bootstrap.min.css\">\n\n\n<ul class=\"pagination\">\n\t    \n\t\n\n<li >\n\t<a href='?page_no=21005'>Previous<\/a>\n\t<\/li>\n\n\n       \n    \n\n<li><a href='?page_no=1'>1<\/a><\/li>\n\n\n\n<li><a href='?page_no=2'>2<\/a><\/li>\n\n\n\n<li><a>...<\/a><\/li>\n\n\n\n<li><a href='?page_no=21004'>21004<\/a><\/li>\n\n\n\n<li><a href='?page_no=21005'>21005<\/a><\/li>\n\n\n\n<li class='active'><a>21006<\/a><\/li>\n\n\n\n<li><a href='?page_no=21007'>21007<\/a><\/li>\n\n\n\n<li><a href='?page_no=21008'>21008<\/a><\/li>\n\n\n\n<li><a>...<\/a><\/li>\n\n\n\n<li><a href='?page_no=22522'>22522<\/a><\/li>\n\n\n\n<li><a href='?page_no=22523'>22523<\/a><\/li>\n\n    \n\t\n\n<li >\n\t<a href='?page_no=21007'>Next<\/a>\n\t<\/li>\n\n\n    \n\n<li><a href='?page_no=22523'>Last &rsaquo;&rsaquo;<\/a><\/li>\n\n<\/ul>\n\n\n--><br \/>\n<\/body><\/p>\n","protected":false},"excerpt":{"rendered":"<p>Bob Venoso nominado a los premios Latin Gramy &#13; &#13; Miami, FL.- Bob Benozzo contin\u00faa disfrutando de uno de los mejores a\u00f1os de su carrera art\u00edstica logrando importantes \u00e9xitos y reconocimientos. Esta vez varios de sus trabajos han sido nominados a los premios Latin GRAMMY\u00ae, el m\u00e1s importante galard\u00f3n que se otorga a la m\u00fasica [&hellip;]<\/p>\n","protected":false},"author":3,"featured_media":0,"comment_status":"open","ping_status":"open","sticky":false,"template":"","format":"standard","meta":{"footnotes":""},"categories":[25],"tags":[],"class_list":["post-92384","post","type-post","status-publish","format-standard","hentry","category-gente"],"_links":{"self":[{"href":"https:\/\/diariodominicano.com\/index.php?rest_route=\/wp\/v2\/posts\/92384","targetHints":{"allow":["GET"]}}],"collection":[{"href":"https:\/\/diariodominicano.com\/index.php?rest_route=\/wp\/v2\/posts"}],"about":[{"href":"https:\/\/diariodominicano.com\/index.php?rest_route=\/wp\/v2\/types\/post"}],"author":[{"embeddable":true,"href":"https:\/\/diariodominicano.com\/index.php?rest_route=\/wp\/v2\/users\/3"}],"replies":[{"embeddable":true,"href":"https:\/\/diariodominicano.com\/index.php?rest_route=%2Fwp%2Fv2%2Fcomments&post=92384"}],"version-history":[{"count":0,"href":"https:\/\/diariodominicano.com\/index.php?rest_route=\/wp\/v2\/posts\/92384\/revisions"}],"wp:attachment":[{"href":"https:\/\/diariodominicano.com\/index.php?rest_route=%2Fwp%2Fv2%2Fmedia&parent=92384"}],"wp:term":[{"taxonomy":"category","embeddable":true,"href":"https:\/\/diariodominicano.com\/index.php?rest_route=%2Fwp%2Fv2%2Fcategories&post=92384"},{"taxonomy":"post_tag","embeddable":true,"href":"https:\/\/diariodominicano.com\/index.php?rest_route=%2Fwp%2Fv2%2Ftags&post=92384"}],"curies":[{"name":"wp","href":"https:\/\/api.w.org\/{rel}","templated":true}]}}