{"id":92383,"date":"2008-09-19T15:06:00","date_gmt":"2008-09-19T15:06:00","guid":{"rendered":"http:\/\/diariodominicano.ddns.net\/?p=92383"},"modified":"2008-09-19T15:06:00","modified_gmt":"2008-09-19T15:06:00","slug":"grupo-puntacana-celebra-concierto-a-nuestra-senora-de-la-altagracia-con-estreno-mundial-de-obra-de-rabel-solano","status":"publish","type":"post","link":"https:\/\/diariodominicano.com\/?p=92383","title":{"rendered":"GRUPO PUNTACANA celebra concierto a Nuestra Se\u00f1ora de La Altagracia con estreno mundial de obra de Rabel Solano"},"content":{"rendered":"<p><body><\/p>\n<p align=\"justify\"><strong>En el marco de su 40 aniversario:<\/strong> <br \/>&#13;<br \/>\n    <span class=\"titulogrande1\"><br \/>&#13;<br \/>\n        <strong>GRUPO PUNTACANA  celebra concierto a Nuestra Se\u00f1ora de La Altagracia con estreno mundial de obra de Rabel  Solano<\/strong>\u00a0<\/span><br \/>&#13;<br \/>\n    <br \/>&#13;<br \/>\n    <span class=\"text1noticias\"><strong><img loading=\"lazy\" decoding=\"async\" src=\"http:\/\/localhost:8080\/gente\/img\/cana concert.jpg\" width=\"375\" height=\"1319\" hspace=\"4\" align=\"left\" \/>HIGUEY.-<\/strong> El GRUPO PUNTACANA ofreci\u00f3 su  tradicional concierto en hunor a Nuestra Se\u00f1ora de La Altagracia, patrona de  la provincia, con el estreno mundial de la pieza \u201cGloria In Excelsis Deo\u201d, del  maestro Rafael Solano.<br \/>&#13;<br \/>\n    <br \/>&#13;<br \/>\n    El concierto estuvo a cargo del Coro  Nacional, bajo la direcci\u00f3n del maestro Jos\u00e9 Esp\u00edn y con la participaci\u00f3n de la  soprano Ivonne Haza.<br \/>&#13;<br \/>\n    <br \/>&#13;<br \/>\n    En esta ocasi\u00f3n el concierto se realiza  dentro de las conmemoraciones del V Centenario de la Fundaci\u00f3n de la Villa de Salvale\u00f3n de  Higuey, y en el marco de 40 aniversario del GRUPO PUNTACANA. <br \/>&#13;<br \/>\n    <br \/>&#13;<br \/>\n    La actividad cont\u00f3 con la participaci\u00f3n de  monse\u00f1or Gregorio Nicanor Pe\u00f1a, Frank y Hayd\u00e9e Rainieri, ejecutivos y  propietarios de PUNTACANA Resort &amp; Club, personalidades de la provincia y  p\u00fablico en general.<br \/>&#13;<br \/>\n    <br \/>&#13;<br \/>\n    Al final de la presentaci\u00f3n los invitados y  asistentes disfrutaron de un espect\u00e1culo de fuegos artificiales, auspiciado por  el GRUPO PUNTACANA<br \/>&#13;<br \/>\n    <br \/>&#13;<br \/>\n  El GRUPO PUNTACANA se ha caracterizado desde  su fundaci\u00f3n por contribuir al desarrollo integral de la regi\u00f3n, con aportes en  la educaci\u00f3n, la creaci\u00f3n de empleos y el desarrollo de la infraestructura de  la zona, con el objetivo de ayudar a mejorar la calidad de vida de los  residentes en la provincia La Altagracia. Tambi\u00e9n se ha destacado por su  respeto al equilibrio ecol\u00f3gico y cultural de la zona.<\/span><\/p>\n<p>&#13;<\/p>\n<h6> 2008-09-19 15:06:00 <\/h6>\n<p><!--\n<link rel=\"stylesheet\" href=\"css\/bootstrap.min.css\">\n\n\n<ul class=\"pagination\">\n\t    \n\t\n\n<li >\n\t<a href='?page_no=21004'>Previous<\/a>\n\t<\/li>\n\n\n       \n    \n\n<li><a href='?page_no=1'>1<\/a><\/li>\n\n\n\n<li><a href='?page_no=2'>2<\/a><\/li>\n\n\n\n<li><a>...<\/a><\/li>\n\n\n\n<li><a href='?page_no=21003'>21003<\/a><\/li>\n\n\n\n<li><a href='?page_no=21004'>21004<\/a><\/li>\n\n\n\n<li class='active'><a>21005<\/a><\/li>\n\n\n\n<li><a href='?page_no=21006'>21006<\/a><\/li>\n\n\n\n<li><a href='?page_no=21007'>21007<\/a><\/li>\n\n\n\n<li><a>...<\/a><\/li>\n\n\n\n<li><a href='?page_no=22522'>22522<\/a><\/li>\n\n\n\n<li><a href='?page_no=22523'>22523<\/a><\/li>\n\n    \n\t\n\n<li >\n\t<a href='?page_no=21006'>Next<\/a>\n\t<\/li>\n\n\n    \n\n<li><a href='?page_no=22523'>Last &rsaquo;&rsaquo;<\/a><\/li>\n\n<\/ul>\n\n\n--><br \/>\n<\/body><\/p>\n","protected":false},"excerpt":{"rendered":"<p>En el marco de su 40 aniversario: &#13; &#13; GRUPO PUNTACANA celebra concierto a Nuestra Se\u00f1ora de La Altagracia con estreno mundial de obra de Rabel Solano\u00a0&#13; &#13; HIGUEY.- El GRUPO PUNTACANA ofreci\u00f3 su tradicional concierto en hunor a Nuestra Se\u00f1ora de La Altagracia, patrona de la provincia, con el estreno mundial de la pieza [&hellip;]<\/p>\n","protected":false},"author":3,"featured_media":0,"comment_status":"open","ping_status":"open","sticky":false,"template":"","format":"standard","meta":{"footnotes":""},"categories":[25],"tags":[],"class_list":["post-92383","post","type-post","status-publish","format-standard","hentry","category-gente"],"_links":{"self":[{"href":"https:\/\/diariodominicano.com\/index.php?rest_route=\/wp\/v2\/posts\/92383","targetHints":{"allow":["GET"]}}],"collection":[{"href":"https:\/\/diariodominicano.com\/index.php?rest_route=\/wp\/v2\/posts"}],"about":[{"href":"https:\/\/diariodominicano.com\/index.php?rest_route=\/wp\/v2\/types\/post"}],"author":[{"embeddable":true,"href":"https:\/\/diariodominicano.com\/index.php?rest_route=\/wp\/v2\/users\/3"}],"replies":[{"embeddable":true,"href":"https:\/\/diariodominicano.com\/index.php?rest_route=%2Fwp%2Fv2%2Fcomments&post=92383"}],"version-history":[{"count":0,"href":"https:\/\/diariodominicano.com\/index.php?rest_route=\/wp\/v2\/posts\/92383\/revisions"}],"wp:attachment":[{"href":"https:\/\/diariodominicano.com\/index.php?rest_route=%2Fwp%2Fv2%2Fmedia&parent=92383"}],"wp:term":[{"taxonomy":"category","embeddable":true,"href":"https:\/\/diariodominicano.com\/index.php?rest_route=%2Fwp%2Fv2%2Fcategories&post=92383"},{"taxonomy":"post_tag","embeddable":true,"href":"https:\/\/diariodominicano.com\/index.php?rest_route=%2Fwp%2Fv2%2Ftags&post=92383"}],"curies":[{"name":"wp","href":"https:\/\/api.w.org\/{rel}","templated":true}]}}