{"id":92382,"date":"2008-09-19T15:08:05","date_gmt":"2008-09-19T15:08:05","guid":{"rendered":"http:\/\/diariodominicano.ddns.net\/?p=92382"},"modified":"2008-09-19T15:08:05","modified_gmt":"2008-09-19T15:08:05","slug":"freddy-beras-goico-se-solidariza-con-nuria-piera-y-huchi-lora","status":"publish","type":"post","link":"https:\/\/diariodominicano.com\/?p=92382","title":{"rendered":"Freddy Beras Goico se solidariza con Nuria Piera y Huchi Lora"},"content":{"rendered":"<p><body><\/p>\n<p class=\"titulogrande1\"><strong>Freddy Beras Goico se solidariza con Nuria Piera y Huchi Lora<\/strong><\/p>\n<p>&#13;<\/p>\n<p align=\"justify\" class=\"text1noticias\"><strong><img loading=\"lazy\" decoding=\"async\" src=\"http:\/\/localhost:8080\/gente\/img\/fredy caso.jpg\" width=\"375\" height=\"249\" hspace=\"4\" align=\"left\" \/>Santo Domingo, Rep\u00fablica Dominicana<\/strong>.-  Freddy Beras Goico hizo un llamado a todos los comunicadores para que vistan de  luto en solidaridad con los periodistas Nuria Piera y Huchi Lora, a quienes un  juez orden\u00f3\u00a0que se incauten\u00a0de sus oficinas las grabaciones sin  editar hechas entorno al caso Ladom.<\/p>\n<p>&#13;<\/p>\n<p align=\"justify\" class=\"text1noticias\">\u00abEsto es un atentado contra la libertad de expresi\u00f3n y si uno no  puede hablar yo vuelvo a \u00abLa 40\u00bb (en referencia a la c\u00e1rcel donde  estuvo preso por oponerse al r\u00e9gimen del dictador Rafael Leonidas Trujillo a  finales de los a\u00f1os cincuenta), \u00abporque los voy a enfrentar con mi lengua  como hice cuando Trujillo y cuando Balaguer\u00bb.<\/p>\n<p>&#13;<\/p>\n<p align=\"justify\" class=\"text1noticias\">A seguidas agreg\u00f3 que \u00abahora estamos en la picota p\u00fablica en la  Sociedad Interamericana de Prensa por culpa de un disparate jur\u00eddico\u00bb. <\/p>\n<p>&#13;<\/p>\n<p align=\"justify\" class=\"text1noticias\">\u00abNosotros tenemos demasiados problemas como para agregar una  presi\u00f3n m\u00e1s, sin necesidad\u00bb. <\/p>\n<p>&#13;<\/p>\n<p align=\"justify\" class=\"text1noticias\">\u00abC\u00f3mo es posible que se mande a allanar las oficinas de Nuria y  Huchi, dos profesionales de trabajo, dizque\u00a0buscando las pruebas que ellos  mismos quieren presentar, eso mueve a suspicacia\u00bb.<\/p>\n<p>&#13;<\/p>\n<p align=\"justify\" class=\"text1noticias\">\u00abLe pido a todos los comunicadores que se unan y vistan de luto en  apoyo a Huchi y a Nuria, porque esto es una monstruosidad jur\u00eddica que no puede  permitirse aqu\u00ed\u00bb.<\/p>\n<p>&#13;<\/p>\n<p align=\"justify\" class=\"text1noticias\">\u00abTengo casi setenta a\u00f1os y estoy dispuesto a pelear por la libertad  de este pa\u00eds como lo he hecho siempre y si esta es un dictadura la vamos a  enfrentar\u00bb, dijo Beras Goico.<\/p>\n<p>&#13;<\/p>\n<p align=\"justify\" class=\"text1noticias\">\u00abYo cre\u00ed que hab\u00edamos rebasado este tipo de cosas hace tiempo, sin  embargo ahora vuelven a surgir\u00bb. <\/p>\n<p>&#13;<\/p>\n<p align=\"justify\" class=\"text1noticias\">Los pronunciamientos de Freddy fueron hechos en el inicio de su programa  \u00abCon Freddy\u2026 y punto\u00bb del pasado jueves al hacer referencia a la  demanda entablada por la empresa Ladom en contra de los comunicadores Nuria  Piera y Huchi Lora.<\/p>\n<p>&#13;<\/p>\n<p align=\"justify\" class=\"text1noticias\">La propuesta de inmediato fue acogida por el conductor del programa  \u00abG\u00f3zalo\u00bb, Carlos Alfredo Fatule, quien extern\u00f3 su apoyo a los  comunicadores.<\/p>\n<p>&#13;<\/p>\n<h6> 2008-09-19 15:08:05 <\/h6>\n<p><!--\n<link rel=\"stylesheet\" href=\"css\/bootstrap.min.css\">\n\n\n<ul class=\"pagination\">\n\t    \n\t\n\n<li >\n\t<a href='?page_no=21003'>Previous<\/a>\n\t<\/li>\n\n\n       \n    \n\n<li><a href='?page_no=1'>1<\/a><\/li>\n\n\n\n<li><a href='?page_no=2'>2<\/a><\/li>\n\n\n\n<li><a>...<\/a><\/li>\n\n\n\n<li><a href='?page_no=21002'>21002<\/a><\/li>\n\n\n\n<li><a href='?page_no=21003'>21003<\/a><\/li>\n\n\n\n<li class='active'><a>21004<\/a><\/li>\n\n\n\n<li><a href='?page_no=21005'>21005<\/a><\/li>\n\n\n\n<li><a href='?page_no=21006'>21006<\/a><\/li>\n\n\n\n<li><a>...<\/a><\/li>\n\n\n\n<li><a href='?page_no=22522'>22522<\/a><\/li>\n\n\n\n<li><a href='?page_no=22523'>22523<\/a><\/li>\n\n    \n\t\n\n<li >\n\t<a href='?page_no=21005'>Next<\/a>\n\t<\/li>\n\n\n    \n\n<li><a href='?page_no=22523'>Last &rsaquo;&rsaquo;<\/a><\/li>\n\n<\/ul>\n\n\n--><br \/>\n<\/body><\/p>\n","protected":false},"excerpt":{"rendered":"<p>Freddy Beras Goico se solidariza con Nuria Piera y Huchi Lora &#13; Santo Domingo, Rep\u00fablica Dominicana.- Freddy Beras Goico hizo un llamado a todos los comunicadores para que vistan de luto en solidaridad con los periodistas Nuria Piera y Huchi Lora, a quienes un juez orden\u00f3\u00a0que se incauten\u00a0de sus oficinas las grabaciones sin editar hechas [&hellip;]<\/p>\n","protected":false},"author":3,"featured_media":0,"comment_status":"open","ping_status":"open","sticky":false,"template":"","format":"standard","meta":{"footnotes":""},"categories":[25],"tags":[],"class_list":["post-92382","post","type-post","status-publish","format-standard","hentry","category-gente"],"_links":{"self":[{"href":"https:\/\/diariodominicano.com\/index.php?rest_route=\/wp\/v2\/posts\/92382","targetHints":{"allow":["GET"]}}],"collection":[{"href":"https:\/\/diariodominicano.com\/index.php?rest_route=\/wp\/v2\/posts"}],"about":[{"href":"https:\/\/diariodominicano.com\/index.php?rest_route=\/wp\/v2\/types\/post"}],"author":[{"embeddable":true,"href":"https:\/\/diariodominicano.com\/index.php?rest_route=\/wp\/v2\/users\/3"}],"replies":[{"embeddable":true,"href":"https:\/\/diariodominicano.com\/index.php?rest_route=%2Fwp%2Fv2%2Fcomments&post=92382"}],"version-history":[{"count":0,"href":"https:\/\/diariodominicano.com\/index.php?rest_route=\/wp\/v2\/posts\/92382\/revisions"}],"wp:attachment":[{"href":"https:\/\/diariodominicano.com\/index.php?rest_route=%2Fwp%2Fv2%2Fmedia&parent=92382"}],"wp:term":[{"taxonomy":"category","embeddable":true,"href":"https:\/\/diariodominicano.com\/index.php?rest_route=%2Fwp%2Fv2%2Fcategories&post=92382"},{"taxonomy":"post_tag","embeddable":true,"href":"https:\/\/diariodominicano.com\/index.php?rest_route=%2Fwp%2Fv2%2Ftags&post=92382"}],"curies":[{"name":"wp","href":"https:\/\/api.w.org\/{rel}","templated":true}]}}