{"id":92381,"date":"2008-09-19T15:49:45","date_gmt":"2008-09-19T15:49:45","guid":{"rendered":"http:\/\/diariodominicano.ddns.net\/?p=92381"},"modified":"2008-09-19T15:49:45","modified_gmt":"2008-09-19T15:49:45","slug":"esta-semana-en-times-tv-5","status":"publish","type":"post","link":"https:\/\/diariodominicano.com\/?p=92381","title":{"rendered":"Esta semana en Times TV"},"content":{"rendered":"<p><body><\/p>\n<p class=\"titulogrande1\">Esta semana en Times TV<\/p>\n<p>&#13;<\/p>\n<p align=\"justify\" class=\"text1noticias\"><img loading=\"lazy\" decoding=\"async\" src=\"http:\/\/localhost:8080\/gente\/img\/times tv.jpg\" width=\"375\" height=\"250\" hspace=\"4\" align=\"left\" \/>Les presentamos los detalles  del torneo de golf Lolas, celebrado en Santiago.<br \/>&#13;<br \/>\n  <br \/>&#13;<br \/>\n  En Gente Selecta hablamos de  Dominicana Moda.<br \/>&#13;<br \/>\n  Y conversamos en exclusiva  con el cantante colombiano FONSECA.<br \/>&#13;<br \/>\n  <br \/>&#13;<br \/>\nAdem\u00e1s, le damos la  bienvenida al oto\u00f1o con protagonista de lujo, Yaris Cedano, quien nos habla de  su ascendente carrera en el modelaje, y nos luce ropa de temporada.<\/p>\n<p>&#13;<\/p>\n<p align=\"justify\" class=\"text1noticias\">M\u00e1s diversi\u00f3n, m\u00e1s sociales,  esta semana en Times TV. Los s\u00e1bados a las 9:00 p.m., por Telecentro Canal 13,  y los domingos a la 1:30 p.m. por RNN Canal 27.<\/p>\n<p>&#13;<\/p>\n<h6> 2008-09-19 15:49:45 <\/h6>\n<p><!--\n<link rel=\"stylesheet\" href=\"css\/bootstrap.min.css\">\n\n\n<ul class=\"pagination\">\n\t    \n\t\n\n<li >\n\t<a href='?page_no=21002'>Previous<\/a>\n\t<\/li>\n\n\n       \n    \n\n<li><a href='?page_no=1'>1<\/a><\/li>\n\n\n\n<li><a href='?page_no=2'>2<\/a><\/li>\n\n\n\n<li><a>...<\/a><\/li>\n\n\n\n<li><a href='?page_no=21001'>21001<\/a><\/li>\n\n\n\n<li><a href='?page_no=21002'>21002<\/a><\/li>\n\n\n\n<li class='active'><a>21003<\/a><\/li>\n\n\n\n<li><a href='?page_no=21004'>21004<\/a><\/li>\n\n\n\n<li><a href='?page_no=21005'>21005<\/a><\/li>\n\n\n\n<li><a>...<\/a><\/li>\n\n\n\n<li><a href='?page_no=22522'>22522<\/a><\/li>\n\n\n\n<li><a href='?page_no=22523'>22523<\/a><\/li>\n\n    \n\t\n\n<li >\n\t<a href='?page_no=21004'>Next<\/a>\n\t<\/li>\n\n\n    \n\n<li><a href='?page_no=22523'>Last &rsaquo;&rsaquo;<\/a><\/li>\n\n<\/ul>\n\n\n--><br \/>\n<\/body><\/p>\n","protected":false},"excerpt":{"rendered":"<p>Esta semana en Times TV &#13; Les presentamos los detalles del torneo de golf Lolas, celebrado en Santiago.&#13; &#13; En Gente Selecta hablamos de Dominicana Moda.&#13; Y conversamos en exclusiva con el cantante colombiano FONSECA.&#13; &#13; Adem\u00e1s, le damos la bienvenida al oto\u00f1o con protagonista de lujo, Yaris Cedano, quien nos habla de su ascendente [&hellip;]<\/p>\n","protected":false},"author":3,"featured_media":0,"comment_status":"open","ping_status":"open","sticky":false,"template":"","format":"standard","meta":{"footnotes":""},"categories":[25],"tags":[],"class_list":["post-92381","post","type-post","status-publish","format-standard","hentry","category-gente"],"_links":{"self":[{"href":"https:\/\/diariodominicano.com\/index.php?rest_route=\/wp\/v2\/posts\/92381","targetHints":{"allow":["GET"]}}],"collection":[{"href":"https:\/\/diariodominicano.com\/index.php?rest_route=\/wp\/v2\/posts"}],"about":[{"href":"https:\/\/diariodominicano.com\/index.php?rest_route=\/wp\/v2\/types\/post"}],"author":[{"embeddable":true,"href":"https:\/\/diariodominicano.com\/index.php?rest_route=\/wp\/v2\/users\/3"}],"replies":[{"embeddable":true,"href":"https:\/\/diariodominicano.com\/index.php?rest_route=%2Fwp%2Fv2%2Fcomments&post=92381"}],"version-history":[{"count":0,"href":"https:\/\/diariodominicano.com\/index.php?rest_route=\/wp\/v2\/posts\/92381\/revisions"}],"wp:attachment":[{"href":"https:\/\/diariodominicano.com\/index.php?rest_route=%2Fwp%2Fv2%2Fmedia&parent=92381"}],"wp:term":[{"taxonomy":"category","embeddable":true,"href":"https:\/\/diariodominicano.com\/index.php?rest_route=%2Fwp%2Fv2%2Fcategories&post=92381"},{"taxonomy":"post_tag","embeddable":true,"href":"https:\/\/diariodominicano.com\/index.php?rest_route=%2Fwp%2Fv2%2Ftags&post=92381"}],"curies":[{"name":"wp","href":"https:\/\/api.w.org\/{rel}","templated":true}]}}