{"id":92380,"date":"2008-09-19T16:52:03","date_gmt":"2008-09-19T16:52:03","guid":{"rendered":"http:\/\/diariodominicano.ddns.net\/?p=92380"},"modified":"2008-09-19T16:52:03","modified_gmt":"2008-09-19T16:52:03","slug":"julieta-venegas-estrena-algun-dia","status":"publish","type":"post","link":"https:\/\/diariodominicano.com\/?p=92380","title":{"rendered":"Julieta Venegas estrena \u201cAlg\u00fan d\u00eda\u201d"},"content":{"rendered":"<p><body><\/p>\n<p class=\"titulogrande1\">Julieta Venegas estrena  \u201cAlg\u00fan d\u00eda\u201d<\/p>\n<p>&#13;<\/p>\n<p align=\"justify\" class=\"text1noticias\"><strong><img loading=\"lazy\" decoding=\"async\" src=\"http:\/\/localhost:8080\/gente\/img\/venegas.jpg\" width=\"375\" height=\"562\" hspace=\"4\" align=\"left\" \/>Miami, FL, 19 de septiembre  del 2008.-<\/strong> La fuerza de la m\u00fasica de Julieta Venegas llega hoy a las estaciones  de radio con \u201cAlg\u00fan d\u00eda\u201d, un nuevo sencillo a d\u00fao con Gustavo Santaolalla para  seguir gan\u00e1ndose el coraz\u00f3n de sus fan\u00e1ticos e invitarnos a disfrutar no s\u00f3lo  de su m\u00fasica, sino de un mensaje siempre lleno de frescura y de esperanza.<br \/>&#13;<br \/>\n  \u00a0\u00a0 <br \/>&#13;<br \/>\n  Julieta se ha transformado en  la cantautora latina de rock m\u00e1s importante de la d\u00e9cada y desde el mes de  julio se encuentra recorriendo el mundo con su gira \u201cEl Presente\u201d, visitando  ciudades del mundo como Lima, Barcelona, Buenos Aires, M\u00e9xico y Nueva York,  uni\u00e9ndolas con su m\u00fasica.<br \/>&#13;<br \/>\n  \u00a0<br \/>&#13;<br \/>\n  \u201cAlg\u00fan d\u00eda\u201d forma parte de su  reciente disco \u201cMTV Unplugged\u201d, con el que ha conseguido 4 nominaciones para la  pr\u00f3xima edici\u00f3n de los Latin GRAMMY\u00ae en las categor\u00edas \u201cGrabaci\u00f3n del a\u00f1o\u201d y  \u201cCanci\u00f3n del a\u00f1o\u201d por el sencillo \u201cEl Presente\u201d, as\u00ed como \u201cMejor \u00c1lbum De  M\u00fasica Alternativa\u201d y \u201cMejor V\u00eddeo Musical Versi\u00f3n Larga\u201d, por el \u00e1lbum.<br \/>&#13;<br \/>\n  \u00a0<br \/>&#13;<br \/>\n  Multipremiada, amada por una  nueva generaci\u00f3n que crece con su m\u00fasica y admirada por otras estrellas de  rock, la energ\u00eda que contagia Julieta Venegas se seguir\u00e1 expandiendo con esta  nueva canci\u00f3n.<\/p>\n<p>&#13;<\/p>\n<h6> 2008-09-19 16:52:03 <\/h6>\n<p><!--\n<link rel=\"stylesheet\" href=\"css\/bootstrap.min.css\">\n\n\n<ul class=\"pagination\">\n\t    \n\t\n\n<li >\n\t<a href='?page_no=21001'>Previous<\/a>\n\t<\/li>\n\n\n       \n    \n\n<li><a href='?page_no=1'>1<\/a><\/li>\n\n\n\n<li><a href='?page_no=2'>2<\/a><\/li>\n\n\n\n<li><a>...<\/a><\/li>\n\n\n\n<li><a href='?page_no=21000'>21000<\/a><\/li>\n\n\n\n<li><a href='?page_no=21001'>21001<\/a><\/li>\n\n\n\n<li class='active'><a>21002<\/a><\/li>\n\n\n\n<li><a href='?page_no=21003'>21003<\/a><\/li>\n\n\n\n<li><a href='?page_no=21004'>21004<\/a><\/li>\n\n\n\n<li><a>...<\/a><\/li>\n\n\n\n<li><a href='?page_no=22522'>22522<\/a><\/li>\n\n\n\n<li><a href='?page_no=22523'>22523<\/a><\/li>\n\n    \n\t\n\n<li >\n\t<a href='?page_no=21003'>Next<\/a>\n\t<\/li>\n\n\n    \n\n<li><a href='?page_no=22523'>Last &rsaquo;&rsaquo;<\/a><\/li>\n\n<\/ul>\n\n\n--><br \/>\n<\/body><\/p>\n","protected":false},"excerpt":{"rendered":"<p>Julieta Venegas estrena \u201cAlg\u00fan d\u00eda\u201d &#13; Miami, FL, 19 de septiembre del 2008.- La fuerza de la m\u00fasica de Julieta Venegas llega hoy a las estaciones de radio con \u201cAlg\u00fan d\u00eda\u201d, un nuevo sencillo a d\u00fao con Gustavo Santaolalla para seguir gan\u00e1ndose el coraz\u00f3n de sus fan\u00e1ticos e invitarnos a disfrutar no s\u00f3lo de su [&hellip;]<\/p>\n","protected":false},"author":3,"featured_media":0,"comment_status":"open","ping_status":"open","sticky":false,"template":"","format":"standard","meta":{"footnotes":""},"categories":[25],"tags":[],"class_list":["post-92380","post","type-post","status-publish","format-standard","hentry","category-gente"],"_links":{"self":[{"href":"https:\/\/diariodominicano.com\/index.php?rest_route=\/wp\/v2\/posts\/92380","targetHints":{"allow":["GET"]}}],"collection":[{"href":"https:\/\/diariodominicano.com\/index.php?rest_route=\/wp\/v2\/posts"}],"about":[{"href":"https:\/\/diariodominicano.com\/index.php?rest_route=\/wp\/v2\/types\/post"}],"author":[{"embeddable":true,"href":"https:\/\/diariodominicano.com\/index.php?rest_route=\/wp\/v2\/users\/3"}],"replies":[{"embeddable":true,"href":"https:\/\/diariodominicano.com\/index.php?rest_route=%2Fwp%2Fv2%2Fcomments&post=92380"}],"version-history":[{"count":0,"href":"https:\/\/diariodominicano.com\/index.php?rest_route=\/wp\/v2\/posts\/92380\/revisions"}],"wp:attachment":[{"href":"https:\/\/diariodominicano.com\/index.php?rest_route=%2Fwp%2Fv2%2Fmedia&parent=92380"}],"wp:term":[{"taxonomy":"category","embeddable":true,"href":"https:\/\/diariodominicano.com\/index.php?rest_route=%2Fwp%2Fv2%2Fcategories&post=92380"},{"taxonomy":"post_tag","embeddable":true,"href":"https:\/\/diariodominicano.com\/index.php?rest_route=%2Fwp%2Fv2%2Ftags&post=92380"}],"curies":[{"name":"wp","href":"https:\/\/api.w.org\/{rel}","templated":true}]}}