{"id":92379,"date":"2008-09-19T19:45:35","date_gmt":"2008-09-19T19:45:35","guid":{"rendered":"http:\/\/diariodominicano.ddns.net\/?p=92379"},"modified":"2008-09-19T19:45:35","modified_gmt":"2008-09-19T19:45:35","slug":"sony-bmg-latin-y-laguna-productions-unen-la-musica-y-el-cine","status":"publish","type":"post","link":"https:\/\/diariodominicano.com\/?p=92379","title":{"rendered":"Sony BMG Latin y Laguna Productions unen la m\u00fasica y el cine"},"content":{"rendered":"<p><body><\/p>\n<p align=\"justify\"><span class=\"titulogrande1\">Sony BMG Latin y  Laguna Productions unen la m\u00fasica y el cine<\/span><br \/>&#13;<br \/>\n  \u00a0<br \/>&#13;<br \/>\n  <span class=\"text1noticias\"><strong>Miami, FL, 19 de  septiembre del 2008.- <\/strong>Sony BMG Latin da otro paso innovador uniendo el cine a  sus exitosos productos musicales. A trav\u00e9s de una alianza firmada con Laguna  Productions, la compa\u00f1\u00eda discogr\u00e1fica anuncia el lanzamiento de empaques\u00a0 con las grabaciones de canciones y los films  de los grandes \u00edconos mexicanos.<br \/>&#13;<br \/>\n  \u00a0<br \/>&#13;<br \/>\n\u201cCon esta  alianza le brindamos a nuestro p\u00fablico la oportunidad de escuchar los \u00e9xitos y  ver las pel\u00edculas de sus grandes estrellas\u201d, dijo Guillermo Page, Vice  President Commercial de Sony BMG Latin.<br \/>&#13;<br \/>\n  \u00a0<br \/>&#13;<br \/>\n  Por su parte, el  representante de Laguna Productions, Elart Coello, con base en Los Angeles,  California, expres\u00f3: \u201cEsta es una oportunidad excelente para que el p\u00fablico  pueda llegar a esos grandes cl\u00e1sicos de la \u00e9poca de oro del cine mexicano, la  meca del cine en Latinoam\u00e9rica el pasado siglo\u201d. <br \/>&#13;<br \/>\n  \u00a0<br \/>&#13;<br \/>\n  Con el formato  de DVD se hace posible que los amantes del cine y la m\u00fasica puedan tener las  obras completas de sus artistas favoritos en una sola presentaci\u00f3n. Ambas  empresas cuentan con las estrellas m\u00e1s importantes de la cultura popular  mexicana y su fusi\u00f3n art\u00edstica representa un beneficio directo a los  consumidores.\u00a0 <br \/>&#13;<br \/>\n  \u00a0<br \/>&#13;<br \/>\n  Laguna  Productions suma dos d\u00e9cadas en la distribuci\u00f3n cinematogr\u00e1fica y cuenta con el  cat\u00e1logo m\u00e1s extenso de filmes en espa\u00f1ol de la era dorada del cine mexicano,  incluyendo las pel\u00edculas de Jorge Negrete, Javier Sol\u00eds y Vicente Fern\u00e1ndez,  quienes son protagonistas de los primeros lanzamientos conjuntos de m\u00fasica y cine.<br \/>&#13;<br \/>\n  \u00a0<br \/>&#13;<br \/>\n\u201cJorge Negrete,  El Charro Cantor, \u00c9xitos de Pel\u00edcula\u201d, con los filmes \u201cHasta Que Perdi\u00f3  Jalisco\u201d y \u201cTal Para Cual\u201d, fue la pieza estreno de esta colecci\u00f3n. Le sigui\u00f3  \u201cJavier Sol\u00eds \u00c9xitos De Pel\u00edcula\u201d: una recopilaci\u00f3n con las canciones que lo  llevaron a convertirse en el rey del bolero ranchero y un DVD con la  inolvidable pel\u00edcula \u201cJuan Pistolas\u201d.<\/span><\/p>\n<p>&#13;<\/p>\n<p align=\"justify\" class=\"text1noticias\">\u00a0Por \u00faltimo, se acaba de estrenar la flamante  colecci\u00f3n \u201cVicente Fern\u00e1ndez\u2026 De Pel\u00edcula\u201d, con cinco CD\u2019s y DVD\u2019s en la que se  incluyen filmes como \u201cEl Arracadas\u201d, \u201cEl Hijo Del Pueblo\u201d, \u201cEl Tah\u00far\u201d, \u201cPor Tu  Maldito Amor\u201d y \u201cEl Cuatrero\u201d, y se escuchan s\u00faper \u00e9xitos como \u201cEl Hijo Del  Monte\u201d, \u201cDe Qu\u00e9 Manera Te Olvido\u201d y \u201cCruz de Olvido\u201d, entre muchos otros.<\/p>\n<p>&#13;<\/p>\n<h6> 2008-09-19 19:45:35 <\/h6>\n<p><!--\n<link rel=\"stylesheet\" href=\"css\/bootstrap.min.css\">\n\n\n<ul class=\"pagination\">\n\t    \n\t\n\n<li >\n\t<a href='?page_no=21000'>Previous<\/a>\n\t<\/li>\n\n\n       \n    \n\n<li><a href='?page_no=1'>1<\/a><\/li>\n\n\n\n<li><a href='?page_no=2'>2<\/a><\/li>\n\n\n\n<li><a>...<\/a><\/li>\n\n\n\n<li><a href='?page_no=20999'>20999<\/a><\/li>\n\n\n\n<li><a href='?page_no=21000'>21000<\/a><\/li>\n\n\n\n<li class='active'><a>21001<\/a><\/li>\n\n\n\n<li><a href='?page_no=21002'>21002<\/a><\/li>\n\n\n\n<li><a href='?page_no=21003'>21003<\/a><\/li>\n\n\n\n<li><a>...<\/a><\/li>\n\n\n\n<li><a href='?page_no=22522'>22522<\/a><\/li>\n\n\n\n<li><a href='?page_no=22523'>22523<\/a><\/li>\n\n    \n\t\n\n<li >\n\t<a href='?page_no=21002'>Next<\/a>\n\t<\/li>\n\n\n    \n\n<li><a href='?page_no=22523'>Last &rsaquo;&rsaquo;<\/a><\/li>\n\n<\/ul>\n\n\n--><br \/>\n<\/body><\/p>\n","protected":false},"excerpt":{"rendered":"<p>Sony BMG Latin y Laguna Productions unen la m\u00fasica y el cine&#13; \u00a0&#13; Miami, FL, 19 de septiembre del 2008.- Sony BMG Latin da otro paso innovador uniendo el cine a sus exitosos productos musicales. A trav\u00e9s de una alianza firmada con Laguna Productions, la compa\u00f1\u00eda discogr\u00e1fica anuncia el lanzamiento de empaques\u00a0 con las grabaciones [&hellip;]<\/p>\n","protected":false},"author":3,"featured_media":0,"comment_status":"open","ping_status":"open","sticky":false,"template":"","format":"standard","meta":{"footnotes":""},"categories":[25],"tags":[],"class_list":["post-92379","post","type-post","status-publish","format-standard","hentry","category-gente"],"_links":{"self":[{"href":"https:\/\/diariodominicano.com\/index.php?rest_route=\/wp\/v2\/posts\/92379","targetHints":{"allow":["GET"]}}],"collection":[{"href":"https:\/\/diariodominicano.com\/index.php?rest_route=\/wp\/v2\/posts"}],"about":[{"href":"https:\/\/diariodominicano.com\/index.php?rest_route=\/wp\/v2\/types\/post"}],"author":[{"embeddable":true,"href":"https:\/\/diariodominicano.com\/index.php?rest_route=\/wp\/v2\/users\/3"}],"replies":[{"embeddable":true,"href":"https:\/\/diariodominicano.com\/index.php?rest_route=%2Fwp%2Fv2%2Fcomments&post=92379"}],"version-history":[{"count":0,"href":"https:\/\/diariodominicano.com\/index.php?rest_route=\/wp\/v2\/posts\/92379\/revisions"}],"wp:attachment":[{"href":"https:\/\/diariodominicano.com\/index.php?rest_route=%2Fwp%2Fv2%2Fmedia&parent=92379"}],"wp:term":[{"taxonomy":"category","embeddable":true,"href":"https:\/\/diariodominicano.com\/index.php?rest_route=%2Fwp%2Fv2%2Fcategories&post=92379"},{"taxonomy":"post_tag","embeddable":true,"href":"https:\/\/diariodominicano.com\/index.php?rest_route=%2Fwp%2Fv2%2Ftags&post=92379"}],"curies":[{"name":"wp","href":"https:\/\/api.w.org\/{rel}","templated":true}]}}