{"id":92377,"date":"2008-09-19T21:34:13","date_gmt":"2008-09-19T21:34:13","guid":{"rendered":"http:\/\/diariodominicano.ddns.net\/?p=92377"},"modified":"2008-09-19T21:34:13","modified_gmt":"2008-09-19T21:34:13","slug":"emmanuel-comparte-con-prensa-nacional","status":"publish","type":"post","link":"https:\/\/diariodominicano.com\/?p=92377","title":{"rendered":"Emmanuel comparte con prensa nacional"},"content":{"rendered":"<p><body><\/p>\n<p align=\"center\" class=\"titulogrande1\"><strong>Emmanuel  comparte con prensa nacional<\/strong> <\/p>\n<p>&#13;<\/p>\n<p align=\"justify\" class=\"text1noticias\"><strong><img loading=\"lazy\" decoding=\"async\" src=\"http:\/\/localhost:8080\/gente\/img\/emanuel concert.jpg\" width=\"375\" height=\"1078\" hspace=\"4\" align=\"left\" \/>Santo  Domingo.-<\/strong> Despu\u00e9s de casi ocho a\u00f1os de no venir a la Rep\u00fablica Dominicana  el cantante mejicano Emmanuel se presentar\u00e1 en territorio nacional este s\u00e1bado 20 a las 9:00 de la noche en  el\u00a0 Teatro La Fiesta del Hotel Jaragua  con su espect\u00e1culo \u201cEmmanuel Retro\u201d.<\/p>\n<p>&#13;<\/p>\n<p align=\"justify\" class=\"text1noticias\">El  concierto del astro mexicano est\u00e1 siendo organizado por Skypro a beneficio de la Fundaci\u00f3n Heart  Care Dominicana.<\/p>\n<p>&#13;<\/p>\n<p align=\"justify\" class=\"text1noticias\">Las boletas est\u00e1n a la venta en Uepa  Tickets, Club de Lectores del List\u00edn Diario,  Oficina Comercial de Tricom (L\u00f3pe de Vega) y en la boleter\u00eda del Teatro,  recordar que las mesas y sillas son numeradas, para mayor informaci\u00f3n (809) 221-1414 y (809) 227-5454.<\/p>\n<p>&#13;<\/p>\n<p align=\"justify\" class=\"text1noticias\"> El concierto cuenta con el\u00a0  patrocinado de: Telecable de Tricom,\u00a0 Grupo  Metro, Copa Airlines, ARS Humano, Brugal Extra Viejo, Miller, Yoka, Mej\u00eca  Arcal\u00e0, Delta Comercial con Lexus, Vinos S.A, Club de Lectores del List\u00ecn  Diario, Grupo 4 Securicor, Pinturas Tropical, Radio List\u00ecn, Radio Disney y Auto  Care. <\/p>\n<p>&#13;<\/p>\n<p align=\"justify\" class=\"text1noticias\"><strong>Biograf\u00eda<\/strong><\/p>\n<p>&#13;<\/p>\n<p align=\"justify\" class=\"text1noticias\">De su nombre real,  Jes\u00fas Emmanuel Acha Mart\u00ednez, extraer\u00eda el art\u00edstico, mismo que ha llevado por  todo el mundo en representaci\u00f3n del pop mel\u00f3dico hecho en M\u00e9xico.<br \/>&#13;<br \/>\n  <br \/>&#13;<br \/>\n  Tras ganar, en  1976, el concurso de la canci\u00f3n patrocinado por El Heraldo de M\u00e9xico -donde  tendr\u00eda como padrino a <a href=\"http:\/\/es.wikipedia.org\/wiki\/Pedro_Vargas\" title=\"Pedro Vargas\">Pedro Vargas<\/a>-, a  Emmanuel le lleg\u00f3 la hora de empezar una brillante carrera como cantante, y  lanz\u00f3 el disco 10 razones para cantar con el sello <a href=\"http:\/\/es.wikipedia.org\/wiki\/RCA\" title=\"RCA\">RCA<\/a>,  mismo que lo llev\u00f3 a intervenir en el <a href=\"http:\/\/es.wikipedia.org\/wiki\/Festival_de_la_OTI\" title=\"Festival de la OTI\">Festival de la OTI<\/a> quedando en un pol\u00e9mico segundo lugar. Un a\u00f1o m\u00e1s tarde graba el \u00e1lbum  \u00abAmor sin final\u00bb, con el que logra internacionalizarse, al cual  sigui\u00f3 otro exquisito y dulce \u00abAl final\u00bb.<br \/>&#13;<br \/>\n  <br \/>&#13;<br \/>\n  En 1980, al  conocer al compositor espa\u00f1ol <a href=\"http:\/\/es.wikipedia.org\/wiki\/Manuel_Alejandro\" title=\"Manuel Alejandro\">Manuel Alejandro<\/a>, conseguir\u00eda vender millones  de copias de su cuarto trabajo, \u00ab<a href=\"http:\/\/es.wikipedia.org\/wiki\/%C3%8Dntimamente\" title=\"\u00cdntimamente\">\u00cdntimamente<\/a>\u00ab, el cual es recordado por  canciones como \u2018Tengo mucho que aprender de ti\u2019, \u2018Quiero dormir cansado\u2019, \u2018Todo  se derrumb\u00f3\u2019 o \u2018Insoportablemente bella\u2019. Gracias a esta asociaci\u00f3n, Emmanuel  alcanzar\u00eda los primeros lugares de popularidad en el mercado espa\u00f1ol.<\/p>\n<p>&#13;<\/p>\n<h2 align=\"justify\" class=\"text1noticias\">A\u00f1os  1980<\/h2>\n<p>&#13;<\/p>\n<p align=\"justify\" class=\"text1noticias\">A principios de  los 80 la carrera del nuevo \u00eddolo se cimentar\u00eda con \u00e9xitos tan s\u00f3lidos como En  la soledad (1983) y Emmanuel (1984), con los cuales logra actuar por vez  primera en <a href=\"http:\/\/es.wikipedia.org\/wiki\/Espa%C3%B1a\" title=\"Espa\u00f1a\">Espa\u00f1a<\/a>. Un par de datos curiosos: Emmanuel  fue llamado para protagonizar un popular anuncio televisivo para un conocido  refresco al lado de una de las m\u00e1ximas figuras internacionales: <a href=\"http:\/\/es.wikipedia.org\/wiki\/Tina_Turner\" title=\"Tina Turner\">Tina Turner<\/a>. Tambi\u00e9n encarnar\u00eda al rey del  tango, <a href=\"http:\/\/es.wikipedia.org\/wiki\/Carlos_Gardel\" title=\"Carlos Gardel\">Carlos Gardel<\/a>,  en una propuesta personal para la televisi\u00f3n francesa.<\/p>\n<p>&#13;<\/p>\n<p align=\"justify\" class=\"text1noticias\">A\u00f1os  1990<\/p>\n<p>&#13;<\/p>\n<p align=\"justify\" class=\"text1noticias\">  Con el tiempo, la  calidad de Emmanuel no se mermar\u00eda, sino que se mantendr\u00eda viva entre sus miles  de admiradores de toda Latinoam\u00e9rica, s\u00f3lo que sus canciones no alcanzar\u00edan una  repercusi\u00f3n similar en la d\u00e9cada de los 90 que en la anterior por razones de la  efervescencia que viv\u00edan nuevos \u00eddolos juveniles.<br \/>&#13;<br \/>\n  <br \/>&#13;<br \/>\n  Durante esa d\u00e9cada  entregar\u00eda nuevas joyas de la <a href=\"http:\/\/es.wikipedia.org\/wiki\/L%C3%ADrica\" title=\"L\u00edrica\">l\u00edrica<\/a> rom\u00e1ntica, como <a href=\"http:\/\/es.wikipedia.org\/wiki\/Vida%28%C3%A1lbum_de_Emmanuel%29\" title=\"Vida(\u00e1lbum de Emmanuel)\">Vida<\/a> (1990), <a href=\"http:\/\/es.wikipedia.org\/w\/index.php?title=Ese_soy_yo&amp;action=edit&amp;redlink=1\" title=\"Ese soy yo (a\u00fan no redactado)\">Ese soy yo<\/a> (1992), <a href=\"http:\/\/es.wikipedia.org\/w\/index.php?title=Esta_aventura&amp;action=edit&amp;redlink=1\" title=\"Esta aventura (a\u00fan no redactado)\">Esta  aventura<\/a> (1994), <a href=\"http:\/\/es.wikipedia.org\/wiki\/Amor_Total\" title=\"Amor Total\">Amor Total<\/a> (1996)  y <a href=\"http:\/\/es.wikipedia.org\/w\/index.php?title=Sentirme_vivo&amp;action=edit&amp;redlink=1\" title=\"Sentirme vivo (a\u00fan no redactado)\">Sentirme  vivo<\/a> (1999), producido por el italiano <a href=\"http:\/\/es.wikipedia.org\/w\/index.php?title=Emanuele_Ruffinengo&amp;action=edit&amp;redlink=1\" title=\"Emanuele Ruffinengo (a\u00fan no redactado)\">Emanuele  Ruffinengo<\/a>, responsable del mayor \u00e9xito del espa\u00f1ol <a href=\"http:\/\/es.wikipedia.org\/wiki\/Alejandro_Sanz\" title=\"Alejandro Sanz\">Alejandro Sanz<\/a>.<br \/>&#13;<br \/>\n  <br \/>&#13;<br \/>\n  Con el respaldo de  Universal Music, Emmanuel entrega cl\u00e1sicos como &#8216;Todo Se Derrumbo&#8217;, &#8216;Al Final&#8217;,  &#8216;Insoportablemente Bella&#8217;,&#8217;El d\u00eda que puedas\u00b4,\u2018Sin caballero no hay dama\u2019, \u2018Esa  triste guitarra\u2019, \u2018Este terco coraz\u00f3n\u2019, \u2018Con olor a hierba\u2019, \u2018Ven Con el alma  desnuda\u2019, \u2018Tengo Mucho Que Aprender De Ti\u2019, \u2018Si este tiempo pudiera volver\u2019,  \u2018Detenedla ya\u2019, \u2018Pobre Diablo\u2019, \u2018<a href=\"http:\/\/es.wikipedia.org\/w\/index.php?title=La_chica_de_humo&amp;action=edit&amp;redlink=1\" title=\"La chica de humo (a\u00fan no redactado)\">La  chica de humo<\/a>\u2019,&#8217;Eso Era La   Vida&#8217;,\u2018Sentirme vivo\u2019 o \u2018Coraz\u00f3n de melao\u2019, qu\u00e9 junto con los  temas ya mencionados, demuestran que Emmanuel ha escrito p\u00e1ginas de oro en el <a href=\"http:\/\/es.wikipedia.org\/wiki\/Pop\" title=\"Pop\">pop<\/a> y la balada rom\u00e1ntica.<\/p>\n<p>&#13;<\/p>\n<h2 align=\"justify\" class=\"text1noticias\">Actualidad <\/h2>\n<p>&#13;<\/p>\n<p align=\"justify\" class=\"text1noticias\">Lleg\u00f3 2003 con la  esencia, profundidad y sabor de las ra\u00edces de la m\u00fasica latina en la voz de  Emmanuel y el \u00e1lbum <a href=\"http:\/\/es.wikipedia.org\/w\/index.php?title=Emmanuel_presenta...&amp;action=edit&amp;redlink=1\" title=\"Emmanuel presenta... (a\u00fan no redactado)\">Emmanuel  presenta&#8230;<\/a> . Una fusi\u00f3n de ritmos, sentimientos e ideas, una  explosi\u00f3n de energ\u00eda que rompe barreras de idiomas y generaciones uni\u00e9ndolos a  trav\u00e9s de un sonido, una letra. En Emmanuel nace la inquietud de realizar un  disco a trav\u00e9s del cual dirige sus sentimientos hacia temas que forman parte de  nuestras ra\u00edces latinas, que han recorrido e impregnado al mundo entero con sus  melod\u00edas, ritmo y sabor.<br \/>&#13;<br \/>\n  <br \/>&#13;<br \/>\n  Emmanuel  presenta&#8230; viene como un \u00c1lbum doble, en el cual el primer disco tiene 11  cl\u00e1sicos de la m\u00fasica contempor\u00e1nea latina con arreglos innovadores y actuales  producidos por Ruffinengo, con temas como \u2018La bamba\u2019, \u2018Pedro Navaja\u2019, \u2018El  bodeguero\u2019, \u2018Piel canela\u2019, \u2018Guajira\u2019 o \u2018Falsaria\u2019. Por otro lado, el segundo  disco incluye remezclas a cargo de DJ como Robbie Rivera, Roger S\u00e1nchez, DJ  Dero o Mijangos.<\/p>\n<p>&#13;<\/p>\n<h2 align=\"justify\" class=\"text1noticias\">Hombre Naturaleza <\/h2>\n<p>&#13;<\/p>\n<p align=\"justify\" class=\"text1noticias\">No se separa el  poeta, el cantante de la sensibilidad y la preocupaci\u00f3n por el medio ambiente.  Emmanuel es adem\u00e1s uno de los principales colaboradores de un movimiento  ecolog\u00edsta en M\u00e9xico \u00abMovimiento Hombre-Naturaleza\u00bb que propugna el  desarrollo equilibrado con el medio ambiente.<\/p>\n<p>&#13;<\/p>\n<h2 align=\"justify\" class=\"text1noticias\">Discograf\u00eda <\/h2>\n<p>&#13;<\/p>\n<div align=\"justify\">&#13;<\/p>\n<ul type=\"disc\">&#13;<\/p>\n<li class=\"text1noticias\"><em><a href=\"http:\/\/es.wikipedia.org\/wiki\/10_Razones_Para_Cantar\" title=\"10 Razones Para Cantar\">10 Razones Para       Cantar<\/a>(1976)<\/em> <\/li>\n<p>&#13;\n  <\/ul>\n<p>&#13;<\/p>\n<ul type=\"disc\">&#13;<\/p>\n<li class=\"text1noticias\"><em><a href=\"http:\/\/es.wikipedia.org\/wiki\/Amor_Sin_Final\" title=\"Amor Sin Final\">Amor Sin Final<\/a> (1977)<\/em> <\/li>\n<p>&#13;\n  <\/ul>\n<p>&#13;<\/p>\n<ul type=\"disc\">&#13;<\/p>\n<li class=\"text1noticias\"><em><a href=\"http:\/\/es.wikipedia.org\/wiki\/Al_Final\" title=\"Al Final\">Al Final<\/a> (1979)<\/em> <\/li>\n<p>&#13;\n  <\/ul>\n<p>&#13;<\/p>\n<ul type=\"disc\">&#13;<\/p>\n<li class=\"text1noticias\"><em><a href=\"http:\/\/es.wikipedia.org\/wiki\/%C3%8Dntimamente\" title=\"\u00cdntimamente\">\u00cdntimamente<\/a> (1980)<\/em> <\/li>\n<p>&#13;\n  <\/ul>\n<p>&#13;<\/p>\n<ul type=\"disc\">&#13;<\/p>\n<li class=\"text1noticias\"><em><a href=\"http:\/\/es.wikipedia.org\/wiki\/T%C3%BA_y_Yo\" title=\"T\u00fa y Yo\">T\u00fa y Yo<\/a> (1981)<\/em> <\/li>\n<p>&#13;\n  <\/ul>\n<p>&#13;<\/p>\n<ul type=\"disc\">&#13;<\/p>\n<li class=\"text1noticias\"><em><a href=\"http:\/\/es.wikipedia.org\/wiki\/En_la_Soledad\" title=\"En la Soledad\">En la Soledad<\/a> (1983)<\/em> <\/li>\n<p>&#13;\n  <\/ul>\n<p>&#13;<\/p>\n<ul type=\"disc\">&#13;<\/p>\n<li class=\"text1noticias\"><em><a href=\"http:\/\/es.wikipedia.org\/wiki\/Emmanuel%28%C3%A1lbum_de_Emmanuel%29\" title=\"Emmanuel(\u00e1lbum de Emmanuel)\">Emmanuel<\/a> (1984)<\/em> <\/li>\n<p>&#13;\n  <\/ul>\n<p>&#13;<\/p>\n<ul type=\"disc\">&#13;<\/p>\n<li class=\"text1noticias\"><em><a href=\"http:\/\/es.wikipedia.org\/wiki\/Desnudo%28%C3%A1lbum_de_Emmanuel%29\" title=\"Desnudo(\u00e1lbum de Emmanuel)\">Desnudo<\/a>(1986)<\/em> <\/li>\n<p>&#13;\n  <\/ul>\n<p>&#13;<\/p>\n<ul type=\"disc\">&#13;<\/p>\n<li class=\"text1noticias\"><em><a href=\"http:\/\/es.wikipedia.org\/wiki\/Entre_Lunas\" title=\"Entre Lunas\">Entre Lunas<\/a> (1988)<\/em> <\/li>\n<p>&#13;\n  <\/ul>\n<p>&#13;<\/p>\n<ul type=\"disc\">&#13;<\/p>\n<li class=\"text1noticias\"><em><a href=\"http:\/\/es.wikipedia.org\/wiki\/Quisiera\" title=\"Quisiera\">Quisiera<\/a> (1989)<\/em> <\/li>\n<p>&#13;\n  <\/ul>\n<p>&#13;<\/p>\n<ul type=\"disc\">&#13;<\/p>\n<li class=\"text1noticias\"><em><a href=\"http:\/\/es.wikipedia.org\/wiki\/Vida%28%C3%A1lbum_de_Emmanuel%29\" title=\"Vida(\u00e1lbum de Emmanuel)\">Vida<\/a> (1990)<\/em> <\/li>\n<p>&#13;\n  <\/ul>\n<p>&#13;<\/p>\n<ul type=\"disc\">&#13;<\/p>\n<li class=\"text1noticias\"><em><a href=\"http:\/\/es.wikipedia.org\/w\/index.php?title=Ese_Soy_Yo&amp;action=edit&amp;redlink=1\" title=\"Ese Soy Yo (a\u00fan no redactado)\">Ese Soy Yo<\/a> (1992)<\/em> <\/li>\n<p>&#13;\n  <\/ul>\n<p>&#13;<\/p>\n<ul type=\"disc\">&#13;<\/p>\n<li class=\"text1noticias\"><em><a href=\"http:\/\/es.wikipedia.org\/w\/index.php?title=Esta_Aventura&amp;action=edit&amp;redlink=1\" title=\"Esta Aventura (a\u00fan no redactado)\">Esta       Aventura<\/a> (1994)<\/em> <\/li>\n<p>&#13;\n  <\/ul>\n<p>&#13;<\/p>\n<ul type=\"disc\">&#13;<\/p>\n<li class=\"text1noticias\"><em><a href=\"http:\/\/es.wikipedia.org\/wiki\/Amor_Total\" title=\"Amor Total\">Amor Total<\/a> (1996)<\/em> <\/li>\n<p>&#13;\n  <\/ul>\n<p>&#13;<\/p>\n<ul type=\"disc\">&#13;<\/p>\n<li class=\"text1noticias\"><em><a href=\"http:\/\/es.wikipedia.org\/w\/index.php?title=Sentirme_Vivo&amp;action=edit&amp;redlink=1\" title=\"Sentirme Vivo (a\u00fan no redactado)\">Sentirme       Vivo<\/a> (1999)<\/em> <\/li>\n<p>&#13;\n  <\/ul>\n<p>&#13;<\/p>\n<ul type=\"disc\">&#13;<\/p>\n<li class=\"text1noticias\"><em><a href=\"http:\/\/es.wikipedia.org\/wiki\/Emmanuel_Presenta\" title=\"Emmanuel Presenta\">Emmanuel Presenta<\/a> (2003)<\/em> <\/li>\n<p>&#13;\n  <\/ul>\n<p>&#13;\n<\/p><\/div>\n<p>&#13;<\/p>\n<h6> 2008-09-19 21:34:13 <\/h6>\n<p><!--\n<link rel=\"stylesheet\" href=\"css\/bootstrap.min.css\">\n\n\n<ul class=\"pagination\">\n\t    \n\t\n\n<li >\n\t<a href='?page_no=20998'>Previous<\/a>\n\t<\/li>\n\n\n       \n    \n\n<li><a href='?page_no=1'>1<\/a><\/li>\n\n\n\n<li><a href='?page_no=2'>2<\/a><\/li>\n\n\n\n<li><a>...<\/a><\/li>\n\n\n\n<li><a href='?page_no=20997'>20997<\/a><\/li>\n\n\n\n<li><a href='?page_no=20998'>20998<\/a><\/li>\n\n\n\n<li class='active'><a>20999<\/a><\/li>\n\n\n\n<li><a href='?page_no=21000'>21000<\/a><\/li>\n\n\n\n<li><a href='?page_no=21001'>21001<\/a><\/li>\n\n\n\n<li><a>...<\/a><\/li>\n\n\n\n<li><a href='?page_no=22522'>22522<\/a><\/li>\n\n\n\n<li><a href='?page_no=22523'>22523<\/a><\/li>\n\n    \n\t\n\n<li >\n\t<a href='?page_no=21000'>Next<\/a>\n\t<\/li>\n\n\n    \n\n<li><a href='?page_no=22523'>Last &rsaquo;&rsaquo;<\/a><\/li>\n\n<\/ul>\n\n\n--><br \/>\n<\/body><\/p>\n","protected":false},"excerpt":{"rendered":"<p>Emmanuel comparte con prensa nacional &#13; Santo Domingo.- Despu\u00e9s de casi ocho a\u00f1os de no venir a la Rep\u00fablica Dominicana el cantante mejicano Emmanuel se presentar\u00e1 en territorio nacional este s\u00e1bado 20 a las 9:00 de la noche en el\u00a0 Teatro La Fiesta del Hotel Jaragua con su espect\u00e1culo \u201cEmmanuel Retro\u201d. &#13; El concierto del [&hellip;]<\/p>\n","protected":false},"author":3,"featured_media":0,"comment_status":"open","ping_status":"open","sticky":false,"template":"","format":"standard","meta":{"footnotes":""},"categories":[25],"tags":[],"class_list":["post-92377","post","type-post","status-publish","format-standard","hentry","category-gente"],"_links":{"self":[{"href":"https:\/\/diariodominicano.com\/index.php?rest_route=\/wp\/v2\/posts\/92377","targetHints":{"allow":["GET"]}}],"collection":[{"href":"https:\/\/diariodominicano.com\/index.php?rest_route=\/wp\/v2\/posts"}],"about":[{"href":"https:\/\/diariodominicano.com\/index.php?rest_route=\/wp\/v2\/types\/post"}],"author":[{"embeddable":true,"href":"https:\/\/diariodominicano.com\/index.php?rest_route=\/wp\/v2\/users\/3"}],"replies":[{"embeddable":true,"href":"https:\/\/diariodominicano.com\/index.php?rest_route=%2Fwp%2Fv2%2Fcomments&post=92377"}],"version-history":[{"count":0,"href":"https:\/\/diariodominicano.com\/index.php?rest_route=\/wp\/v2\/posts\/92377\/revisions"}],"wp:attachment":[{"href":"https:\/\/diariodominicano.com\/index.php?rest_route=%2Fwp%2Fv2%2Fmedia&parent=92377"}],"wp:term":[{"taxonomy":"category","embeddable":true,"href":"https:\/\/diariodominicano.com\/index.php?rest_route=%2Fwp%2Fv2%2Fcategories&post=92377"},{"taxonomy":"post_tag","embeddable":true,"href":"https:\/\/diariodominicano.com\/index.php?rest_route=%2Fwp%2Fv2%2Ftags&post=92377"}],"curies":[{"name":"wp","href":"https:\/\/api.w.org\/{rel}","templated":true}]}}