{"id":92376,"date":"2008-09-19T23:01:09","date_gmt":"2008-09-19T23:01:09","guid":{"rendered":"http:\/\/diariodominicano.ddns.net\/?p=92376"},"modified":"2008-09-19T23:01:09","modified_gmt":"2008-09-19T23:01:09","slug":"noche-de-recuerdos-presenta-gala-del-merengue-dominicano","status":"publish","type":"post","link":"https:\/\/diariodominicano.com\/?p=92376","title":{"rendered":"Noche de recuerdos  presenta Gala del Merengue Dominicano"},"content":{"rendered":"<p><body><\/p>\n<p class=\"titulogrande1\"><strong>Noche  de recuerdos \u00a0presenta Gala del Merengue  Dominicano<\/strong> <\/p>\n<p>&#13;<\/p>\n<p align=\"justify\" class=\"text1noticias\"><img loading=\"lazy\" decoding=\"async\" src=\"http:\/\/localhost:8080\/gente\/img\/merengue gala.jpg\" width=\"375\" height=\"286\" hspace=\"4\" align=\"left\" \/>Recordar es vivir, reza un viejo  refr\u00e1n\u00a0 y porque los recuerdos son un  calmante para el alma, se presentar\u00e1 el espect\u00e1culo \u201cNoche de Recuerdos\u2026Gala  del Merengue Dominicano\u201d.<\/p>\n<p>&#13;<\/p>\n<p align=\"justify\" class=\"text1noticias\">En el espect\u00e1culo ser\u00e1 presentado el  s\u00e1bado 18 de octubre en el\u00a0 Teatro La Fiesta del Hotel Jaragua y  contar\u00e1 con la participaci\u00f3n\u00a0 art\u00edstica  de la Orquesta  del maestro Rafael Mart\u00ednez, Papa Molina ya la S\u00faper Orquesta San  Jos\u00e9 y la Santa   Cecilia.<\/p>\n<p>&#13;<\/p>\n<p align=\"justify\" class=\"text1noticias\">Expres\u00f3 la se\u00f1ora Estela N\u00fa\u00f1ez,  directora general de Producciones EM, empresa que organiza el espect\u00e1culo, que  el mismo \u00a0va dirigido a un p\u00fablico adulto  que no tiene lugar donde disfrutar y bailar la m\u00fasica del ayer.<\/p>\n<p>&#13;<\/p>\n<p align=\"justify\" class=\"text1noticias\">\u201cEl espect\u00e1culo es una oportunidad de  remembrar aquellas fiestas que contaron con las mejores orquestas de la \u00e9poca,  las celebradas en el Patio Espa\u00f1ol del Hotel Jaragua\u201d, explic\u00f3 N\u00fa\u00f1ez.<\/p>\n<p>&#13;<\/p>\n<p align=\"justify\" class=\"text1noticias\">Agreg\u00f3 que \u201choy d\u00eda traemos todas  aquellas vivencias, con las mismas orquestas y voces predilectas de aquellos  tiempos y presentadas de igual forma en el sal\u00f3n la fiesta del hotel Jaragua\u201d.<\/p>\n<p>&#13;<\/p>\n<p align=\"justify\" class=\"text1noticias\">Las boletas para el espect\u00e1culo est\u00e1n  a la venta en la boleter\u00eda del teatro, en Ticket Express y en el Club de  Lectores del List\u00edn Diario.<\/p>\n<p>&#13;<\/p>\n<p align=\"justify\" class=\"text1noticias\">Los precios de las boletas son de RD$  1,000 VIP; RD$75 platea y RD$500.00 balc\u00f3n, para mayor informaci\u00f3n comunicarse  al tel\u00e9fono (809)221-1414. <\/p>\n<p>&#13;<\/p>\n<h6> 2008-09-19 23:01:09 <\/h6>\n<p><!--\n<link rel=\"stylesheet\" href=\"css\/bootstrap.min.css\">\n\n\n<ul class=\"pagination\">\n\t    \n\t\n\n<li >\n\t<a href='?page_no=20997'>Previous<\/a>\n\t<\/li>\n\n\n       \n    \n\n<li><a href='?page_no=1'>1<\/a><\/li>\n\n\n\n<li><a href='?page_no=2'>2<\/a><\/li>\n\n\n\n<li><a>...<\/a><\/li>\n\n\n\n<li><a href='?page_no=20996'>20996<\/a><\/li>\n\n\n\n<li><a href='?page_no=20997'>20997<\/a><\/li>\n\n\n\n<li class='active'><a>20998<\/a><\/li>\n\n\n\n<li><a href='?page_no=20999'>20999<\/a><\/li>\n\n\n\n<li><a href='?page_no=21000'>21000<\/a><\/li>\n\n\n\n<li><a>...<\/a><\/li>\n\n\n\n<li><a href='?page_no=22522'>22522<\/a><\/li>\n\n\n\n<li><a href='?page_no=22523'>22523<\/a><\/li>\n\n    \n\t\n\n<li >\n\t<a href='?page_no=20999'>Next<\/a>\n\t<\/li>\n\n\n    \n\n<li><a href='?page_no=22523'>Last &rsaquo;&rsaquo;<\/a><\/li>\n\n<\/ul>\n\n\n--><br \/>\n<\/body><\/p>\n","protected":false},"excerpt":{"rendered":"<p>Noche de recuerdos \u00a0presenta Gala del Merengue Dominicano &#13; Recordar es vivir, reza un viejo refr\u00e1n\u00a0 y porque los recuerdos son un calmante para el alma, se presentar\u00e1 el espect\u00e1culo \u201cNoche de Recuerdos\u2026Gala del Merengue Dominicano\u201d. &#13; En el espect\u00e1culo ser\u00e1 presentado el s\u00e1bado 18 de octubre en el\u00a0 Teatro La Fiesta del Hotel Jaragua [&hellip;]<\/p>\n","protected":false},"author":3,"featured_media":0,"comment_status":"open","ping_status":"open","sticky":false,"template":"","format":"standard","meta":{"footnotes":""},"categories":[25],"tags":[],"class_list":["post-92376","post","type-post","status-publish","format-standard","hentry","category-gente"],"_links":{"self":[{"href":"https:\/\/diariodominicano.com\/index.php?rest_route=\/wp\/v2\/posts\/92376","targetHints":{"allow":["GET"]}}],"collection":[{"href":"https:\/\/diariodominicano.com\/index.php?rest_route=\/wp\/v2\/posts"}],"about":[{"href":"https:\/\/diariodominicano.com\/index.php?rest_route=\/wp\/v2\/types\/post"}],"author":[{"embeddable":true,"href":"https:\/\/diariodominicano.com\/index.php?rest_route=\/wp\/v2\/users\/3"}],"replies":[{"embeddable":true,"href":"https:\/\/diariodominicano.com\/index.php?rest_route=%2Fwp%2Fv2%2Fcomments&post=92376"}],"version-history":[{"count":0,"href":"https:\/\/diariodominicano.com\/index.php?rest_route=\/wp\/v2\/posts\/92376\/revisions"}],"wp:attachment":[{"href":"https:\/\/diariodominicano.com\/index.php?rest_route=%2Fwp%2Fv2%2Fmedia&parent=92376"}],"wp:term":[{"taxonomy":"category","embeddable":true,"href":"https:\/\/diariodominicano.com\/index.php?rest_route=%2Fwp%2Fv2%2Fcategories&post=92376"},{"taxonomy":"post_tag","embeddable":true,"href":"https:\/\/diariodominicano.com\/index.php?rest_route=%2Fwp%2Fv2%2Ftags&post=92376"}],"curies":[{"name":"wp","href":"https:\/\/api.w.org\/{rel}","templated":true}]}}