{"id":92374,"date":"2008-09-22T16:10:38","date_gmt":"2008-09-22T16:10:38","guid":{"rendered":"http:\/\/diariodominicano.ddns.net\/?p=92374"},"modified":"2008-09-22T16:10:38","modified_gmt":"2008-09-22T16:10:38","slug":"jatnna-tavarez-de-la-comunicacion-a-la-politica","status":"publish","type":"post","link":"https:\/\/diariodominicano.com\/?p=92374","title":{"rendered":"Jatnna Tav\u00e1rez: \u00bfde la comunicaci\u00f3n a la pol\u00edtica?"},"content":{"rendered":"<p><body><\/p>\n<p align=\"center\" class=\"titulogrande1\"><strong>Jatnna Tav\u00e1rez: \u00bfde la comunicaci\u00f3n a la  pol\u00edtica?<\/strong><\/p>\n<p>&#13;<\/p>\n<p align=\"justify\" class=\"text1noticias\"><em>La comunicadora Jatnna Tav\u00e1rez, quien se  gradu\u00f3 de abogada y polit\u00f3loga, ofreci\u00f3 sus impresiones de la pol\u00edtica nacional  e internacional<\/em><\/p>\n<p>&#13;<\/p>\n<p align=\"justify\" class=\"text1noticias\"><img loading=\"lazy\" decoding=\"async\" src=\"http:\/\/localhost:8080\/gente\/img\/jana luz.jpg\" width=\"375\" height=\"509\" hspace=\"4\" align=\"left\" \/>El  pasado s\u00e1bado <strong>\u201cNoche de Luz\u201d<\/strong> present\u00f3 un plato fuerte con una entrevista a la reconocida comunicadora  dominicana Jatnna Tav\u00e1rez, en la cual recoge sus impresiones sobre la pol\u00edtica  nacional, si se vislumbra en un futuro como pol\u00edtica y si militar\u00eda en alg\u00fan  partido.<\/p>\n<p>&#13;<\/p>\n<p align=\"justify\" class=\"text1noticias\">Tav\u00e1rez  adem\u00e1s habl\u00f3 sobre los trabajos especiales que viene realizando junto a la  Primera Dama, Margarita Cede\u00f1o de Fern\u00e1ndez, desde su Despacho.<\/p>\n<p>&#13;<\/p>\n<p align=\"justify\" class=\"text1noticias\">Confes\u00f3  que le gusta la pol\u00edtica, pero sin demagogia, m\u00e1s bien como una plataforma de servicio a la comunidad que es lo que entiende  ha venido haciendo desde su rol como comunicadora. Dice que a trav\u00e9s de la  comunicaci\u00f3n ha podido servir y ser voz del p\u00fablico, del pueblo que desea  expresar lo que siente en determinados momentos.<\/p>\n<p>&#13;<\/p>\n<p align=\"justify\" class=\"text1noticias\">Dijo  que aunque no milita en ning\u00fan partido pol\u00edtico no es apol\u00edtica. Sobre  supuestas aspiraciones pol\u00edticas destac\u00f3 que ya el tiempo dir\u00e1, pero que en los  actuales momentos no puede plantear nada.<\/p>\n<p>&#13;<\/p>\n<p align=\"justify\" class=\"text1noticias\">En  otro segmento, el joven cantante Issa Gadala habl\u00f3 del giro positivo que est\u00e1  tomando su carrera y de lo complacido que est\u00e1 con el apoyo del p\u00fablico tras el  lanzamiento formal de su proyecto en Hard Rock Caf\u00e9. Gadala son\u00f3  insistentemente en la radio con el tema \u201cDevu\u00e9lveme\u201d y ahora intenta lograr  igual suerte con el corte \u201cBusco enamorarme\u201d.<\/p>\n<p>&#13;<\/p>\n<p align=\"justify\" class=\"text1noticias\">Mientras  que en <strong>\u201cCosas de Dos\u201d,<\/strong> Brenda  S\u00e1nchez y Michael Miguel hablaron de sus diferencias y coincidencias, a pesar  de las cuales han logrado conformar una excelente mancuerna al mediod\u00eda a  trav\u00e9s de \u201cEl Poder de las 12\u201d.<\/p>\n<p>&#13;<\/p>\n<p align=\"justify\" class=\"text1noticias\">En  \u201cFlashes\u201d, Keyther Est\u00e9vez present\u00f3 los tips de moda para los d\u00edas lluviosos, dependiendo  de la actividad en la que te desempe\u00f1as. <\/p>\n<p>&#13;<\/p>\n<p align=\"justify\" class=\"text1noticias\">Asimismo,  conocer\u00e1s a la ganadora del \u201cOasis Presidente\u201d, quien disfrut\u00f3 de un fin de  semana fuera de serie.<\/p>\n<p>&#13;<\/p>\n<p align=\"justify\" class=\"text1noticias\">En  ese mismo orden, el equipo de producci\u00f3n \u00a0present\u00f3 un reportaje titulado <strong>\u201cLos extranjeros en la TV\u201d,<\/strong> donde  estuvieron compartiendo figuras de la talla de Carmen Elena Manrique, Roberto  Cavada, Lourdes Rocha (Luli), Zeny Leyva, Esteban Martin, Alicia Ortega, entre  otras.<\/p>\n<p>&#13;<\/p>\n<h6> 2008-09-22 16:10:38 <\/h6>\n<p><!--\n<link rel=\"stylesheet\" href=\"css\/bootstrap.min.css\">\n\n\n<ul class=\"pagination\">\n\t    \n\t\n\n<li >\n\t<a href='?page_no=20995'>Previous<\/a>\n\t<\/li>\n\n\n       \n    \n\n<li><a href='?page_no=1'>1<\/a><\/li>\n\n\n\n<li><a href='?page_no=2'>2<\/a><\/li>\n\n\n\n<li><a>...<\/a><\/li>\n\n\n\n<li><a href='?page_no=20994'>20994<\/a><\/li>\n\n\n\n<li><a href='?page_no=20995'>20995<\/a><\/li>\n\n\n\n<li class='active'><a>20996<\/a><\/li>\n\n\n\n<li><a href='?page_no=20997'>20997<\/a><\/li>\n\n\n\n<li><a href='?page_no=20998'>20998<\/a><\/li>\n\n\n\n<li><a>...<\/a><\/li>\n\n\n\n<li><a href='?page_no=22522'>22522<\/a><\/li>\n\n\n\n<li><a href='?page_no=22523'>22523<\/a><\/li>\n\n    \n\t\n\n<li >\n\t<a href='?page_no=20997'>Next<\/a>\n\t<\/li>\n\n\n    \n\n<li><a href='?page_no=22523'>Last &rsaquo;&rsaquo;<\/a><\/li>\n\n<\/ul>\n\n\n--><br \/>\n<\/body><\/p>\n","protected":false},"excerpt":{"rendered":"<p>Jatnna Tav\u00e1rez: \u00bfde la comunicaci\u00f3n a la pol\u00edtica? &#13; La comunicadora Jatnna Tav\u00e1rez, quien se gradu\u00f3 de abogada y polit\u00f3loga, ofreci\u00f3 sus impresiones de la pol\u00edtica nacional e internacional &#13; El pasado s\u00e1bado \u201cNoche de Luz\u201d present\u00f3 un plato fuerte con una entrevista a la reconocida comunicadora dominicana Jatnna Tav\u00e1rez, en la cual recoge sus [&hellip;]<\/p>\n","protected":false},"author":3,"featured_media":0,"comment_status":"open","ping_status":"open","sticky":false,"template":"","format":"standard","meta":{"footnotes":""},"categories":[25],"tags":[],"class_list":["post-92374","post","type-post","status-publish","format-standard","hentry","category-gente"],"_links":{"self":[{"href":"https:\/\/diariodominicano.com\/index.php?rest_route=\/wp\/v2\/posts\/92374","targetHints":{"allow":["GET"]}}],"collection":[{"href":"https:\/\/diariodominicano.com\/index.php?rest_route=\/wp\/v2\/posts"}],"about":[{"href":"https:\/\/diariodominicano.com\/index.php?rest_route=\/wp\/v2\/types\/post"}],"author":[{"embeddable":true,"href":"https:\/\/diariodominicano.com\/index.php?rest_route=\/wp\/v2\/users\/3"}],"replies":[{"embeddable":true,"href":"https:\/\/diariodominicano.com\/index.php?rest_route=%2Fwp%2Fv2%2Fcomments&post=92374"}],"version-history":[{"count":0,"href":"https:\/\/diariodominicano.com\/index.php?rest_route=\/wp\/v2\/posts\/92374\/revisions"}],"wp:attachment":[{"href":"https:\/\/diariodominicano.com\/index.php?rest_route=%2Fwp%2Fv2%2Fmedia&parent=92374"}],"wp:term":[{"taxonomy":"category","embeddable":true,"href":"https:\/\/diariodominicano.com\/index.php?rest_route=%2Fwp%2Fv2%2Fcategories&post=92374"},{"taxonomy":"post_tag","embeddable":true,"href":"https:\/\/diariodominicano.com\/index.php?rest_route=%2Fwp%2Fv2%2Ftags&post=92374"}],"curies":[{"name":"wp","href":"https:\/\/api.w.org\/{rel}","templated":true}]}}