{"id":92373,"date":"2008-09-22T16:12:17","date_gmt":"2008-09-22T16:12:17","guid":{"rendered":"http:\/\/diariodominicano.ddns.net\/?p=92373"},"modified":"2008-09-22T16:12:17","modified_gmt":"2008-09-22T16:12:17","slug":"rubby-perez-el-mas-elegante-del-espectaculo-segun-sondeo","status":"publish","type":"post","link":"https:\/\/diariodominicano.com\/?p=92373","title":{"rendered":"Rubby P\u00e9rez, el m\u00e1s elegante del espect\u00e1culo seg\u00fan sondeo"},"content":{"rendered":"<p><body><\/p>\n<p class=\"titulogrande1\">Rubby P\u00e9rez, el m\u00e1s elegante  del espect\u00e1culo seg\u00fan sondeo<\/p>\n<p>&#13;<\/p>\n<p align=\"justify\" class=\"text1noticias\"><strong>SANTO DOMINGO.-<\/strong> Andar con  ropas caras no es la \u00fanica excusa para ser elegante, para llevarse esa corona  hay que cumplir con muchas reglas que seg\u00fan el estilista de los famosos  criollos, Alex Mac\u00eda, \u00a0esa solo la est\u00e1n  cumpliendo algunos hombres del espect\u00e1culo dominicano. <\/p>\n<p>&#13;<\/p>\n<p align=\"justify\" class=\"text1noticias\">As\u00ed encabeza el portal  Masvip.com.do\u00a0 la nota en que rese\u00f1a que  el merenguero Rubby P\u00e9rez encabeza la lista de los cinco hombres m\u00e1s  elegantes del espect\u00e1culo de la Rep\u00fablica Dominicana.<\/p>\n<p>&#13;<\/p>\n<p align=\"justify\" class=\"text1noticias\">El popular sitio de  entretenimiento hab\u00eda encomendado a Mac\u00eda, que seleccionara las figuras  dominicanas m\u00e1s finas en el buen vestir y P\u00e9rez se alz\u00f3 con la corona.<\/p>\n<p>&#13;<\/p>\n<p align=\"justify\" class=\"text1noticias\">\u00abMe llena de gran honor  el que me hayan escogido, siempre nos hemos preocupado por la imagen que es un  gran complemento en la profesi\u00f3n art\u00edstica. Agradezco a Masvip y a Alex Mac\u00eda,  todo un conocedor de la materia, por esa distinci\u00f3n\u00bb, dijo un emocionado  Rubby P\u00e9rez quien junto al cantante\u00a0 Michell  se deja escuchar a gran profusi\u00f3n en la radio con la salsa  \u00abExtra\u00f1\u00e1ndote\u00bb. <\/p>\n<p>&#13;<\/p>\n<p align=\"justify\" class=\"text1noticias\">P\u00e9rez hab\u00eda ganado  anteriormente en Masvip otra encuesta en la que se ped\u00eda la elecci\u00f3n de los  lectores de ese portal sobre los merengueros que a estas alturas merecen estar  entre los postulados al premio Casandra.<br \/>&#13;<br \/>\n  <br \/>&#13;<br \/>\n\u00abEsto es parte de las  cosas bonitas que han sucedido este a\u00f1o en mi carrera y de verdad que estoy  agradecido por Dios, porque ha sido El, quien ha dirigido estas buenas  nuevas\u00bb, proclam\u00f3 el artista conocido como \u00abla voz m\u00e1s alta del  merengue\u00bb.\u00a0 <\/p>\n<p>&#13;<\/p>\n<h6> 2008-09-22 16:12:17 <\/h6>\n<p><!--\n<link rel=\"stylesheet\" href=\"css\/bootstrap.min.css\">\n\n\n<ul class=\"pagination\">\n\t    \n\t\n\n<li >\n\t<a href='?page_no=20994'>Previous<\/a>\n\t<\/li>\n\n\n       \n    \n\n<li><a href='?page_no=1'>1<\/a><\/li>\n\n\n\n<li><a href='?page_no=2'>2<\/a><\/li>\n\n\n\n<li><a>...<\/a><\/li>\n\n\n\n<li><a href='?page_no=20993'>20993<\/a><\/li>\n\n\n\n<li><a href='?page_no=20994'>20994<\/a><\/li>\n\n\n\n<li class='active'><a>20995<\/a><\/li>\n\n\n\n<li><a href='?page_no=20996'>20996<\/a><\/li>\n\n\n\n<li><a href='?page_no=20997'>20997<\/a><\/li>\n\n\n\n<li><a>...<\/a><\/li>\n\n\n\n<li><a href='?page_no=22522'>22522<\/a><\/li>\n\n\n\n<li><a href='?page_no=22523'>22523<\/a><\/li>\n\n    \n\t\n\n<li >\n\t<a href='?page_no=20996'>Next<\/a>\n\t<\/li>\n\n\n    \n\n<li><a href='?page_no=22523'>Last &rsaquo;&rsaquo;<\/a><\/li>\n\n<\/ul>\n\n\n--><br \/>\n<\/body><\/p>\n","protected":false},"excerpt":{"rendered":"<p>Rubby P\u00e9rez, el m\u00e1s elegante del espect\u00e1culo seg\u00fan sondeo &#13; SANTO DOMINGO.- Andar con ropas caras no es la \u00fanica excusa para ser elegante, para llevarse esa corona hay que cumplir con muchas reglas que seg\u00fan el estilista de los famosos criollos, Alex Mac\u00eda, \u00a0esa solo la est\u00e1n cumpliendo algunos hombres del espect\u00e1culo dominicano. &#13; [&hellip;]<\/p>\n","protected":false},"author":3,"featured_media":0,"comment_status":"open","ping_status":"open","sticky":false,"template":"","format":"standard","meta":{"footnotes":""},"categories":[25],"tags":[],"class_list":["post-92373","post","type-post","status-publish","format-standard","hentry","category-gente"],"_links":{"self":[{"href":"https:\/\/diariodominicano.com\/index.php?rest_route=\/wp\/v2\/posts\/92373","targetHints":{"allow":["GET"]}}],"collection":[{"href":"https:\/\/diariodominicano.com\/index.php?rest_route=\/wp\/v2\/posts"}],"about":[{"href":"https:\/\/diariodominicano.com\/index.php?rest_route=\/wp\/v2\/types\/post"}],"author":[{"embeddable":true,"href":"https:\/\/diariodominicano.com\/index.php?rest_route=\/wp\/v2\/users\/3"}],"replies":[{"embeddable":true,"href":"https:\/\/diariodominicano.com\/index.php?rest_route=%2Fwp%2Fv2%2Fcomments&post=92373"}],"version-history":[{"count":0,"href":"https:\/\/diariodominicano.com\/index.php?rest_route=\/wp\/v2\/posts\/92373\/revisions"}],"wp:attachment":[{"href":"https:\/\/diariodominicano.com\/index.php?rest_route=%2Fwp%2Fv2%2Fmedia&parent=92373"}],"wp:term":[{"taxonomy":"category","embeddable":true,"href":"https:\/\/diariodominicano.com\/index.php?rest_route=%2Fwp%2Fv2%2Fcategories&post=92373"},{"taxonomy":"post_tag","embeddable":true,"href":"https:\/\/diariodominicano.com\/index.php?rest_route=%2Fwp%2Fv2%2Ftags&post=92373"}],"curies":[{"name":"wp","href":"https:\/\/api.w.org\/{rel}","templated":true}]}}