{"id":92372,"date":"2008-09-22T16:14:21","date_gmt":"2008-09-22T16:14:21","guid":{"rendered":"http:\/\/diariodominicano.ddns.net\/?p=92372"},"modified":"2008-09-22T16:14:21","modified_gmt":"2008-09-22T16:14:21","slug":"ademprotel-se-solidariza-con-los-productores-y-periodistas-dominicanos","status":"publish","type":"post","link":"https:\/\/diariodominicano.com\/?p=92372","title":{"rendered":"ADEMPROTEL  se solidariza con los Productores y periodistas dominicanos"},"content":{"rendered":"<p><body><\/p>\n<p class=\"titulogrande1\"><strong>ADEMPROTEL\u00a0  se solidariza con los Productores y periodistas dominicanos<\/strong><\/p>\n<p>&#13;<\/p>\n<p align=\"justify\" class=\"text1noticias\">La Asociaci\u00f3n de\u00a0 Empresas\u00a0 de Productores de Televisi\u00f3n (ADEMPROTEL)  manifest\u00f3 su solidaridad con los periodistas Nuria Piera y Huchi Lora ante la  decisi\u00f3n de un juez que ordena la incautaci\u00f3n de sus videos y discos compactos  sin editar junto a otros materiales de trabajos de investigaci\u00f3n que reposan en  los archivos de sus respectivas oficinas.<br \/>&#13;<br \/>\n    <br \/>&#13;<br \/>\nTania Baez, Milagros German y Fernando Hasbun, miembros de la Junta Directiva  de Ademprotel\u00a0 se refirieron a que\u00a0 una decisi\u00f3n como la ordenada por  el juez Felipe Molina Abreu, de la Segunda Sala Penal del Juzgado de Primera  Instancia del Distrito Nacional,\u00a0 constituye una amenaza grave contra el  libre ejercicio del periodismo en Rep\u00fablica Dominicana.<\/p>\n<p>&#13;<\/p>\n<p align=\"justify\" class=\"text1noticias\">\u00a0Ademprotel coincidi\u00f3 con los juicios emitidos\u00a0 en M\u00e9xico por la Sociedad  Interamericana de Prensa (SIP) cuando se\u00f1al\u00f3 que la disposici\u00f3n del juez Molina  Abreu crea un mal precedente debido a que \u201clos periodistas investigativos  podr\u00edan autocensurarse ante la posibilidad de que no contaran con la protecci\u00f3n  necesaria para sus fuentes que le permitan hacer denuncias de su inter\u00e9s y  relevancia p\u00fablica\u201d. \u00a0\u00a0\u00a0\u00a0\u00a0\u00a0\u00a0 <\/p>\n<p>&#13;<\/p>\n<p align=\"justify\" class=\"text1noticias\">Ademprotel, la entidad que agrupa a  los principales productores de televisi\u00f3n\u00a0 del pa\u00eds, refiri\u00f3 como otro  intento por acallar las voces que desde los medios defienden a la ciudadan\u00eda,  el sometimiento contra otra de las miembros de su entidad,\u00a0 la periodista,  Alicia Ortega, hecho por una firma que se hace llamar WM Comercializadora  Interamericana, despu\u00e9s que difundi\u00f3 en su programa denuncias de personas que  se dec\u00edan enga\u00f1adas por la supuesta empresa de empleos.<br \/>&#13;<br \/>\n  <br \/>&#13;<br \/>\nEl juicio de fondo para  conocer el sometimiento fue fijado por el juez Molina Abreu para el 26 de los  corrientes.<br \/>&#13;<br \/>\n<br \/>&#13;<br \/>\n.Al  hacer p\u00fablico su solidaridad a \u00a0todos los periodistas dominicanos que  \u00faltimamente han sido sometidos a los tribunales,\u00a0 la junta directiva de  Ademprotel, proclam\u00f3 que\u00a0 invita a todos sus miembros a mantenerse unidos  y alertas, para adoptar posturas contundentes, \u00a0frente a lo que parece  convertirse en un nuevo esquema de persecuci\u00f3n a la prensa objetiva y dispuesta  a asumir con responsabilidad el rol que le toca desempe\u00f1ar en la sociedad. <\/p>\n<p>&#13;<\/p>\n<h6> 2008-09-22 16:14:21 <\/h6>\n<p><!--\n<link rel=\"stylesheet\" href=\"css\/bootstrap.min.css\">\n\n\n<ul class=\"pagination\">\n\t    \n\t\n\n<li >\n\t<a href='?page_no=20993'>Previous<\/a>\n\t<\/li>\n\n\n       \n    \n\n<li><a href='?page_no=1'>1<\/a><\/li>\n\n\n\n<li><a href='?page_no=2'>2<\/a><\/li>\n\n\n\n<li><a>...<\/a><\/li>\n\n\n\n<li><a href='?page_no=20992'>20992<\/a><\/li>\n\n\n\n<li><a href='?page_no=20993'>20993<\/a><\/li>\n\n\n\n<li class='active'><a>20994<\/a><\/li>\n\n\n\n<li><a href='?page_no=20995'>20995<\/a><\/li>\n\n\n\n<li><a href='?page_no=20996'>20996<\/a><\/li>\n\n\n\n<li><a>...<\/a><\/li>\n\n\n\n<li><a href='?page_no=22522'>22522<\/a><\/li>\n\n\n\n<li><a href='?page_no=22523'>22523<\/a><\/li>\n\n    \n\t\n\n<li >\n\t<a href='?page_no=20995'>Next<\/a>\n\t<\/li>\n\n\n    \n\n<li><a href='?page_no=22523'>Last &rsaquo;&rsaquo;<\/a><\/li>\n\n<\/ul>\n\n\n--><br \/>\n<\/body><\/p>\n","protected":false},"excerpt":{"rendered":"<p>ADEMPROTEL\u00a0 se solidariza con los Productores y periodistas dominicanos &#13; La Asociaci\u00f3n de\u00a0 Empresas\u00a0 de Productores de Televisi\u00f3n (ADEMPROTEL) manifest\u00f3 su solidaridad con los periodistas Nuria Piera y Huchi Lora ante la decisi\u00f3n de un juez que ordena la incautaci\u00f3n de sus videos y discos compactos sin editar junto a otros materiales de trabajos de [&hellip;]<\/p>\n","protected":false},"author":3,"featured_media":0,"comment_status":"open","ping_status":"open","sticky":false,"template":"","format":"standard","meta":{"footnotes":""},"categories":[25],"tags":[],"class_list":["post-92372","post","type-post","status-publish","format-standard","hentry","category-gente"],"_links":{"self":[{"href":"https:\/\/diariodominicano.com\/index.php?rest_route=\/wp\/v2\/posts\/92372","targetHints":{"allow":["GET"]}}],"collection":[{"href":"https:\/\/diariodominicano.com\/index.php?rest_route=\/wp\/v2\/posts"}],"about":[{"href":"https:\/\/diariodominicano.com\/index.php?rest_route=\/wp\/v2\/types\/post"}],"author":[{"embeddable":true,"href":"https:\/\/diariodominicano.com\/index.php?rest_route=\/wp\/v2\/users\/3"}],"replies":[{"embeddable":true,"href":"https:\/\/diariodominicano.com\/index.php?rest_route=%2Fwp%2Fv2%2Fcomments&post=92372"}],"version-history":[{"count":0,"href":"https:\/\/diariodominicano.com\/index.php?rest_route=\/wp\/v2\/posts\/92372\/revisions"}],"wp:attachment":[{"href":"https:\/\/diariodominicano.com\/index.php?rest_route=%2Fwp%2Fv2%2Fmedia&parent=92372"}],"wp:term":[{"taxonomy":"category","embeddable":true,"href":"https:\/\/diariodominicano.com\/index.php?rest_route=%2Fwp%2Fv2%2Fcategories&post=92372"},{"taxonomy":"post_tag","embeddable":true,"href":"https:\/\/diariodominicano.com\/index.php?rest_route=%2Fwp%2Fv2%2Ftags&post=92372"}],"curies":[{"name":"wp","href":"https:\/\/api.w.org\/{rel}","templated":true}]}}