{"id":92371,"date":"2008-09-22T17:30:11","date_gmt":"2008-09-22T17:30:11","guid":{"rendered":"http:\/\/diariodominicano.ddns.net\/?p=92371"},"modified":"2008-09-22T17:30:11","modified_gmt":"2008-09-22T17:30:11","slug":"estrenara-nuevo-tema-cadena-de-radio","status":"publish","type":"post","link":"https:\/\/diariodominicano.com\/?p=92371","title":{"rendered":"Estrenar\u00e1 nuevo tema cadena de radio"},"content":{"rendered":"<p><body><\/p>\n<p><strong>Frank Reyes<br \/>&#13;<br \/>\n  <\/strong><br \/>&#13;<br \/>\n  <strong class=\"titulogrande1\">Estrenar\u00e1 nuevo tema cadena de radio<\/strong><\/p>\n<p>&#13;<\/p>\n<p align=\"justify\" class=\"text1noticias\"><strong>Estar\u00e1 de gira todo octubre por Estados Unidos<\/strong><\/p>\n<p>&#13;<\/p>\n<p align=\"justify\" class=\"text1noticias\"><img loading=\"lazy\" decoding=\"async\" src=\"http:\/\/localhost:8080\/gente\/img\/frank calle.jpg\" width=\"375\" height=\"278\" hspace=\"4\" align=\"left\" \/>La oficina del popular interprete  del genero amargue, Frank Reyes, inform\u00f3 que\u00a0  el pais conocera\u00a0 el nuevo corte  del artista tituldo \u201cCuando te vi con el\u201d, en una cadena de radio, el pr\u00f3ximo  martes 23, a partir de las 3 de la tarde.<\/p>\n<p>&#13;<\/p>\n<p align=\"justify\" class=\"text1noticias\">Sergio Santiago, manager, dijo  que las estaciones radiales que estar\u00e1n en cadena estrenando el nuevo corte, la  encabezan,\u00a0 Rumba , Cima 100,  Independencia FM, Supra, Universal, Fiesta FM y Neon.<\/p>\n<p>&#13;<\/p>\n<p align=\"justify\" class=\"text1noticias\">\u201cCuando te vi con el\u201d, \u00a0en apenas dias, ocupa excelente posici\u00f3n,  dentro del publico, que espera \u201calgo nuevo\u201d, del interprete de \u201cPrincesa\u201d,\u00a0 y a\u00f1adi\u00f3, que ma\u00f1ana \u201c a partir de las 3 de  la tarde, ser\u00e1 el lanzamiento oficial del corte\u201d.<\/p>\n<p>&#13;<\/p>\n<p align=\"justify\" class=\"text1noticias\">Santiago se\u00f1al\u00f3 que el tema conto  con el\u00a0\u00a0 arreglo del \u00a0musico dominicano, Carlos \u201cLa Magia\u201d y apunt\u00f3,  que Frank Reyes, se posicionara en lugares importantes, dentro del rating  bachatero, \u00a0con este nuevo trabajo. Las  letras son autoria de Micky, joven\u00a0 dominicano  radicado en Estados Unidos.<\/p>\n<p>&#13;<\/p>\n<p align=\"justify\" class=\"text1noticias\">Reyes, con su producci\u00f3n \u201cTe  regalo el mar\u201d, se ha mantenido todo el a\u00f1o, sonando en las principales  estaciones radiales nacionales e internacionales. La revista Billboard, se ha  mantenido destacando la carrera del artista, quien ha ocupado posiciones  privilegiada con sus temas \u201cTe regalo el mar\u201d y \u201cAmor desperdiciado\u201d.<\/p>\n<p>&#13;<\/p>\n<p align=\"justify\" class=\"text1noticias\">El corte retrata un Frank Reyes,  ahogado en el desamor,\u00a0 y una magistral  interpretacion, que\u00a0 le presagia, la  aceptacion\u00a0 del mismo, por parte del publico,  que esperaba algo \u201cnuevo del Principe\u201d.<\/p>\n<p>&#13;<\/p>\n<p align=\"justify\" class=\"text1noticias\">Por otra parte, Santiago, dijo  que Reyes saldra del pais a principio de octubre a Estados Unidos, que lo  mantendra\u00a0 por espacio de \u00a0un mes, amenizando actividades en Boston,  Philadelphia, Providence, Loren, entre otros estados de La Union, en una gira  organizada por Augusto Camacho en coordinacion con Pedro Aquino.<\/p>\n<p>&#13;<\/p>\n<h6> 2008-09-22 17:30:11 <\/h6>\n<p><!--\n<link rel=\"stylesheet\" href=\"css\/bootstrap.min.css\">\n\n\n<ul class=\"pagination\">\n\t    \n\t\n\n<li >\n\t<a href='?page_no=20992'>Previous<\/a>\n\t<\/li>\n\n\n       \n    \n\n<li><a href='?page_no=1'>1<\/a><\/li>\n\n\n\n<li><a href='?page_no=2'>2<\/a><\/li>\n\n\n\n<li><a>...<\/a><\/li>\n\n\n\n<li><a href='?page_no=20991'>20991<\/a><\/li>\n\n\n\n<li><a href='?page_no=20992'>20992<\/a><\/li>\n\n\n\n<li class='active'><a>20993<\/a><\/li>\n\n\n\n<li><a href='?page_no=20994'>20994<\/a><\/li>\n\n\n\n<li><a href='?page_no=20995'>20995<\/a><\/li>\n\n\n\n<li><a>...<\/a><\/li>\n\n\n\n<li><a href='?page_no=22522'>22522<\/a><\/li>\n\n\n\n<li><a href='?page_no=22523'>22523<\/a><\/li>\n\n    \n\t\n\n<li >\n\t<a href='?page_no=20994'>Next<\/a>\n\t<\/li>\n\n\n    \n\n<li><a href='?page_no=22523'>Last &rsaquo;&rsaquo;<\/a><\/li>\n\n<\/ul>\n\n\n--><br \/>\n<\/body><\/p>\n","protected":false},"excerpt":{"rendered":"<p>Frank Reyes&#13; &#13; Estrenar\u00e1 nuevo tema cadena de radio &#13; Estar\u00e1 de gira todo octubre por Estados Unidos &#13; La oficina del popular interprete del genero amargue, Frank Reyes, inform\u00f3 que\u00a0 el pais conocera\u00a0 el nuevo corte del artista tituldo \u201cCuando te vi con el\u201d, en una cadena de radio, el pr\u00f3ximo martes 23, a [&hellip;]<\/p>\n","protected":false},"author":3,"featured_media":0,"comment_status":"open","ping_status":"open","sticky":false,"template":"","format":"standard","meta":{"footnotes":""},"categories":[25],"tags":[],"class_list":["post-92371","post","type-post","status-publish","format-standard","hentry","category-gente"],"_links":{"self":[{"href":"https:\/\/diariodominicano.com\/index.php?rest_route=\/wp\/v2\/posts\/92371","targetHints":{"allow":["GET"]}}],"collection":[{"href":"https:\/\/diariodominicano.com\/index.php?rest_route=\/wp\/v2\/posts"}],"about":[{"href":"https:\/\/diariodominicano.com\/index.php?rest_route=\/wp\/v2\/types\/post"}],"author":[{"embeddable":true,"href":"https:\/\/diariodominicano.com\/index.php?rest_route=\/wp\/v2\/users\/3"}],"replies":[{"embeddable":true,"href":"https:\/\/diariodominicano.com\/index.php?rest_route=%2Fwp%2Fv2%2Fcomments&post=92371"}],"version-history":[{"count":0,"href":"https:\/\/diariodominicano.com\/index.php?rest_route=\/wp\/v2\/posts\/92371\/revisions"}],"wp:attachment":[{"href":"https:\/\/diariodominicano.com\/index.php?rest_route=%2Fwp%2Fv2%2Fmedia&parent=92371"}],"wp:term":[{"taxonomy":"category","embeddable":true,"href":"https:\/\/diariodominicano.com\/index.php?rest_route=%2Fwp%2Fv2%2Fcategories&post=92371"},{"taxonomy":"post_tag","embeddable":true,"href":"https:\/\/diariodominicano.com\/index.php?rest_route=%2Fwp%2Fv2%2Ftags&post=92371"}],"curies":[{"name":"wp","href":"https:\/\/api.w.org\/{rel}","templated":true}]}}