{"id":92370,"date":"2008-09-22T18:42:08","date_gmt":"2008-09-22T18:42:08","guid":{"rendered":"http:\/\/diariodominicano.ddns.net\/?p=92370"},"modified":"2008-09-22T18:42:08","modified_gmt":"2008-09-22T18:42:08","slug":"marel-alemany-actuara-en-el-maunaloa","status":"publish","type":"post","link":"https:\/\/diariodominicano.com\/?p=92370","title":{"rendered":"MAREL ALEMANY ACTUAR\u00c0 EN EL MAUNALOA"},"content":{"rendered":"<p><body><\/p>\n<p class=\"titulogrande1\"><strong>MAREL  ALEMANY ACTUAR\u00c0 EN EL MAUNALOA<\/strong><\/p>\n<p>&#13;<\/p>\n<p align=\"justify\" class=\"text1noticias\"><em>\u201cEl  moderno y joven artista estar\u00e1 ante el reto este fin de semana de llenar el  referido centro nocturno y conf\u00eda en que el gran p\u00fablico lo respaldar\u00e1  especialmente la juventud\u201d<\/em><\/p>\n<p>&#13;<\/p>\n<p align=\"justify\" class=\"text1noticias\"><strong><img loading=\"lazy\" decoding=\"async\" src=\"http:\/\/localhost:8080\/gente\/img\/marel mauna.jpg\" width=\"375\" height=\"837\" hspace=\"4\" align=\"left\" \/>Santo Domingo<\/strong>.- Marel  Alemany, uno de los artistas j\u00f3venes de mayor impacto en los \u00faltimos tiempos y  uno de los m\u00e1s respetados en el mercado nacional de la m\u00fasica dominicana est\u00e1  ante un gran reto cuando presente este s\u00e1bado 27 en el Maunaloa Night Club el  concierto \u201cDe Papel\u201d\u00a0 a partir de las 10  de la noche.<\/p>\n<p>&#13;<\/p>\n<p align=\"justify\" class=\"text1noticias\">Desde  lanzamiento de su primer disco titulado \u201cDe Papel\u201d, Marel Alemany, quien se  hace acompa\u00f1ar de una banda de reputados m\u00fasicos como Peter\u00a0 Nova, Karel Kalaf, Ely V\u00e1squez y Rocky Raful,  se ha mantenido conquistando seguidores con su m\u00fasica y por el contenido literario  de sus movidas canciones sociales.<\/p>\n<p>&#13;<\/p>\n<p align=\"justify\" class=\"text1noticias\"> Llega ahora al  Maunaloa, gracias a las empresarias Damaris Polanco viuda Mat\u00edas y Delia Abreu,  la ex esposa de Augusto Guerrero, quienes lo han contratado por su gran calidad  esc\u00e9nica e interpretativa y sus exitosas presentaciones en Casa de Teatro y en  otros importantes lugares.<\/p>\n<p>&#13;<\/p>\n<p align=\"justify\" class=\"text1noticias\">Entre los  \u00e9xitos discogr\u00e1ficos de Marel Alemany se resaltan canciones como \u201cNada\u201d,  \u201cLucecita\u201d y \u201cPalabras en el aire\u201d, las cuales podr\u00e1n ser disfrutadas a todo pulm\u00f3n  por el gran p\u00fablico que acude al Maunaloa.<\/p>\n<p>&#13;<\/p>\n<p align=\"justify\" class=\"text1noticias\">\u201cLucecita\u201d ha  sido una canci\u00f3n que ha ocupado las primeras posiciones de los conteos de la  95.7 La Nota Diferente,  la X-102 y  99.7\u00a0 Radio List\u00edn, principales  emisoras\u00a0 adulto-joven de Santo Domingo.<\/p>\n<p>&#13;<\/p>\n<p align=\"justify\" class=\"text1noticias\">Respecto a las  presentaciones que ha hecho en Casa de Teatro, Marel Alemany, reflexion\u00f3 que se  trata \u201cde un p\u00fablico muy exigente, porque por ah\u00ed han pasado de los mejores  cantautores del pa\u00eds, sino todos. Fue una bonita experiencia que me ayud\u00f3 mucho  a encontrar ese equilibrio entre el gozo personal y la comunicaci\u00f3n con el  p\u00fablico\u201d.<\/p>\n<p>&#13;<\/p>\n<p align=\"justify\" class=\"text1noticias\"> Marel Alemany  se present\u00f3 con \u00e9xito del 7 al 11 de julio pasado en Nueva York durante la  celebraci\u00f3n\u00a0 del Aternative Music  Conference junto al destacado grupo \u201cTaxi Amarillo\u201d. Tambi\u00e9n se ha presentado  en la Sala Manuel  Rueda junto al humorista Carlos S\u00e1nchez y el grupo Pie Izquierdo.<\/p>\n<p>&#13;<\/p>\n<p align=\"justify\" class=\"text1noticias\">Asimismo, la  canci\u00f3n \u201cNada\u201d sirvi\u00f3 de tema promocional de la telenovela \u201cGitana\u201d transmitida  por Telecentro canal 13.\u00a0 \u201cConf\u00edo en que  contar\u00e9 con el apoyo del p\u00fablico en el Maunaloa y especialmente con el respaldo  de la juventud\u201d, confi\u00f3 Marel Alemany.<\/p>\n<p>&#13;<\/p>\n<h6> 2008-09-22 18:42:08 <\/h6>\n<p><!--\n<link rel=\"stylesheet\" href=\"css\/bootstrap.min.css\">\n\n\n<ul class=\"pagination\">\n\t    \n\t\n\n<li >\n\t<a href='?page_no=20991'>Previous<\/a>\n\t<\/li>\n\n\n       \n    \n\n<li><a href='?page_no=1'>1<\/a><\/li>\n\n\n\n<li><a href='?page_no=2'>2<\/a><\/li>\n\n\n\n<li><a>...<\/a><\/li>\n\n\n\n<li><a href='?page_no=20990'>20990<\/a><\/li>\n\n\n\n<li><a href='?page_no=20991'>20991<\/a><\/li>\n\n\n\n<li class='active'><a>20992<\/a><\/li>\n\n\n\n<li><a href='?page_no=20993'>20993<\/a><\/li>\n\n\n\n<li><a href='?page_no=20994'>20994<\/a><\/li>\n\n\n\n<li><a>...<\/a><\/li>\n\n\n\n<li><a href='?page_no=22522'>22522<\/a><\/li>\n\n\n\n<li><a href='?page_no=22523'>22523<\/a><\/li>\n\n    \n\t\n\n<li >\n\t<a href='?page_no=20993'>Next<\/a>\n\t<\/li>\n\n\n    \n\n<li><a href='?page_no=22523'>Last &rsaquo;&rsaquo;<\/a><\/li>\n\n<\/ul>\n\n\n--><br \/>\n<\/body><\/p>\n","protected":false},"excerpt":{"rendered":"<p>MAREL ALEMANY ACTUAR\u00c0 EN EL MAUNALOA &#13; \u201cEl moderno y joven artista estar\u00e1 ante el reto este fin de semana de llenar el referido centro nocturno y conf\u00eda en que el gran p\u00fablico lo respaldar\u00e1 especialmente la juventud\u201d &#13; Santo Domingo.- Marel Alemany, uno de los artistas j\u00f3venes de mayor impacto en los \u00faltimos tiempos [&hellip;]<\/p>\n","protected":false},"author":3,"featured_media":0,"comment_status":"open","ping_status":"open","sticky":false,"template":"","format":"standard","meta":{"footnotes":""},"categories":[25],"tags":[],"class_list":["post-92370","post","type-post","status-publish","format-standard","hentry","category-gente"],"_links":{"self":[{"href":"https:\/\/diariodominicano.com\/index.php?rest_route=\/wp\/v2\/posts\/92370","targetHints":{"allow":["GET"]}}],"collection":[{"href":"https:\/\/diariodominicano.com\/index.php?rest_route=\/wp\/v2\/posts"}],"about":[{"href":"https:\/\/diariodominicano.com\/index.php?rest_route=\/wp\/v2\/types\/post"}],"author":[{"embeddable":true,"href":"https:\/\/diariodominicano.com\/index.php?rest_route=\/wp\/v2\/users\/3"}],"replies":[{"embeddable":true,"href":"https:\/\/diariodominicano.com\/index.php?rest_route=%2Fwp%2Fv2%2Fcomments&post=92370"}],"version-history":[{"count":0,"href":"https:\/\/diariodominicano.com\/index.php?rest_route=\/wp\/v2\/posts\/92370\/revisions"}],"wp:attachment":[{"href":"https:\/\/diariodominicano.com\/index.php?rest_route=%2Fwp%2Fv2%2Fmedia&parent=92370"}],"wp:term":[{"taxonomy":"category","embeddable":true,"href":"https:\/\/diariodominicano.com\/index.php?rest_route=%2Fwp%2Fv2%2Fcategories&post=92370"},{"taxonomy":"post_tag","embeddable":true,"href":"https:\/\/diariodominicano.com\/index.php?rest_route=%2Fwp%2Fv2%2Ftags&post=92370"}],"curies":[{"name":"wp","href":"https:\/\/api.w.org\/{rel}","templated":true}]}}