{"id":92369,"date":"2008-09-23T14:54:45","date_gmt":"2008-09-23T14:54:45","guid":{"rendered":"http:\/\/diariodominicano.ddns.net\/?p=92369"},"modified":"2008-09-23T14:54:45","modified_gmt":"2008-09-23T14:54:45","slug":"kola-real-presenta-nueva-campana-publicitaria","status":"publish","type":"post","link":"https:\/\/diariodominicano.com\/?p=92369","title":{"rendered":"Kola Real presenta nueva campa\u00f1a publicitaria"},"content":{"rendered":"<p><body><\/p>\n<p align=\"justify\"><strong class=\"titulogrande1\">Kola Real  presenta nueva campa\u00f1a publicitaria<\/strong><br \/>&#13;<br \/>\n    <strong>\u00a0<\/strong><br \/>&#13;<br \/>\n    <span class=\"text1noticias\"><strong><img loading=\"lazy\" decoding=\"async\" src=\"http:\/\/localhost:8080\/gente\/img\/kola present.jpg\" width=\"375\" height=\"253\" hspace=\"4\" align=\"left\" \/>Santo  Domingo, Rep\u00fablica Dominicana.-<\/strong> Kola Real present\u00f3 su nueva campa\u00f1a publicitaria en  sus instalaciones de Santo Domingo con la participaci\u00f3n de sus principales  ejecutivos, amigos y relacionados.<br \/>&#13;<br \/>\n  \u00a0<br \/>&#13;<br \/>\n  En sus  palabras de bienvenida, Gino Mestanza Villacorta, director de mercadeo de la  compa\u00f1\u00eda de refrescos, explic\u00f3 que la nueva campa\u00f1a promueve valores de  crecimiento, positivismo, superaci\u00f3n y desarrollo, que caracterizan el esp\u00edritu  de la marca.<br \/>&#13;<br \/>\n  \u00a0<br \/>&#13;<br \/>\n  Al  hacer la presentaci\u00f3n oficial de la nueva campa\u00f1a, Mestanza, indic\u00f3 que la  estrategia se ajusta al reacondicionamiento que el mercado ha experimentado en  los \u00faltimos dos a\u00f1os.<br \/>&#13;<br \/>\n  \u00a0<br \/>&#13;<br \/>\n\u00abCon  el inter\u00e9s de crear v\u00ednculos emocionales entre nuestra marca y el consumidor, Kola  Real presenta su nueva campa\u00f1a publicitaria que la regir\u00e1 durante el resto del  a\u00f1o, reforzando de esa manera su posicionamiento en el segmento joven, a trav\u00e9s  de elementos que sintonizan con el estilo de vida de esta generaci\u00f3n\u00bb.<br \/>&#13;<br \/>\n  \u00a0<br \/>&#13;<br \/>\n\u00abPiensa  en grande\u00bb es el slogan de campa\u00f1a, y va mucho m\u00e1s all\u00e1 de los formatos  rendidores que caracterizan la marca, ya que engloba los valores antes  descritos\u00bb.<br \/>&#13;<br \/>\n  \u00a0<br \/>&#13;<br \/>\n\u00abA  trav\u00e9s de los comerciales de televisi\u00f3n, radio y publicidad exterior, se  refuerzan los valores de car\u00e1cter aspiracional, procurando sintonizar con el  deseo de crecimiento del ser humano, al tiempo que los motivamos a pensar en  grande\u00bb, refiere Mestanza<br \/>&#13;<br \/>\n  \u00a0<br \/>&#13;<br \/>\n  El  ejecutivo de Kola Real agreg\u00f3 que en la actual campa\u00f1a de televisi\u00f3n, se  resaltan los valores De crecimiento personal en un target que desea trascender  con sus ideas y ser una generaci\u00f3n diferente\u00bb. <br \/>&#13;<br \/>\n  \u00a0<br \/>&#13;<br \/>\nPor  otro lado, la empresa aprovech\u00f3 el acto para dejar inauguradas las  instalaciones de su nuevo edificio corporativo ubicado en la Autopista Duarte,  en la entrada de Santo Domingo.<\/span><\/p>\n<p>&#13;<\/p>\n<h6> 2008-09-23 14:54:45 <\/h6>\n<p><!--\n<link rel=\"stylesheet\" href=\"css\/bootstrap.min.css\">\n\n\n<ul class=\"pagination\">\n\t    \n\t\n\n<li >\n\t<a href='?page_no=20990'>Previous<\/a>\n\t<\/li>\n\n\n       \n    \n\n<li><a href='?page_no=1'>1<\/a><\/li>\n\n\n\n<li><a href='?page_no=2'>2<\/a><\/li>\n\n\n\n<li><a>...<\/a><\/li>\n\n\n\n<li><a href='?page_no=20989'>20989<\/a><\/li>\n\n\n\n<li><a href='?page_no=20990'>20990<\/a><\/li>\n\n\n\n<li class='active'><a>20991<\/a><\/li>\n\n\n\n<li><a href='?page_no=20992'>20992<\/a><\/li>\n\n\n\n<li><a href='?page_no=20993'>20993<\/a><\/li>\n\n\n\n<li><a>...<\/a><\/li>\n\n\n\n<li><a href='?page_no=22522'>22522<\/a><\/li>\n\n\n\n<li><a href='?page_no=22523'>22523<\/a><\/li>\n\n    \n\t\n\n<li >\n\t<a href='?page_no=20992'>Next<\/a>\n\t<\/li>\n\n\n    \n\n<li><a href='?page_no=22523'>Last &rsaquo;&rsaquo;<\/a><\/li>\n\n<\/ul>\n\n\n--><br \/>\n<\/body><\/p>\n","protected":false},"excerpt":{"rendered":"<p>Kola Real presenta nueva campa\u00f1a publicitaria&#13; \u00a0&#13; Santo Domingo, Rep\u00fablica Dominicana.- Kola Real present\u00f3 su nueva campa\u00f1a publicitaria en sus instalaciones de Santo Domingo con la participaci\u00f3n de sus principales ejecutivos, amigos y relacionados.&#13; \u00a0&#13; En sus palabras de bienvenida, Gino Mestanza Villacorta, director de mercadeo de la compa\u00f1\u00eda de refrescos, explic\u00f3 que la nueva [&hellip;]<\/p>\n","protected":false},"author":3,"featured_media":0,"comment_status":"open","ping_status":"open","sticky":false,"template":"","format":"standard","meta":{"footnotes":""},"categories":[25],"tags":[],"class_list":["post-92369","post","type-post","status-publish","format-standard","hentry","category-gente"],"_links":{"self":[{"href":"https:\/\/diariodominicano.com\/index.php?rest_route=\/wp\/v2\/posts\/92369","targetHints":{"allow":["GET"]}}],"collection":[{"href":"https:\/\/diariodominicano.com\/index.php?rest_route=\/wp\/v2\/posts"}],"about":[{"href":"https:\/\/diariodominicano.com\/index.php?rest_route=\/wp\/v2\/types\/post"}],"author":[{"embeddable":true,"href":"https:\/\/diariodominicano.com\/index.php?rest_route=\/wp\/v2\/users\/3"}],"replies":[{"embeddable":true,"href":"https:\/\/diariodominicano.com\/index.php?rest_route=%2Fwp%2Fv2%2Fcomments&post=92369"}],"version-history":[{"count":0,"href":"https:\/\/diariodominicano.com\/index.php?rest_route=\/wp\/v2\/posts\/92369\/revisions"}],"wp:attachment":[{"href":"https:\/\/diariodominicano.com\/index.php?rest_route=%2Fwp%2Fv2%2Fmedia&parent=92369"}],"wp:term":[{"taxonomy":"category","embeddable":true,"href":"https:\/\/diariodominicano.com\/index.php?rest_route=%2Fwp%2Fv2%2Fcategories&post=92369"},{"taxonomy":"post_tag","embeddable":true,"href":"https:\/\/diariodominicano.com\/index.php?rest_route=%2Fwp%2Fv2%2Ftags&post=92369"}],"curies":[{"name":"wp","href":"https:\/\/api.w.org\/{rel}","templated":true}]}}