{"id":92368,"date":"2008-09-23T15:33:52","date_gmt":"2008-09-23T15:33:52","guid":{"rendered":"http:\/\/diariodominicano.ddns.net\/?p=92368"},"modified":"2008-09-23T15:33:52","modified_gmt":"2008-09-23T15:33:52","slug":"rey-medina-esta-de-promocion-en-el-pais-2","status":"publish","type":"post","link":"https:\/\/diariodominicano.com\/?p=92368","title":{"rendered":"Rey Medina est\u00e1 de promoci\u00f3n en el pa\u00eds"},"content":{"rendered":"<p><body><\/p>\n<p class=\"titulogrande1\"><strong>Rey Medina est\u00e1 de promoci\u00f3n en el pa\u00eds<\/strong> <\/p>\n<p>&#13;<\/p>\n<p align=\"justify\" class=\"text1noticias\"><img loading=\"lazy\" decoding=\"async\" src=\"http:\/\/localhost:8080\/gente\/img\/rey medina.jpg\" width=\"375\" height=\"375\" hspace=\"4\" align=\"left\" \/>SANTO  DOMINGO.- Luego de agotar una serie de presentaciones promoci\u00f3nales\u00a0 en  algunas ciudades de Europa, el cantante\u00a0 dominicano Rey Medina est\u00e1 de  regreso por su tierra en donde viene a mostrar los nuevos temas de su m\u00e1s  reciente disco. <br \/>&#13;<br \/>\n  <br \/>&#13;<br \/>\n  El  artista que tiene una variedad de ritmos en sus discos, ya cuenta con dos  producciones donde hay merengue t\u00edpico y tradicional, balada, bachata, merengue  de mambo\u00a0y una mezcla de temas donde las fusiones se hacen sentir en cada  una de las composiciones. <br \/>&#13;<br \/>\n  <br \/>&#13;<br \/>\n  En  visita al pa\u00eds el espigado artista dijo que aunque no acostumbra hacer mucha  bulla en los medios de comunicaci\u00f3n, se considera el artista m\u00e1s buscado para  tocar fiestas patronales, y fiestas privadas en diferentes ciudades del pa\u00eds. <br \/>&#13;<br \/>\n  <br \/>&#13;<br \/>\n  El  merenguero que vive desde hace dos a\u00f1os en Estados Unidos, dice que ahora  existen unos nuevos exponentes del merengue que lo que han\u00a0 hecho es  lesionar la estructura musical y l\u00edrica de una m\u00fasica que es el estandarte de  los dominicanos. <br \/>&#13;<br \/>\n  <br \/>&#13;<br \/>\n  Es  muy apegado al merengue t\u00edpico, porque entiende que este es la carta de  presentaci\u00f3n que tiene el ritmo. \u00abEl bodeguero\u00bb, un cha cha cha que  est\u00e1 en uno de sus discos es una fusi\u00f3n que a nivel internacional a ocupado los  primeros lugares por su forma tan acelerada de bailar. <br \/>&#13;<br \/>\n  <br \/>&#13;<br \/>\n  Ahora  tiene un nuevo tema en la radio con el que Rey planea ocupar un lugar de  reconocimiento entre sus seguidores de hace m\u00e1s de una d\u00e9cada. <br \/>&#13;<br \/>\n  <br \/>&#13;<br \/>\n  \u00abQuiero  el apoyo de mi gente, que ellos sepan que estoy aqu\u00ed con mi grupo, que toco  fiestas y que entrego un show donde hay de todo. Que adem\u00e1s me pueden pedir  temas de todos los artistas que quieran que yo lo interpreto, porque cuando  subo a tarima me doy al p\u00fablico y ellos son quienes saben lo que quieren  escuchar\u00bb, dijo Medina en nota enviada. <br \/>&#13;<br \/>\n  <br \/>&#13;<br \/>\n  El  video clip\u00a0 del tema <strong>\u00a0\u00abLoco por La Morena\u00bb, <\/strong>lo subi\u00f3  a gran escala de popularidad en los programas internacionales que proyectar ese  tipo de material f\u00edlmico. <br \/>&#13;<br \/>\n  <br \/>&#13;<br \/>\n  Empez\u00f3  su carrera desde peque\u00f1o, y muchas son las orquestas por la que ha pasado como  cantante. <\/p>\n<p>&#13;<\/p>\n<h6> 2008-09-23 15:33:52 <\/h6>\n<p><!--\n<link rel=\"stylesheet\" href=\"css\/bootstrap.min.css\">\n\n\n<ul class=\"pagination\">\n\t    \n\t\n\n<li >\n\t<a href='?page_no=20989'>Previous<\/a>\n\t<\/li>\n\n\n       \n    \n\n<li><a href='?page_no=1'>1<\/a><\/li>\n\n\n\n<li><a href='?page_no=2'>2<\/a><\/li>\n\n\n\n<li><a>...<\/a><\/li>\n\n\n\n<li><a href='?page_no=20988'>20988<\/a><\/li>\n\n\n\n<li><a href='?page_no=20989'>20989<\/a><\/li>\n\n\n\n<li class='active'><a>20990<\/a><\/li>\n\n\n\n<li><a href='?page_no=20991'>20991<\/a><\/li>\n\n\n\n<li><a href='?page_no=20992'>20992<\/a><\/li>\n\n\n\n<li><a>...<\/a><\/li>\n\n\n\n<li><a href='?page_no=22522'>22522<\/a><\/li>\n\n\n\n<li><a href='?page_no=22523'>22523<\/a><\/li>\n\n    \n\t\n\n<li >\n\t<a href='?page_no=20991'>Next<\/a>\n\t<\/li>\n\n\n    \n\n<li><a href='?page_no=22523'>Last &rsaquo;&rsaquo;<\/a><\/li>\n\n<\/ul>\n\n\n--><br \/>\n<\/body><\/p>\n","protected":false},"excerpt":{"rendered":"<p>Rey Medina est\u00e1 de promoci\u00f3n en el pa\u00eds &#13; SANTO DOMINGO.- Luego de agotar una serie de presentaciones promoci\u00f3nales\u00a0 en algunas ciudades de Europa, el cantante\u00a0 dominicano Rey Medina est\u00e1 de regreso por su tierra en donde viene a mostrar los nuevos temas de su m\u00e1s reciente disco. &#13; &#13; El artista que tiene una [&hellip;]<\/p>\n","protected":false},"author":3,"featured_media":0,"comment_status":"open","ping_status":"open","sticky":false,"template":"","format":"standard","meta":{"footnotes":""},"categories":[25],"tags":[],"class_list":["post-92368","post","type-post","status-publish","format-standard","hentry","category-gente"],"_links":{"self":[{"href":"https:\/\/diariodominicano.com\/index.php?rest_route=\/wp\/v2\/posts\/92368","targetHints":{"allow":["GET"]}}],"collection":[{"href":"https:\/\/diariodominicano.com\/index.php?rest_route=\/wp\/v2\/posts"}],"about":[{"href":"https:\/\/diariodominicano.com\/index.php?rest_route=\/wp\/v2\/types\/post"}],"author":[{"embeddable":true,"href":"https:\/\/diariodominicano.com\/index.php?rest_route=\/wp\/v2\/users\/3"}],"replies":[{"embeddable":true,"href":"https:\/\/diariodominicano.com\/index.php?rest_route=%2Fwp%2Fv2%2Fcomments&post=92368"}],"version-history":[{"count":0,"href":"https:\/\/diariodominicano.com\/index.php?rest_route=\/wp\/v2\/posts\/92368\/revisions"}],"wp:attachment":[{"href":"https:\/\/diariodominicano.com\/index.php?rest_route=%2Fwp%2Fv2%2Fmedia&parent=92368"}],"wp:term":[{"taxonomy":"category","embeddable":true,"href":"https:\/\/diariodominicano.com\/index.php?rest_route=%2Fwp%2Fv2%2Fcategories&post=92368"},{"taxonomy":"post_tag","embeddable":true,"href":"https:\/\/diariodominicano.com\/index.php?rest_route=%2Fwp%2Fv2%2Ftags&post=92368"}],"curies":[{"name":"wp","href":"https:\/\/api.w.org\/{rel}","templated":true}]}}