{"id":92367,"date":"2008-09-23T18:17:20","date_gmt":"2008-09-23T18:17:20","guid":{"rendered":"http:\/\/diariodominicano.ddns.net\/?p=92367"},"modified":"2008-09-23T18:17:20","modified_gmt":"2008-09-23T18:17:20","slug":"franco-de-vita-regresa-con-simplemente-la-verdad","status":"publish","type":"post","link":"https:\/\/diariodominicano.com\/?p=92367","title":{"rendered":"Franco de Vita regresa con \u201cSimplemente la Verdad\u201d"},"content":{"rendered":"<p><body><\/p>\n<p class=\"titulogrande1\">Franco de Vita regresa con \u201cSimplemente la Verdad\u201d<\/p>\n<p>&#13;<\/p>\n<p align=\"justify\" class=\"text1noticias\"><img loading=\"lazy\" decoding=\"async\" src=\"http:\/\/localhost:8080\/gente\/img\/franco vitas.jpg\" width=\"375\" height=\"377\" hspace=\"4\" align=\"left\" \/>Miami, FL, 23 de septiembre del 2008.- Hoy llega a las  tiendas uno de los discos m\u00e1s esperados en la carrera de <strong>Franco de Vita<\/strong>. Celebrando sus 25 a\u00f1os con la m\u00fasica, el respetado  cantautor italo-venezolano ha dejado su coraz\u00f3n en cada tema de \u201cSimplemente la  Verdad\u201d.<br \/>&#13;<br \/>\n  <br \/>&#13;<br \/>\n  Lo comenzamos a conocer con el \u00e9xito \u201cMi sue\u00f1o\u201d y  ahora se revela la totalidad de esta, su nueva creaci\u00f3n musical. El \u00e1lbum viene  a despertar emociones y enamorarnos al estilo que s\u00f3lo un poeta como \u00e9l lo sabe  hacer.<br \/>&#13;<br \/>\n  <br \/>&#13;<br \/>\n  Franco de Vita se entrega completamente al proceso  de crear m\u00fasica, eso es sabido. Org\u00e1nico, y con una devoci\u00f3n al trabajo  respetuosa, este cantautor de estatura superior sorprender\u00e1 al escucha con sus  nuevos temas. \u201cPersigo lo natural porque es lo que siempre queda\u00bb, asegur\u00f3  De Vita.<br \/>&#13;<br \/>\n  <br \/>&#13;<br \/>\n  En el pop latino, Franco de Vita es una leyenda y su  saga de \u00e9xitos contin\u00faa con esta producci\u00f3n.<br \/>&#13;<br \/>\n  <br \/>&#13;<br \/>\n  \u201cSimplemente la Verdad\u201d es otro lanzamiento de Sony  BMG Latin disponible desde ma\u00f1ana en todas las tiendas.\u00a0<\/p>\n<p>&#13;<\/p>\n<h6> 2008-09-23 18:17:20 <\/h6>\n<p><!--\n<link rel=\"stylesheet\" href=\"css\/bootstrap.min.css\">\n\n\n<ul class=\"pagination\">\n\t    \n\t\n\n<li >\n\t<a href='?page_no=20988'>Previous<\/a>\n\t<\/li>\n\n\n       \n    \n\n<li><a href='?page_no=1'>1<\/a><\/li>\n\n\n\n<li><a href='?page_no=2'>2<\/a><\/li>\n\n\n\n<li><a>...<\/a><\/li>\n\n\n\n<li><a href='?page_no=20987'>20987<\/a><\/li>\n\n\n\n<li><a href='?page_no=20988'>20988<\/a><\/li>\n\n\n\n<li class='active'><a>20989<\/a><\/li>\n\n\n\n<li><a href='?page_no=20990'>20990<\/a><\/li>\n\n\n\n<li><a href='?page_no=20991'>20991<\/a><\/li>\n\n\n\n<li><a>...<\/a><\/li>\n\n\n\n<li><a href='?page_no=22522'>22522<\/a><\/li>\n\n\n\n<li><a href='?page_no=22523'>22523<\/a><\/li>\n\n    \n\t\n\n<li >\n\t<a href='?page_no=20990'>Next<\/a>\n\t<\/li>\n\n\n    \n\n<li><a href='?page_no=22523'>Last &rsaquo;&rsaquo;<\/a><\/li>\n\n<\/ul>\n\n\n--><br \/>\n<\/body><\/p>\n","protected":false},"excerpt":{"rendered":"<p>Franco de Vita regresa con \u201cSimplemente la Verdad\u201d &#13; Miami, FL, 23 de septiembre del 2008.- Hoy llega a las tiendas uno de los discos m\u00e1s esperados en la carrera de Franco de Vita. Celebrando sus 25 a\u00f1os con la m\u00fasica, el respetado cantautor italo-venezolano ha dejado su coraz\u00f3n en cada tema de \u201cSimplemente la [&hellip;]<\/p>\n","protected":false},"author":3,"featured_media":0,"comment_status":"open","ping_status":"open","sticky":false,"template":"","format":"standard","meta":{"footnotes":""},"categories":[25],"tags":[],"class_list":["post-92367","post","type-post","status-publish","format-standard","hentry","category-gente"],"_links":{"self":[{"href":"https:\/\/diariodominicano.com\/index.php?rest_route=\/wp\/v2\/posts\/92367","targetHints":{"allow":["GET"]}}],"collection":[{"href":"https:\/\/diariodominicano.com\/index.php?rest_route=\/wp\/v2\/posts"}],"about":[{"href":"https:\/\/diariodominicano.com\/index.php?rest_route=\/wp\/v2\/types\/post"}],"author":[{"embeddable":true,"href":"https:\/\/diariodominicano.com\/index.php?rest_route=\/wp\/v2\/users\/3"}],"replies":[{"embeddable":true,"href":"https:\/\/diariodominicano.com\/index.php?rest_route=%2Fwp%2Fv2%2Fcomments&post=92367"}],"version-history":[{"count":0,"href":"https:\/\/diariodominicano.com\/index.php?rest_route=\/wp\/v2\/posts\/92367\/revisions"}],"wp:attachment":[{"href":"https:\/\/diariodominicano.com\/index.php?rest_route=%2Fwp%2Fv2%2Fmedia&parent=92367"}],"wp:term":[{"taxonomy":"category","embeddable":true,"href":"https:\/\/diariodominicano.com\/index.php?rest_route=%2Fwp%2Fv2%2Fcategories&post=92367"},{"taxonomy":"post_tag","embeddable":true,"href":"https:\/\/diariodominicano.com\/index.php?rest_route=%2Fwp%2Fv2%2Ftags&post=92367"}],"curies":[{"name":"wp","href":"https:\/\/api.w.org\/{rel}","templated":true}]}}