{"id":92366,"date":"2008-09-24T15:43:27","date_gmt":"2008-09-24T15:43:27","guid":{"rendered":"http:\/\/diariodominicano.ddns.net\/?p=92366"},"modified":"2008-09-24T15:43:27","modified_gmt":"2008-09-24T15:43:27","slug":"marco-antonio-muniz-y-vicky-carr-cantaran-en-vivo-en-con-freddy-ypunto","status":"publish","type":"post","link":"https:\/\/diariodominicano.com\/?p=92366","title":{"rendered":"Marco Antonio Mu\u00f1iz y Vicky Carr cantar\u00e1n en vivo en \u00abCon Freddy y\u2026punto\u00bb."},"content":{"rendered":"<p><body><\/p>\n<p align=\"justify\" class=\"titulogrande1\"><strong>Marco Antonio Mu\u00f1iz y Vicky Carr cantar\u00e1n en vivo en \u00abCon Freddy  y\u2026punto\u00bb.<\/strong><\/p>\n<p>&#13;<\/p>\n<p align=\"justify\" class=\"text1noticias\"><strong>El d\u00fao estar\u00e1 durante una hora este jueves 25 de septiembre<\/strong><\/p>\n<p>&#13;<\/p>\n<p align=\"justify\" class=\"text1noticias\"><strong><img loading=\"lazy\" decoding=\"async\" src=\"http:\/\/localhost:8080\/gente\/img\/fredy juidero.jpg\" width=\"375\" height=\"524\" hspace=\"4\" align=\"left\" \/>Santo Domingo, Rep\u00fablica Dominicana.-<\/strong> Marco Antonio Mu\u00f1iz y Vicky Carr cantar\u00e1n en vivo durante una hora en el  programa \u00abCon Freddy\u2026y Punto\u00bb este jueves 25 de septiembre a partir  de las 8:00 de la noche, por Color Visi\u00f3n, canal 9.<\/p>\n<p>&#13;<\/p>\n<p align=\"justify\" class=\"text1noticias\">Esta edici\u00f3n especial del programa estar\u00e1 dedicada al licenciado Caonabo  Almonte \u00abEl Chino\u00bb, quien por muchos a\u00f1os fue gran protector de los  artistas dominicanos.<\/p>\n<p>&#13;<\/p>\n<p align=\"justify\" class=\"text1noticias\">Freddy Beras Goico, hizo saber que Canoabo fue el primer empresario que  trajo a Marco Antonio al pa\u00eds por lo que al programa se llevar\u00e1 un poster y a parte  de su familia para homenajearlo.<\/p>\n<p>&#13;<\/p>\n<p align=\"justify\" class=\"text1noticias\"> Aunque el maestro Rafael Solano estaba programado para acompa\u00f1ar a Marco  Antonio y a Vicky Carr en la interpretaci\u00f3n del tema \u00abPor Amor\u00bb,  compromisos familiares impidieron su presencia y en su lugar estar\u00e1 el maestro  Enrique Orozco, director musical de Mu\u00f1iz durante muchos a\u00f1os, inform\u00f3 la  producci\u00f3n del programa.<\/p>\n<p>&#13;<\/p>\n<p align=\"justify\" class=\"text1noticias\">Beras Goico y Marco Antonio estuvieron present\u00e1ndose por espacio de  diecisiete a\u00f1os en distintos puntos del pa\u00eds, dando pie a una amistad  hermos\u00edsima.<\/p>\n<p>&#13;<\/p>\n<p align=\"justify\" class=\"text1noticias\">Por ello para Freddy la presencia del mejicano en su programa es el  reencuentro con un gran amigo y la oportunidad de recordar grandes momentos que  juntos compartieron en el ruedo art\u00edstico.<\/p>\n<p>&#13;<\/p>\n<p align=\"justify\" class=\"text1noticias\">\u00abRecuerdo una vez estando en el desaparecido restaurante \u00abEl  Pez Dorado\u00bb de Santiago, Marco fue a la cocina y busc\u00f3 a todos los  cocineros y vino con los sartenes a hacerme un homenaje a la mesa, fue una  experiencia muy grata\u00bb, dice Freddy entre risas.<\/p>\n<p>&#13;<\/p>\n<p align=\"justify\" class=\"text1noticias\">A\u00f1adi\u00f3 que para su familia \u00a0es un verdadero regocijo tener en el pa\u00eds  a este artista mejicano que al igual que los m\u00e1s grandes del arte, se  caracteriza por una humildad excepcional.<\/p>\n<p>&#13;<\/p>\n<p align=\"justify\" class=\"text1noticias\">\u00abEs un gran amigo de los dominicanos y nos tratamos como compadres,  es como un artista nuestro\u00bb.<\/p>\n<p>&#13;<\/p>\n<p align=\"justify\" class=\"text1noticias\">En iguales t\u00e9rminos se refiri\u00f3 el productor del programa hacia Vicky  Carr, a quien defini\u00f3 como una int\u00e9rprete de grandes condiciones cuyas dotes  han permitido que siga siendo una artista de primera l\u00ednea.<\/p>\n<p>&#13;<\/p>\n<p align=\"justify\" class=\"text1noticias\">Marco Antonio Mu\u00f1iz y  Vicky Carr se presentar\u00e1n en la Sala Principal del Teatro Nacional Eduardo  Brito, este viernes 26 y s\u00e1bado 27 de septiembre a partir de las 8:30 de la  noche.<\/p>\n<p>&#13;<\/p>\n<h6> 2008-09-24 15:43:27 <\/h6>\n<p><!--\n<link rel=\"stylesheet\" href=\"css\/bootstrap.min.css\">\n\n\n<ul class=\"pagination\">\n\t    \n\t\n\n<li >\n\t<a href='?page_no=20987'>Previous<\/a>\n\t<\/li>\n\n\n       \n    \n\n<li><a href='?page_no=1'>1<\/a><\/li>\n\n\n\n<li><a href='?page_no=2'>2<\/a><\/li>\n\n\n\n<li><a>...<\/a><\/li>\n\n\n\n<li><a href='?page_no=20986'>20986<\/a><\/li>\n\n\n\n<li><a href='?page_no=20987'>20987<\/a><\/li>\n\n\n\n<li class='active'><a>20988<\/a><\/li>\n\n\n\n<li><a href='?page_no=20989'>20989<\/a><\/li>\n\n\n\n<li><a href='?page_no=20990'>20990<\/a><\/li>\n\n\n\n<li><a>...<\/a><\/li>\n\n\n\n<li><a href='?page_no=22522'>22522<\/a><\/li>\n\n\n\n<li><a href='?page_no=22523'>22523<\/a><\/li>\n\n    \n\t\n\n<li >\n\t<a href='?page_no=20989'>Next<\/a>\n\t<\/li>\n\n\n    \n\n<li><a href='?page_no=22523'>Last &rsaquo;&rsaquo;<\/a><\/li>\n\n<\/ul>\n\n\n--><br \/>\n<\/body><\/p>\n","protected":false},"excerpt":{"rendered":"<p>Marco Antonio Mu\u00f1iz y Vicky Carr cantar\u00e1n en vivo en \u00abCon Freddy y\u2026punto\u00bb. &#13; El d\u00fao estar\u00e1 durante una hora este jueves 25 de septiembre &#13; Santo Domingo, Rep\u00fablica Dominicana.- Marco Antonio Mu\u00f1iz y Vicky Carr cantar\u00e1n en vivo durante una hora en el programa \u00abCon Freddy\u2026y Punto\u00bb este jueves 25 de septiembre a partir [&hellip;]<\/p>\n","protected":false},"author":3,"featured_media":0,"comment_status":"open","ping_status":"open","sticky":false,"template":"","format":"standard","meta":{"footnotes":""},"categories":[25],"tags":[],"class_list":["post-92366","post","type-post","status-publish","format-standard","hentry","category-gente"],"_links":{"self":[{"href":"https:\/\/diariodominicano.com\/index.php?rest_route=\/wp\/v2\/posts\/92366","targetHints":{"allow":["GET"]}}],"collection":[{"href":"https:\/\/diariodominicano.com\/index.php?rest_route=\/wp\/v2\/posts"}],"about":[{"href":"https:\/\/diariodominicano.com\/index.php?rest_route=\/wp\/v2\/types\/post"}],"author":[{"embeddable":true,"href":"https:\/\/diariodominicano.com\/index.php?rest_route=\/wp\/v2\/users\/3"}],"replies":[{"embeddable":true,"href":"https:\/\/diariodominicano.com\/index.php?rest_route=%2Fwp%2Fv2%2Fcomments&post=92366"}],"version-history":[{"count":0,"href":"https:\/\/diariodominicano.com\/index.php?rest_route=\/wp\/v2\/posts\/92366\/revisions"}],"wp:attachment":[{"href":"https:\/\/diariodominicano.com\/index.php?rest_route=%2Fwp%2Fv2%2Fmedia&parent=92366"}],"wp:term":[{"taxonomy":"category","embeddable":true,"href":"https:\/\/diariodominicano.com\/index.php?rest_route=%2Fwp%2Fv2%2Fcategories&post=92366"},{"taxonomy":"post_tag","embeddable":true,"href":"https:\/\/diariodominicano.com\/index.php?rest_route=%2Fwp%2Fv2%2Ftags&post=92366"}],"curies":[{"name":"wp","href":"https:\/\/api.w.org\/{rel}","templated":true}]}}