{"id":92365,"date":"2008-09-24T20:57:56","date_gmt":"2008-09-24T20:57:56","guid":{"rendered":"http:\/\/diariodominicano.ddns.net\/?p=92365"},"modified":"2008-09-24T20:57:56","modified_gmt":"2008-09-24T20:57:56","slug":"franco-de-vita-graba-en-miami-el-video-de-mi-sueno","status":"publish","type":"post","link":"https:\/\/diariodominicano.com\/?p=92365","title":{"rendered":"Franco de Vita graba en Miami el video de \u201cmi sue\u00f1o\u201d"},"content":{"rendered":"<p><body><\/p>\n<p class=\"titulogrande1\">Franco de Vita graba  en Miami el video de \u201cmi sue\u00f1o\u201d<\/p>\n<p>&#13;<\/p>\n<p align=\"justify\" class=\"text1noticias\"><img loading=\"lazy\" decoding=\"async\" src=\"http:\/\/localhost:8080\/gente\/img\/vita sueno.jpg\" width=\"375\" height=\"501\" hspace=\"4\" align=\"left\" \/>Miami, FL, 24 de  septiembre del 2008.- Las im\u00e1genes que el prestigioso director de cine <strong>Pablo Croce<\/strong> grab\u00f3 la semana pasada en  Miami, son capaces de mostrar los misterios de los sue\u00f1os y las virtudes que la  gente cotidiana lleva en su coraz\u00f3n. Lo mismo que <strong>Franco de Vita<\/strong> logra desde sus composiciones. Por eso es que ambos  se unieron para que\u00a0su m\u00fasica tuviera las mejores im\u00e1genes\u00a0en el  v\u00eddeo de \u201cMi Sue\u00f1o\u201d.<br \/>&#13;<br \/>\n  <br \/>&#13;<br \/>\n  Filmado con la  elegancia del blanco y negro, las tomas muestran a diferentes adultos en su d\u00eda  a d\u00eda, destacando su inocencia, sus ilusiones y la disposici\u00f3n a vivir que  aparecen espont\u00e1neamente en los m\u00e1s peque\u00f1os. Cada imagen uni\u00e9ndose a la otra,  como tejidas por la magia que s\u00f3lo Franco de Vita sabe lograr, con su  honestidad a flor de piel, mostr\u00e1ndose a coraz\u00f3n abierto.<br \/>&#13;<br \/>\n  <br \/>&#13;<br \/>\n  El director Pablo  Croce fue nominado 4 veces al Latin GRAMMY\u00ae por sus trabajos para\u00a0 <strong>Chayanne, Juanes<\/strong> y <strong>Man\u00e1<\/strong> y es ganador de los Premios MTVLa y OYE, entre otros.<br \/>&#13;<br \/>\n  <br \/>&#13;<br \/>\n  \u201cPor m\u00e1s enfocado  que me encuentro en la ejecuci\u00f3n de mis primeras dos pel\u00edculas, siempre  encuentro la necesidad de filmar videos musicales para alimentar esa parte  creativa de la narrativa visual y su conexi\u00f3n con la m\u00fasica, especialmente  siendo m\u00fasico desde mis or\u00edgenes\u00bb, dijo el cineasta que viaj\u00f3 a Miami  desde Los \u00c1ngeles en medio de la\u00a0realizaci\u00f3n de uno de sus filmes.<br \/>&#13;<br \/>\n  <br \/>&#13;<br \/>\n  Con \u201cSimplemente la  Verdad\u201d, t\u00edtulo del disco que se anticipa con \u201cMi Sue\u00f1o\u201d, Franco De Vita  regresa al estudio para\u00a0celebrar sus 25 a\u00f1os de carrera.<br \/>&#13;<br \/>\n  <br \/>&#13;<br \/>\n  El \u00e1lbum lleg\u00f3 a las  tiendas ayer martes 23 de septiembre y es otro lanzamiento de Sony BMG Latin.<\/p>\n<p>&#13;<\/p>\n<h6> 2008-09-24 20:57:56 <\/h6>\n<p><!--\n<link rel=\"stylesheet\" href=\"css\/bootstrap.min.css\">\n\n\n<ul class=\"pagination\">\n\t    \n\t\n\n<li >\n\t<a href='?page_no=20986'>Previous<\/a>\n\t<\/li>\n\n\n       \n    \n\n<li><a href='?page_no=1'>1<\/a><\/li>\n\n\n\n<li><a href='?page_no=2'>2<\/a><\/li>\n\n\n\n<li><a>...<\/a><\/li>\n\n\n\n<li><a href='?page_no=20985'>20985<\/a><\/li>\n\n\n\n<li><a href='?page_no=20986'>20986<\/a><\/li>\n\n\n\n<li class='active'><a>20987<\/a><\/li>\n\n\n\n<li><a href='?page_no=20988'>20988<\/a><\/li>\n\n\n\n<li><a href='?page_no=20989'>20989<\/a><\/li>\n\n\n\n<li><a>...<\/a><\/li>\n\n\n\n<li><a href='?page_no=22522'>22522<\/a><\/li>\n\n\n\n<li><a href='?page_no=22523'>22523<\/a><\/li>\n\n    \n\t\n\n<li >\n\t<a href='?page_no=20988'>Next<\/a>\n\t<\/li>\n\n\n    \n\n<li><a href='?page_no=22523'>Last &rsaquo;&rsaquo;<\/a><\/li>\n\n<\/ul>\n\n\n--><br \/>\n<\/body><\/p>\n","protected":false},"excerpt":{"rendered":"<p>Franco de Vita graba en Miami el video de \u201cmi sue\u00f1o\u201d &#13; Miami, FL, 24 de septiembre del 2008.- Las im\u00e1genes que el prestigioso director de cine Pablo Croce grab\u00f3 la semana pasada en Miami, son capaces de mostrar los misterios de los sue\u00f1os y las virtudes que la gente cotidiana lleva en su coraz\u00f3n. [&hellip;]<\/p>\n","protected":false},"author":3,"featured_media":0,"comment_status":"open","ping_status":"open","sticky":false,"template":"","format":"standard","meta":{"footnotes":""},"categories":[25],"tags":[],"class_list":["post-92365","post","type-post","status-publish","format-standard","hentry","category-gente"],"_links":{"self":[{"href":"https:\/\/diariodominicano.com\/index.php?rest_route=\/wp\/v2\/posts\/92365","targetHints":{"allow":["GET"]}}],"collection":[{"href":"https:\/\/diariodominicano.com\/index.php?rest_route=\/wp\/v2\/posts"}],"about":[{"href":"https:\/\/diariodominicano.com\/index.php?rest_route=\/wp\/v2\/types\/post"}],"author":[{"embeddable":true,"href":"https:\/\/diariodominicano.com\/index.php?rest_route=\/wp\/v2\/users\/3"}],"replies":[{"embeddable":true,"href":"https:\/\/diariodominicano.com\/index.php?rest_route=%2Fwp%2Fv2%2Fcomments&post=92365"}],"version-history":[{"count":0,"href":"https:\/\/diariodominicano.com\/index.php?rest_route=\/wp\/v2\/posts\/92365\/revisions"}],"wp:attachment":[{"href":"https:\/\/diariodominicano.com\/index.php?rest_route=%2Fwp%2Fv2%2Fmedia&parent=92365"}],"wp:term":[{"taxonomy":"category","embeddable":true,"href":"https:\/\/diariodominicano.com\/index.php?rest_route=%2Fwp%2Fv2%2Fcategories&post=92365"},{"taxonomy":"post_tag","embeddable":true,"href":"https:\/\/diariodominicano.com\/index.php?rest_route=%2Fwp%2Fv2%2Ftags&post=92365"}],"curies":[{"name":"wp","href":"https:\/\/api.w.org\/{rel}","templated":true}]}}