{"id":92362,"date":"2008-09-25T00:17:20","date_gmt":"2008-09-25T00:17:20","guid":{"rendered":"http:\/\/diariodominicano.ddns.net\/?p=92362"},"modified":"2008-09-25T00:17:20","modified_gmt":"2008-09-25T00:17:20","slug":"insight-ar-al-nuevo-compas-de-la-musica","status":"publish","type":"post","link":"https:\/\/diariodominicano.com\/?p=92362","title":{"rendered":"Insight A&amp;R al nuevo compas de la m\u00fasica"},"content":{"rendered":"<p><body><\/p>\n<p align=\"justify\"><span class=\"titulogrande1\">Insight A&amp;R al  nuevo compas de la m\u00fasica <\/span><br \/>&#13;<br \/>\n  <br \/>&#13;<br \/>\n    <span class=\"text1noticias\">Miami, FL, 24 de  septiembre del 2008.- Se consolida en Bogot\u00e1,  Colombia, \u201cInsight A&amp;R\u201d, una compa\u00f1\u00eda que podr\u00e1 colocar en el mapa de la  popularidad a las nuevas promesas de la m\u00fasica internacional. Liderada por <strong>\u00c1lvaro  Rizo<\/strong> -presidente de la entidad, y con una importante carrera de aciertos en  el desempe\u00f1o de la discograf\u00eda-, la empresa mostrar\u00e1 las nuevas luminarias que  despuntan renovando el contexto art\u00edstico de la actualidad.<br \/>&#13;<br \/>\n    <br \/>&#13;<br \/>\n\u201cEstamos apostando a un talentoso y  peculiar grupo de artistas\u201d, afirm\u00f3 Rizo. \u201cAlgunos recientemente descubiertos y  otros de gran trayectoria como el cantautor <strong>Gian Marco<\/strong> y el pianista <strong>Arthur  Hanlon<\/strong>\u201d, agreg\u00f3 el ejecutivo responsable de la carrera de artistas de la  talla de <strong>Cabas, Ilona, Fonseca, Mauricio<\/strong> &amp; <strong>Palodeagua <\/strong>y<strong> Sanalejo<\/strong>, entre otros.<br \/>&#13;<br \/>\n<br \/>&#13;<br \/>\nHasta el momento  \u201cInsight A&amp;R\u201d ha firmado en su cat\u00e1logo al grupo \u201c<strong>69 Nombres\u201d<\/strong>, <strong>Ana Salive,  C\u00e9sar L\u00f3pez, Makoto<\/strong> y a <strong>Nativos<\/strong>,  los cuales se presentar\u00e1n, el pr\u00f3ximo 22 de octubre, junto a Gian Marco, en la  presentaci\u00f3n oficial que har\u00e1 \u201cInsight A&amp;R\u201d a los medios de comunicaci\u00f3n  nacionales e internacionales en Casa Ensamble, Bogot\u00e1.<br \/>&#13;<br \/>\n<br \/>&#13;<br \/>\n\u201cSer\u00e1 una muestra de  nuestra imagen empresarial que viene en busca de nuevos horizontes\u201d, expres\u00f3 <strong>Juan Pablo Mier<\/strong>, vicepresidente de la  compa\u00f1\u00eda, y profesional de amplia trayectoria en la industria del disco.<br \/>&#13;<br \/>\n<br \/>&#13;<br \/>\n\u201cInsight A&amp;R\u201d  tiene su sede central en la ciudad de Bogot\u00e1, Colombia. Los interesados pueden  llamar a los tel\u00e9fonos 571.347.03.18 y al 571.805.38.20, tambi\u00e9n escribir a <a href=\"mailto:info@insightar.com\">info@insightar.com<\/a><\/span><\/p>\n<p>&#13;<\/p>\n<h6> 2008-09-25 00:17:20 <\/h6>\n<p><!--\n<link rel=\"stylesheet\" href=\"css\/bootstrap.min.css\">\n\n\n<ul class=\"pagination\">\n\t    \n\t\n\n<li >\n\t<a href='?page_no=20983'>Previous<\/a>\n\t<\/li>\n\n\n       \n    \n\n<li><a href='?page_no=1'>1<\/a><\/li>\n\n\n\n<li><a href='?page_no=2'>2<\/a><\/li>\n\n\n\n<li><a>...<\/a><\/li>\n\n\n\n<li><a href='?page_no=20982'>20982<\/a><\/li>\n\n\n\n<li><a href='?page_no=20983'>20983<\/a><\/li>\n\n\n\n<li class='active'><a>20984<\/a><\/li>\n\n\n\n<li><a href='?page_no=20985'>20985<\/a><\/li>\n\n\n\n<li><a href='?page_no=20986'>20986<\/a><\/li>\n\n\n\n<li><a>...<\/a><\/li>\n\n\n\n<li><a href='?page_no=22522'>22522<\/a><\/li>\n\n\n\n<li><a href='?page_no=22523'>22523<\/a><\/li>\n\n    \n\t\n\n<li >\n\t<a href='?page_no=20985'>Next<\/a>\n\t<\/li>\n\n\n    \n\n<li><a href='?page_no=22523'>Last &rsaquo;&rsaquo;<\/a><\/li>\n\n<\/ul>\n\n\n--><br \/>\n<\/body><\/p>\n","protected":false},"excerpt":{"rendered":"<p>Insight A&amp;R al nuevo compas de la m\u00fasica &#13; &#13; Miami, FL, 24 de septiembre del 2008.- Se consolida en Bogot\u00e1, Colombia, \u201cInsight A&amp;R\u201d, una compa\u00f1\u00eda que podr\u00e1 colocar en el mapa de la popularidad a las nuevas promesas de la m\u00fasica internacional. Liderada por \u00c1lvaro Rizo -presidente de la entidad, y con una importante [&hellip;]<\/p>\n","protected":false},"author":3,"featured_media":0,"comment_status":"open","ping_status":"open","sticky":false,"template":"","format":"standard","meta":{"footnotes":""},"categories":[25],"tags":[],"class_list":["post-92362","post","type-post","status-publish","format-standard","hentry","category-gente"],"_links":{"self":[{"href":"https:\/\/diariodominicano.com\/index.php?rest_route=\/wp\/v2\/posts\/92362","targetHints":{"allow":["GET"]}}],"collection":[{"href":"https:\/\/diariodominicano.com\/index.php?rest_route=\/wp\/v2\/posts"}],"about":[{"href":"https:\/\/diariodominicano.com\/index.php?rest_route=\/wp\/v2\/types\/post"}],"author":[{"embeddable":true,"href":"https:\/\/diariodominicano.com\/index.php?rest_route=\/wp\/v2\/users\/3"}],"replies":[{"embeddable":true,"href":"https:\/\/diariodominicano.com\/index.php?rest_route=%2Fwp%2Fv2%2Fcomments&post=92362"}],"version-history":[{"count":0,"href":"https:\/\/diariodominicano.com\/index.php?rest_route=\/wp\/v2\/posts\/92362\/revisions"}],"wp:attachment":[{"href":"https:\/\/diariodominicano.com\/index.php?rest_route=%2Fwp%2Fv2%2Fmedia&parent=92362"}],"wp:term":[{"taxonomy":"category","embeddable":true,"href":"https:\/\/diariodominicano.com\/index.php?rest_route=%2Fwp%2Fv2%2Fcategories&post=92362"},{"taxonomy":"post_tag","embeddable":true,"href":"https:\/\/diariodominicano.com\/index.php?rest_route=%2Fwp%2Fv2%2Ftags&post=92362"}],"curies":[{"name":"wp","href":"https:\/\/api.w.org\/{rel}","templated":true}]}}