{"id":92361,"date":"2008-09-25T00:39:02","date_gmt":"2008-09-25T00:39:02","guid":{"rendered":"http:\/\/diariodominicano.ddns.net\/?p=92361"},"modified":"2008-09-25T00:39:02","modified_gmt":"2008-09-25T00:39:02","slug":"clary-soto-comienza-a-promover-primera-bachata-tu-eres-mi-hombre","status":"publish","type":"post","link":"https:\/\/diariodominicano.com\/?p=92361","title":{"rendered":"CLARY SOTO COMIENZA A PROMOVER PRIMERA BACHATA \u201cT\u00da ERES MI HOMBRE\u201d"},"content":{"rendered":"<p><body><\/p>\n<div align=\"justify\"><span class=\"titulogrande1\">CLARY SOTO COMIENZA A PROMOVER PRIMERA BACHATA  \u201cT\u00da ERES MI HOMBRE\u201d<\/span><br \/>&#13;<br \/>\n<br \/>&#13;<br \/>\n<span class=\"text1noticias\"><img loading=\"lazy\" decoding=\"async\" src=\"http:\/\/localhost:8080\/gente\/img\/bachatera clary.jpg\" width=\"375\" height=\"561\" hspace=\"4\" align=\"left\" \/>\u201cSe trata del primer corte promocional de la joven bachatera el cual  constituye una pieza in\u00e9dita del compositor Valerio de Le\u00f3n con arreglos de  David Paredes que le servir\u00e1 para preparar el lanzamiento de su carrera  art\u00edstica a celebrarse con una actuaci\u00f3n especial para la prensa especializada  de espect\u00e1culos en el mes de octubre\u201d<br \/>&#13;<br \/>\n<br \/>&#13;<br \/>\nSanto Domingo.- El nuevo fen\u00f3meno de la bachata femenina, Clary Soto, ha  comenzado a promover en la radio nacional, discotecas y colmadones, el tema \u201cT\u00fa  eres mi hombre\u201d el cual le servir\u00e1 de plataforma para lo que ser\u00e1 el  lanzamiento de su carrera art\u00edstica en el pr\u00f3ximo mes de octubre en una  actuaci\u00f3n especial que realizar\u00e1 para los medios de comunicaci\u00f3n y periodistas  especializados del espect\u00e1culo.<br \/>&#13;<br \/>\n  <br \/>&#13;<br \/>\n\u201cT\u00fa eres mi hombre\u201d constituye una bachata magn\u00edficamente interpretada por  la vocalista, de gran lirismo y muy bailable la cual, cuenta con los arreglos  musicales del reconocido arreglista David Paredes y es de la autor\u00eda del poeta  y compositor rom\u00e1ntico y de bachata, Valerio de Le\u00f3n.<br \/>&#13;<br \/>\n  <br \/>&#13;<br \/>\n  Clary Soto, de muy buena presencia esc\u00e9nica y carisma y quien fue corista  del afamado bachatero Raul\u00edn y lleg\u00f3 a grabar \u2013inclusive-una producci\u00f3n  discogr\u00e1fica para el sello Ringo Records, la cual qued\u00f3 engavetada, lleva  varios meses prepar\u00e1ndose para lo que ser\u00e1 su entrada definitiva a la m\u00fasica  popular dominicana y al \u201cmedio\u201d art\u00edstico nacional e internacional.<br \/>&#13;<br \/>\n   <br \/>&#13;<br \/>\n  Adem\u00e1s del disco promocional que contiene la bachata \u201cT\u00fa eres mi hombre\u201d  tambi\u00e9n la joven artista incluye en el mismo los temas de bachata \u201cAventura\u201d,  \u201cNo te vayas\u201d y \u201cMoscas en la casa\u201d, todos con arreglos de Alex Lugo y \u00e9ste  \u00faltimo una adaptaci\u00f3n al g\u00e9nero de la bachata pero de la autor\u00eda de Shakira.<br \/>&#13;<br \/>\n  <br \/>&#13;<br \/>\n   En este momento, Clary Soto, (la dura, como ella misma se autodefine)  trabaja en la conformaci\u00f3n de su grupo musical y a mediado de este mes  comenzar\u00e1 los ensayos con el objetivo de hacer su debut para el mes de octubre  en un centro nocturno de mucho prestigio y donde la prensa especializada del  espect\u00e1culo tendr\u00e1 la oportunidad de apreciar y valorar el talento art\u00edstico e  intercambiar impresiones con la atractiva artista.<br \/>&#13;<br \/>\n<\/span><\/div>\n<p>&#13;<\/p>\n<h6> 2008-09-25 00:39:02 <\/h6>\n<p><!--\n<link rel=\"stylesheet\" href=\"css\/bootstrap.min.css\">\n\n\n<ul class=\"pagination\">\n\t    \n\t\n\n<li >\n\t<a href='?page_no=20982'>Previous<\/a>\n\t<\/li>\n\n\n       \n    \n\n<li><a href='?page_no=1'>1<\/a><\/li>\n\n\n\n<li><a href='?page_no=2'>2<\/a><\/li>\n\n\n\n<li><a>...<\/a><\/li>\n\n\n\n<li><a href='?page_no=20981'>20981<\/a><\/li>\n\n\n\n<li><a href='?page_no=20982'>20982<\/a><\/li>\n\n\n\n<li class='active'><a>20983<\/a><\/li>\n\n\n\n<li><a href='?page_no=20984'>20984<\/a><\/li>\n\n\n\n<li><a href='?page_no=20985'>20985<\/a><\/li>\n\n\n\n<li><a>...<\/a><\/li>\n\n\n\n<li><a href='?page_no=22522'>22522<\/a><\/li>\n\n\n\n<li><a href='?page_no=22523'>22523<\/a><\/li>\n\n    \n\t\n\n<li >\n\t<a href='?page_no=20984'>Next<\/a>\n\t<\/li>\n\n\n    \n\n<li><a href='?page_no=22523'>Last &rsaquo;&rsaquo;<\/a><\/li>\n\n<\/ul>\n\n\n--><br \/>\n<\/body><\/p>\n","protected":false},"excerpt":{"rendered":"<p>CLARY SOTO COMIENZA A PROMOVER PRIMERA BACHATA \u201cT\u00da ERES MI HOMBRE\u201d&#13; &#13; \u201cSe trata del primer corte promocional de la joven bachatera el cual constituye una pieza in\u00e9dita del compositor Valerio de Le\u00f3n con arreglos de David Paredes que le servir\u00e1 para preparar el lanzamiento de su carrera art\u00edstica a celebrarse con una actuaci\u00f3n especial [&hellip;]<\/p>\n","protected":false},"author":3,"featured_media":0,"comment_status":"open","ping_status":"open","sticky":false,"template":"","format":"standard","meta":{"footnotes":""},"categories":[25],"tags":[],"class_list":["post-92361","post","type-post","status-publish","format-standard","hentry","category-gente"],"_links":{"self":[{"href":"https:\/\/diariodominicano.com\/index.php?rest_route=\/wp\/v2\/posts\/92361","targetHints":{"allow":["GET"]}}],"collection":[{"href":"https:\/\/diariodominicano.com\/index.php?rest_route=\/wp\/v2\/posts"}],"about":[{"href":"https:\/\/diariodominicano.com\/index.php?rest_route=\/wp\/v2\/types\/post"}],"author":[{"embeddable":true,"href":"https:\/\/diariodominicano.com\/index.php?rest_route=\/wp\/v2\/users\/3"}],"replies":[{"embeddable":true,"href":"https:\/\/diariodominicano.com\/index.php?rest_route=%2Fwp%2Fv2%2Fcomments&post=92361"}],"version-history":[{"count":0,"href":"https:\/\/diariodominicano.com\/index.php?rest_route=\/wp\/v2\/posts\/92361\/revisions"}],"wp:attachment":[{"href":"https:\/\/diariodominicano.com\/index.php?rest_route=%2Fwp%2Fv2%2Fmedia&parent=92361"}],"wp:term":[{"taxonomy":"category","embeddable":true,"href":"https:\/\/diariodominicano.com\/index.php?rest_route=%2Fwp%2Fv2%2Fcategories&post=92361"},{"taxonomy":"post_tag","embeddable":true,"href":"https:\/\/diariodominicano.com\/index.php?rest_route=%2Fwp%2Fv2%2Ftags&post=92361"}],"curies":[{"name":"wp","href":"https:\/\/api.w.org\/{rel}","templated":true}]}}