{"id":92360,"date":"2008-09-25T20:05:35","date_gmt":"2008-09-25T20:05:35","guid":{"rendered":"http:\/\/diariodominicano.ddns.net\/?p=92360"},"modified":"2008-09-25T20:05:35","modified_gmt":"2008-09-25T20:05:35","slug":"felipe-polanco-boruga-manana-viernes-en-el-coliseo-carlos-teo-cruz","status":"publish","type":"post","link":"https:\/\/diariodominicano.com\/?p=92360","title":{"rendered":"Felipe Polanco \u00abBoruga\u00bb, ma\u00f1ana viernes en el coliseo Carlos Teo Cruz"},"content":{"rendered":"<p><body><\/p>\n<p align=\"justify\"><span class=\"titulogrande1\">Felipe  Polanco \u00abBoruga\u00bb, ma\u00f1ana viernes en el coliseo Carlos Teo Cruz<br \/>&#13;<br \/>\n\u00a0<\/span><br \/>&#13;<br \/>\n<span class=\"text1noticias\"><img loading=\"lazy\" decoding=\"async\" src=\"http:\/\/localhost:8080\/gente\/img\/boruga shows.jpg\" width=\"375\" height=\"564\" hspace=\"4\" align=\"left\" \/>Santo Domingo, Rep\u00fablica  Dominicana.- Felipe Polanco Boruga, tiene todo listo para su show cristiano  \u00abDios me ha hecho re\u00edr\u00bb a presentarse este viernes 26 de septiembre a  partir de las 8:00 de la noche en el Coliseo de Boxeo Carlos Teo Cruz.<br \/>&#13;<br \/>\n  \u00a0<br \/>&#13;<br \/>\n  La actuaci\u00f3n del humorista  originalmente estuvo pautada para el pasado viernes 5 de septiembre en el mismo  aforo pero irregularidades atmosf\u00e9ricas impidieron su presentaci\u00f3n.<br \/>&#13;<br \/>\n  \u00a0<br \/>&#13;<br \/>\n\u00abDios me ha hecho re\u00edr\u00bb  debut\u00f3 en el Teatro La Fiesta  del Hotel Jaragua el pasado 5 de marzo ante mil doscientas personas; el 27 de  abril en el Gran Teatro Regional del Cibao,\u00a0  Santiago, ante novecientas; luego regres\u00f3 a Santo Domingo y se present\u00f3  en el Auditorio de la iglesia ELIM, donde asistieron mil doscientas cincuenta y  el 30 de agosto en Hig\u00fcey ante mil personas.<br \/>&#13;<br \/>\n  \u00a0<br \/>&#13;<br \/>\n  Para Boruga, la presentaci\u00f3n  del Teo Cruz significa un reto pues supone el primer show en un estadio hecho  por el humorista en varios a\u00f1os.<br \/>&#13;<br \/>\n  \u00a0<br \/>&#13;<br \/>\n  El apoyo recibido por el  p\u00fablico en los dem\u00e1s aforo donde Felipe se ha presentado certifica este  espect\u00e1culo como el de mayor \u00e9xito del 2008 y le da la confianza de que el  p\u00fablico cristiano abarrotar\u00e1 el lugar.<br \/>&#13;<br \/>\n  \u00a0<br \/>&#13;<br \/>\n  Con esta aseveraci\u00f3n coincide  la primera figura de la televisi\u00f3n dominicana Freddy Beras Goico, quien lo  cataloga como el \u00abMejor Espect\u00e1culo para edificar a la Familiar\u00bb.<br \/>&#13;<br \/>\n  \u00a0<br \/>&#13;<br \/>\n\u00abPorque adem\u00e1s del  humor, la parte fuerte del espect\u00e1culo es el mensaje de Felipe y su esposa  respecto a la uni\u00f3n familiar que por medio de la palabra de Jes\u00fas  lograron\u00bb, explica Beras Goico.<br \/>&#13;<br \/>\n  \u00a0<br \/>&#13;<br \/>\n  El show cuenta con  testimonios en video del mismo Freddy as\u00ed como de Juan Lu\u00eds Guerra y Carlos  Alfredo Fatule, quienes hablan del cambio que experimentaron tras entregar sus  vidas a Dios.<br \/>&#13;<br \/>\n  \u00a0<br \/>&#13;<br \/>\n  Ficha:<br \/>&#13;<br \/>\n  \u00a0<br \/>&#13;<br \/>\n  Actividad: Espect\u00e1culo  Cristiano \u00abDios me ha hecho Re\u00edr\u00bb<br \/>&#13;<br \/>\n  Fecha: viernes 26 de  septiembre 08<br \/>&#13;<br \/>\n  Lugar: Coliseo de Boxeo  Carlos Teo Cruz<br \/>&#13;<br \/>\n  Hora: 8:00 PM<br \/>&#13;<br \/>\n  Cover: RD $150 General, RD  $300 Preferencia y RD $500 VIP<br \/>&#13;<br \/>\nTel\u00e9fono:  809-535-8410\/809-563-1402<\/span><\/p>\n<p>&#13;<\/p>\n<h6> 2008-09-25 20:05:35 <\/h6>\n<p><!--\n<link rel=\"stylesheet\" href=\"css\/bootstrap.min.css\">\n\n\n<ul class=\"pagination\">\n\t    \n\t\n\n<li >\n\t<a href='?page_no=20981'>Previous<\/a>\n\t<\/li>\n\n\n       \n    \n\n<li><a href='?page_no=1'>1<\/a><\/li>\n\n\n\n<li><a href='?page_no=2'>2<\/a><\/li>\n\n\n\n<li><a>...<\/a><\/li>\n\n\n\n<li><a href='?page_no=20980'>20980<\/a><\/li>\n\n\n\n<li><a href='?page_no=20981'>20981<\/a><\/li>\n\n\n\n<li class='active'><a>20982<\/a><\/li>\n\n\n\n<li><a href='?page_no=20983'>20983<\/a><\/li>\n\n\n\n<li><a href='?page_no=20984'>20984<\/a><\/li>\n\n\n\n<li><a>...<\/a><\/li>\n\n\n\n<li><a href='?page_no=22522'>22522<\/a><\/li>\n\n\n\n<li><a href='?page_no=22523'>22523<\/a><\/li>\n\n    \n\t\n\n<li >\n\t<a href='?page_no=20983'>Next<\/a>\n\t<\/li>\n\n\n    \n\n<li><a href='?page_no=22523'>Last &rsaquo;&rsaquo;<\/a><\/li>\n\n<\/ul>\n\n\n--><br \/>\n<\/body><\/p>\n","protected":false},"excerpt":{"rendered":"<p>Felipe Polanco \u00abBoruga\u00bb, ma\u00f1ana viernes en el coliseo Carlos Teo Cruz&#13; \u00a0&#13; Santo Domingo, Rep\u00fablica Dominicana.- Felipe Polanco Boruga, tiene todo listo para su show cristiano \u00abDios me ha hecho re\u00edr\u00bb a presentarse este viernes 26 de septiembre a partir de las 8:00 de la noche en el Coliseo de Boxeo Carlos Teo Cruz.&#13; \u00a0&#13; [&hellip;]<\/p>\n","protected":false},"author":3,"featured_media":0,"comment_status":"open","ping_status":"open","sticky":false,"template":"","format":"standard","meta":{"footnotes":""},"categories":[25],"tags":[],"class_list":["post-92360","post","type-post","status-publish","format-standard","hentry","category-gente"],"_links":{"self":[{"href":"https:\/\/diariodominicano.com\/index.php?rest_route=\/wp\/v2\/posts\/92360","targetHints":{"allow":["GET"]}}],"collection":[{"href":"https:\/\/diariodominicano.com\/index.php?rest_route=\/wp\/v2\/posts"}],"about":[{"href":"https:\/\/diariodominicano.com\/index.php?rest_route=\/wp\/v2\/types\/post"}],"author":[{"embeddable":true,"href":"https:\/\/diariodominicano.com\/index.php?rest_route=\/wp\/v2\/users\/3"}],"replies":[{"embeddable":true,"href":"https:\/\/diariodominicano.com\/index.php?rest_route=%2Fwp%2Fv2%2Fcomments&post=92360"}],"version-history":[{"count":0,"href":"https:\/\/diariodominicano.com\/index.php?rest_route=\/wp\/v2\/posts\/92360\/revisions"}],"wp:attachment":[{"href":"https:\/\/diariodominicano.com\/index.php?rest_route=%2Fwp%2Fv2%2Fmedia&parent=92360"}],"wp:term":[{"taxonomy":"category","embeddable":true,"href":"https:\/\/diariodominicano.com\/index.php?rest_route=%2Fwp%2Fv2%2Fcategories&post=92360"},{"taxonomy":"post_tag","embeddable":true,"href":"https:\/\/diariodominicano.com\/index.php?rest_route=%2Fwp%2Fv2%2Ftags&post=92360"}],"curies":[{"name":"wp","href":"https:\/\/api.w.org\/{rel}","templated":true}]}}