{"id":92356,"date":"2008-09-25T21:05:01","date_gmt":"2008-09-25T21:05:01","guid":{"rendered":"http:\/\/diariodominicano.ddns.net\/?p=92356"},"modified":"2008-09-25T21:05:01","modified_gmt":"2008-09-25T21:05:01","slug":"jencarlos-canela-virtuoso-del-arte-y-la-actuacion-en-focus","status":"publish","type":"post","link":"https:\/\/diariodominicano.com\/?p=92356","title":{"rendered":"Jencarlos Canela, virtuoso del arte y la actuaci\u00f3n en \u201cFOCUS\u201d"},"content":{"rendered":"<p><body><\/p>\n<p align=\"justify\"><span class=\"titulogrande1\"><strong>Jencarlos  Canela, virtuoso del arte y la actuaci\u00f3n en \u201cFOCUS\u201d<\/strong>\u00a0<\/span><br \/>&#13;<br \/>\n  <br \/>&#13;<br \/>\n    <span class=\"text1noticias\">SANTO DOMINGO.- Con tan solo 19 a\u00f1os,  Jencarlos Canela est\u00e1 cosechando \u00e9xitos a granel y antes de la salida al  mercado de su primer \u00e1lbum musical -de la mano del reconocido productor musical  Ruddy P\u00e9rez- ha realizado m\u00e1s de 80 conciertos internacionales; adem\u00e1s de estar  inmerso en la actuaci\u00f3n a trav\u00e9s de la telenovela \u201cPecados Ajenos\u201d.\u00a0<br \/>&#13;<br \/>\n    <br \/>&#13;<br \/>\n    Jencarlos convers\u00f3 con Carmen Elena Manrique  de la experiencia que ha sido trabajar junto a actores de la talla de Mauricio  Islas, quien ha sido de gran apoyo en su reci\u00e9n iniciada carrera actoral; as\u00ed  como Catherine Siachoque, Lorena Rojas, entre otros.\u00a0<br \/>&#13;<br \/>\n    <br \/>&#13;<br \/>\n    Canela es el int\u00e9rprete junto a la dominicana  Cristal Marie del tema promocional de \u201cPecado Ajenos\u201d, con quien dice fue un  gran placer haber grabado este corte.\u00a0<br \/>&#13;<br \/>\n    <br \/>&#13;<br \/>\n    Cont\u00f3 que por espacio de cinco anos vivi\u00f3 en  Rep\u00fablica Dominicana, cantando en los diferentes hoteles del pa\u00eds, desde donde  se fue a Miami en busca de sus sue\u00f1os.\u00a0<br \/>&#13;<br \/>\n    <br \/>&#13;<br \/>\n    Luego de que Vladimir Dotel confes\u00f3 la causa  de su separaci\u00f3n de Honey Estrella, la joven comunicadora cuenta su parte de la  historia en <strong>\u201cFOCUS\u201d.<\/strong>\u00a0<br \/>&#13;<br \/>\n    <br \/>&#13;<br \/>\n    Mientras que en otro segmento, Jos\u00e9 Llano,  gerente de marca de MERCASID, nos habla de <strong>\u201cCaminantes por la Vida\u201d<\/strong> a realizarse en el  mes de octubre; una campa\u00f1a que anima a las personas a donar sus pasos y  caminar por la vida de personas que sufren la enfermedad del c\u00e1ncer, pero que  no han perdido su apego a la vida. \u00a0<br \/>&#13;<br \/>\n    <br \/>&#13;<br \/>\n  No se pierda cada domingo desde las 7:30 de  la noche su programa <strong>\u201cFOCUS\u201d,<\/strong> por Antena Latina.\u00a0<br \/>&#13;<br \/>\n  <br \/>&#13;<br \/>\nPara sus comentarios y sugerencias puede  escribir a <a href=\"mailto:focus.cem@gmail.com\" target=\"_blank\" rel=\"noopener noreferrer\">focus.cem@gmail.com<\/a>\u00a0<\/span><\/p>\n<p>&#13;<\/p>\n<h6> 2008-09-25 21:05:01 <\/h6>\n<p><!--\n<link rel=\"stylesheet\" href=\"css\/bootstrap.min.css\">\n\n\n<ul class=\"pagination\">\n\t    \n\t\n\n<li >\n\t<a href='?page_no=20977'>Previous<\/a>\n\t<\/li>\n\n\n       \n    \n\n<li><a href='?page_no=1'>1<\/a><\/li>\n\n\n\n<li><a href='?page_no=2'>2<\/a><\/li>\n\n\n\n<li><a>...<\/a><\/li>\n\n\n\n<li><a href='?page_no=20976'>20976<\/a><\/li>\n\n\n\n<li><a href='?page_no=20977'>20977<\/a><\/li>\n\n\n\n<li class='active'><a>20978<\/a><\/li>\n\n\n\n<li><a href='?page_no=20979'>20979<\/a><\/li>\n\n\n\n<li><a href='?page_no=20980'>20980<\/a><\/li>\n\n\n\n<li><a>...<\/a><\/li>\n\n\n\n<li><a href='?page_no=22522'>22522<\/a><\/li>\n\n\n\n<li><a href='?page_no=22523'>22523<\/a><\/li>\n\n    \n\t\n\n<li >\n\t<a href='?page_no=20979'>Next<\/a>\n\t<\/li>\n\n\n    \n\n<li><a href='?page_no=22523'>Last &rsaquo;&rsaquo;<\/a><\/li>\n\n<\/ul>\n\n\n--><br \/>\n<\/body><\/p>\n","protected":false},"excerpt":{"rendered":"<p>Jencarlos Canela, virtuoso del arte y la actuaci\u00f3n en \u201cFOCUS\u201d\u00a0&#13; &#13; SANTO DOMINGO.- Con tan solo 19 a\u00f1os, Jencarlos Canela est\u00e1 cosechando \u00e9xitos a granel y antes de la salida al mercado de su primer \u00e1lbum musical -de la mano del reconocido productor musical Ruddy P\u00e9rez- ha realizado m\u00e1s de 80 conciertos internacionales; adem\u00e1s de [&hellip;]<\/p>\n","protected":false},"author":3,"featured_media":0,"comment_status":"open","ping_status":"open","sticky":false,"template":"","format":"standard","meta":{"footnotes":""},"categories":[25],"tags":[],"class_list":["post-92356","post","type-post","status-publish","format-standard","hentry","category-gente"],"_links":{"self":[{"href":"https:\/\/diariodominicano.com\/index.php?rest_route=\/wp\/v2\/posts\/92356","targetHints":{"allow":["GET"]}}],"collection":[{"href":"https:\/\/diariodominicano.com\/index.php?rest_route=\/wp\/v2\/posts"}],"about":[{"href":"https:\/\/diariodominicano.com\/index.php?rest_route=\/wp\/v2\/types\/post"}],"author":[{"embeddable":true,"href":"https:\/\/diariodominicano.com\/index.php?rest_route=\/wp\/v2\/users\/3"}],"replies":[{"embeddable":true,"href":"https:\/\/diariodominicano.com\/index.php?rest_route=%2Fwp%2Fv2%2Fcomments&post=92356"}],"version-history":[{"count":0,"href":"https:\/\/diariodominicano.com\/index.php?rest_route=\/wp\/v2\/posts\/92356\/revisions"}],"wp:attachment":[{"href":"https:\/\/diariodominicano.com\/index.php?rest_route=%2Fwp%2Fv2%2Fmedia&parent=92356"}],"wp:term":[{"taxonomy":"category","embeddable":true,"href":"https:\/\/diariodominicano.com\/index.php?rest_route=%2Fwp%2Fv2%2Fcategories&post=92356"},{"taxonomy":"post_tag","embeddable":true,"href":"https:\/\/diariodominicano.com\/index.php?rest_route=%2Fwp%2Fv2%2Ftags&post=92356"}],"curies":[{"name":"wp","href":"https:\/\/api.w.org\/{rel}","templated":true}]}}