{"id":92354,"date":"2008-09-25T21:11:16","date_gmt":"2008-09-25T21:11:16","guid":{"rendered":"http:\/\/diariodominicano.ddns.net\/?p=92354"},"modified":"2008-09-25T21:11:16","modified_gmt":"2008-09-25T21:11:16","slug":"krisspy-y-fausto-rey-en-cierre-de-patronales-constanza-2008","status":"publish","type":"post","link":"https:\/\/diariodominicano.com\/?p=92354","title":{"rendered":"Krisspy y Fausto Rey en cierre de  \u201cPatronales Constanza 2008\u201d"},"content":{"rendered":"<p><body><\/p>\n<p class=\"titulogrande1\"><strong>Krisspy  y Fausto Rey en cierre de \u00a0\u201cPatronales  Constanza 2008\u201d<\/strong> <\/p>\n<p>&#13;<\/p>\n<p align=\"justify\" class=\"text1noticias\"><img loading=\"lazy\" decoding=\"async\" src=\"http:\/\/localhost:8080\/gente\/img\/crispi faus.jpg\" width=\"375\" height=\"817\" hspace=\"4\" align=\"left\" \/>El merenguero t\u00edpico Krisspy y el  popular bolerista Fausto Rey, ser\u00e1n los encargados de aportar la m\u00fasica al  cierre de las \u201cFiestas Patronales Constanza 2008\u201d, gracias al auspicio  del senador por la provincia de La   Vega, Euclides S\u00e1nchez y el Plan Social de la Presidencia.<br \/>&#13;<br \/>\n  <br \/>&#13;<br \/>\n  Y la cita es el pr\u00f3ximo domingo 28 de  este mes, en el parque central de Constanza, ciudad conocida como el valle de  la primavera y que vive apegada a sus tradiciones\u00a0 religiosas y folkl\u00f3ricas. <br \/>&#13;<br \/>\n  <br \/>&#13;<br \/>\n  Tanto Krisspy como Fausto Rey preparan  un concierto con lo mejor del repertorio \u00a0en sus respectivos g\u00e9neros, por lo que  garantizan una presentaci\u00f3n con alta dosis de espectacularidad.<br \/>&#13;<br \/>\n  <br \/>&#13;<br \/>\n  \u201cSer\u00e1 m\u00fasica para bailar y escuchar completamente  gratis para una comunidad laboriosa como lo es Constanza que tanto se lo  merece\u201d, expres\u00f3 uno de los organizadores del evento musical que culminar\u00e1 con  un espect\u00e1culo de fuegos artificiales. <br \/>&#13;<br \/>\n  <br \/>&#13;<br \/>\n  El Valle de <a href=\"http:\/\/www.constanzanews.com\" title=\"Constanza Republica Dominicana\">Constanza<\/a> ha venido celebrando con diversas  actividades sus <strong>fiestas patronales<\/strong>,  o como se ha denominado en esta ocasi\u00f3n \u201c<a href=\"http:\/\/www.constanzanews.com\/constanza\/festival-de-las-alturas-del-25-al-30-de-septiembre.html\" title=\"Fiestas Patronales Constanza 2008\">Festival de  Las Alturas 2008<\/a>\u201d y en esta manifestaci\u00f3n Euclides S\u00e1nchez, un  legislador sensible a las tradiciones de la provincia, como un deber suyo junto  al Plan social de la   Presidencia ha querido hacer su aporte.<\/p>\n<p>&#13;<\/p>\n<h6> 2008-09-25 21:11:16 <\/h6>\n<p><!--\n<link rel=\"stylesheet\" href=\"css\/bootstrap.min.css\">\n\n\n<ul class=\"pagination\">\n\t    \n\t\n\n<li >\n\t<a href='?page_no=20975'>Previous<\/a>\n\t<\/li>\n\n\n       \n    \n\n<li><a href='?page_no=1'>1<\/a><\/li>\n\n\n\n<li><a href='?page_no=2'>2<\/a><\/li>\n\n\n\n<li><a>...<\/a><\/li>\n\n\n\n<li><a href='?page_no=20974'>20974<\/a><\/li>\n\n\n\n<li><a href='?page_no=20975'>20975<\/a><\/li>\n\n\n\n<li class='active'><a>20976<\/a><\/li>\n\n\n\n<li><a href='?page_no=20977'>20977<\/a><\/li>\n\n\n\n<li><a href='?page_no=20978'>20978<\/a><\/li>\n\n\n\n<li><a>...<\/a><\/li>\n\n\n\n<li><a href='?page_no=22522'>22522<\/a><\/li>\n\n\n\n<li><a href='?page_no=22523'>22523<\/a><\/li>\n\n    \n\t\n\n<li >\n\t<a href='?page_no=20977'>Next<\/a>\n\t<\/li>\n\n\n    \n\n<li><a href='?page_no=22523'>Last &rsaquo;&rsaquo;<\/a><\/li>\n\n<\/ul>\n\n\n--><br \/>\n<\/body><\/p>\n","protected":false},"excerpt":{"rendered":"<p>Krisspy y Fausto Rey en cierre de \u00a0\u201cPatronales Constanza 2008\u201d &#13; El merenguero t\u00edpico Krisspy y el popular bolerista Fausto Rey, ser\u00e1n los encargados de aportar la m\u00fasica al cierre de las \u201cFiestas Patronales Constanza 2008\u201d, gracias al auspicio del senador por la provincia de La Vega, Euclides S\u00e1nchez y el Plan Social de la [&hellip;]<\/p>\n","protected":false},"author":3,"featured_media":0,"comment_status":"open","ping_status":"open","sticky":false,"template":"","format":"standard","meta":{"footnotes":""},"categories":[25],"tags":[],"class_list":["post-92354","post","type-post","status-publish","format-standard","hentry","category-gente"],"_links":{"self":[{"href":"https:\/\/diariodominicano.com\/index.php?rest_route=\/wp\/v2\/posts\/92354","targetHints":{"allow":["GET"]}}],"collection":[{"href":"https:\/\/diariodominicano.com\/index.php?rest_route=\/wp\/v2\/posts"}],"about":[{"href":"https:\/\/diariodominicano.com\/index.php?rest_route=\/wp\/v2\/types\/post"}],"author":[{"embeddable":true,"href":"https:\/\/diariodominicano.com\/index.php?rest_route=\/wp\/v2\/users\/3"}],"replies":[{"embeddable":true,"href":"https:\/\/diariodominicano.com\/index.php?rest_route=%2Fwp%2Fv2%2Fcomments&post=92354"}],"version-history":[{"count":0,"href":"https:\/\/diariodominicano.com\/index.php?rest_route=\/wp\/v2\/posts\/92354\/revisions"}],"wp:attachment":[{"href":"https:\/\/diariodominicano.com\/index.php?rest_route=%2Fwp%2Fv2%2Fmedia&parent=92354"}],"wp:term":[{"taxonomy":"category","embeddable":true,"href":"https:\/\/diariodominicano.com\/index.php?rest_route=%2Fwp%2Fv2%2Fcategories&post=92354"},{"taxonomy":"post_tag","embeddable":true,"href":"https:\/\/diariodominicano.com\/index.php?rest_route=%2Fwp%2Fv2%2Ftags&post=92354"}],"curies":[{"name":"wp","href":"https:\/\/api.w.org\/{rel}","templated":true}]}}