{"id":92353,"date":"2008-09-25T21:13:15","date_gmt":"2008-09-25T21:13:15","guid":{"rendered":"http:\/\/diariodominicano.ddns.net\/?p=92353"},"modified":"2008-09-25T21:13:15","modified_gmt":"2008-09-25T21:13:15","slug":"reik-estrena-su-nuevo-disco-un-dia-mas","status":"publish","type":"post","link":"https:\/\/diariodominicano.com\/?p=92353","title":{"rendered":"Reik estrena su nuevo disco \u00abUn D\u00eda M\u00e1s\u00bb"},"content":{"rendered":"<p><body><\/p>\n<p class=\"titulogrande1\">Reik  estrena su nuevo disco \u00abUn D\u00eda M\u00e1s\u00bb<\/p>\n<p>&#13;<\/p>\n<p align=\"justify\" class=\"text1noticias\"><img loading=\"lazy\" decoding=\"async\" src=\"http:\/\/localhost:8080\/gente\/img\/reik cd.jpg\" width=\"375\" height=\"396\" hspace=\"4\" align=\"left\" \/>Miami,  FL, 25 de septiembre del 2008.- <strong>Reik<\/strong> consolida su talento con una nueva  producci\u00f3n, mostrando que este tiempo les ha permitido madurar a\u00fan m\u00e1s  musicalmente. Esto lo demuestran en los nueve temas que son de su  composici\u00f3n\u00a0 y en su incursi\u00f3n en el proceso de producci\u00f3n<br \/>&#13;<br \/>\n  <br \/>&#13;<br \/>\n  \u201cUn D\u00eda M\u00e1s\u201d es el  t\u00edtulo del nuevo trabajo producido por el prestigioso y multipremiado <strong>Gerardo \u201cCachorro\u201d L\u00f3pez<\/strong>. La grabaci\u00f3n  se realiz\u00f3 en la ciudad de Buenos Aires durante los meses de mayo y junio de  este a\u00f1o.<br \/>&#13;<br \/>\n  <br \/>&#13;<br \/>\n  El primer sencillo  es \u201cInolvidable\u201d, compuesto por \u201cCachorro\u201d L\u00f3pez y <strong>Coco Stambuk<\/strong>. Desde su lanzamiento radial, la canci\u00f3n no ha  demorado en instalarse entre los primeros 10 lugares dentro del g\u00e9nero pop.<br \/>&#13;<br \/>\n  <br \/>&#13;<br \/>\n  California  ha visitado las ciudades de San Antonio, Houston, Dallas, Austin, Chicago, San  Diego y Los \u00c1ngeles, promocionando este lanzamiento. Y en los pr\u00f3ximos d\u00edas  llegar\u00e1n a Miami y Puerto Rico donde continuar\u00e1n su gira de promoci\u00f3n.<br \/>&#13;<br \/>\n  <br \/>&#13;<br \/>\n  Adem\u00e1s,  en sus planes inmediatos figura una gira de conciertos que comenzar\u00eda a finales  de este a\u00f1o.<br \/>&#13;<br \/>\n  <br \/>&#13;<br \/>\n  Imbatibles  en las listas de \u00e9xitos y cada d\u00eda m\u00e1s internacionales, estos j\u00f3venes m\u00fasicos  est\u00e1n dejando su huella en el pop latino.<br \/>&#13;<br \/>\n  <br \/>&#13;<br \/>\n  \u201cUn  d\u00eda m\u00e1s\u201d estar\u00e1 a la venta el pr\u00f3ximo 30 de Septiembre y es otro lanzamiento de  Sony BMG Latin.<\/p>\n<p>&#13;<\/p>\n<h6> 2008-09-25 21:13:15 <\/h6>\n<p><!--\n<link rel=\"stylesheet\" href=\"css\/bootstrap.min.css\">\n\n\n<ul class=\"pagination\">\n\t    \n\t\n\n<li >\n\t<a href='?page_no=20974'>Previous<\/a>\n\t<\/li>\n\n\n       \n    \n\n<li><a href='?page_no=1'>1<\/a><\/li>\n\n\n\n<li><a href='?page_no=2'>2<\/a><\/li>\n\n\n\n<li><a>...<\/a><\/li>\n\n\n\n<li><a href='?page_no=20973'>20973<\/a><\/li>\n\n\n\n<li><a href='?page_no=20974'>20974<\/a><\/li>\n\n\n\n<li class='active'><a>20975<\/a><\/li>\n\n\n\n<li><a href='?page_no=20976'>20976<\/a><\/li>\n\n\n\n<li><a href='?page_no=20977'>20977<\/a><\/li>\n\n\n\n<li><a>...<\/a><\/li>\n\n\n\n<li><a href='?page_no=22522'>22522<\/a><\/li>\n\n\n\n<li><a href='?page_no=22523'>22523<\/a><\/li>\n\n    \n\t\n\n<li >\n\t<a href='?page_no=20976'>Next<\/a>\n\t<\/li>\n\n\n    \n\n<li><a href='?page_no=22523'>Last &rsaquo;&rsaquo;<\/a><\/li>\n\n<\/ul>\n\n\n--><br \/>\n<\/body><\/p>\n","protected":false},"excerpt":{"rendered":"<p>Reik estrena su nuevo disco \u00abUn D\u00eda M\u00e1s\u00bb &#13; Miami, FL, 25 de septiembre del 2008.- Reik consolida su talento con una nueva producci\u00f3n, mostrando que este tiempo les ha permitido madurar a\u00fan m\u00e1s musicalmente. Esto lo demuestran en los nueve temas que son de su composici\u00f3n\u00a0 y en su incursi\u00f3n en el proceso de [&hellip;]<\/p>\n","protected":false},"author":3,"featured_media":0,"comment_status":"open","ping_status":"open","sticky":false,"template":"","format":"standard","meta":{"footnotes":""},"categories":[25],"tags":[],"class_list":["post-92353","post","type-post","status-publish","format-standard","hentry","category-gente"],"_links":{"self":[{"href":"https:\/\/diariodominicano.com\/index.php?rest_route=\/wp\/v2\/posts\/92353","targetHints":{"allow":["GET"]}}],"collection":[{"href":"https:\/\/diariodominicano.com\/index.php?rest_route=\/wp\/v2\/posts"}],"about":[{"href":"https:\/\/diariodominicano.com\/index.php?rest_route=\/wp\/v2\/types\/post"}],"author":[{"embeddable":true,"href":"https:\/\/diariodominicano.com\/index.php?rest_route=\/wp\/v2\/users\/3"}],"replies":[{"embeddable":true,"href":"https:\/\/diariodominicano.com\/index.php?rest_route=%2Fwp%2Fv2%2Fcomments&post=92353"}],"version-history":[{"count":0,"href":"https:\/\/diariodominicano.com\/index.php?rest_route=\/wp\/v2\/posts\/92353\/revisions"}],"wp:attachment":[{"href":"https:\/\/diariodominicano.com\/index.php?rest_route=%2Fwp%2Fv2%2Fmedia&parent=92353"}],"wp:term":[{"taxonomy":"category","embeddable":true,"href":"https:\/\/diariodominicano.com\/index.php?rest_route=%2Fwp%2Fv2%2Fcategories&post=92353"},{"taxonomy":"post_tag","embeddable":true,"href":"https:\/\/diariodominicano.com\/index.php?rest_route=%2Fwp%2Fv2%2Ftags&post=92353"}],"curies":[{"name":"wp","href":"https:\/\/api.w.org\/{rel}","templated":true}]}}