{"id":92351,"date":"2008-09-25T21:17:50","date_gmt":"2008-09-25T21:17:50","guid":{"rendered":"http:\/\/diariodominicano.ddns.net\/?p=92351"},"modified":"2008-09-25T21:17:50","modified_gmt":"2008-09-25T21:17:50","slug":"jorge-celedon-y-jimmy-zambrano-llegan-a-miami-con-vallenato-sinfonico","status":"publish","type":"post","link":"https:\/\/diariodominicano.com\/?p=92351","title":{"rendered":"Jorge Celed\u00f3n y Jimmy Zambrano llegan a Miami con \u201cVallenato Sinf\u00f3nico\u201d"},"content":{"rendered":"<p><body><\/p>\n<p class=\"titulogrande1\">Jorge Celed\u00f3n y Jimmy Zambrano llegan a Miami  con \u201cVallenato Sinf\u00f3nico\u201d<\/p>\n<p>&#13;<\/p>\n<p align=\"justify\" class=\"text1noticias\"><img loading=\"lazy\" decoding=\"async\" src=\"http:\/\/localhost:8080\/gente\/img\/joge celedo.jpg\" width=\"375\" height=\"258\" hspace=\"4\" align=\"left\" \/>Miami, FL, 25 de septiembre del 2008.- El  nuevo fen\u00f3meno del vallenato en el mundo es protagonizado por la voz de <strong>Jorge Celed\u00f3n<\/strong> y las maravillosas  melod\u00edas que emanan del acorde\u00f3n de <strong>Jimmy  Zambrano<\/strong>, se presentar\u00e1n el pr\u00f3ximo 3 de octubre en el majestuoso Adrienne  Arsht Center for the Performing Arts, en el downtown de la ciudad de Miami,  junto a la Orquesta Cl\u00e1sica de la Florida para un \u00fanico concierto titulado  \u201cVallenato Sinf\u00f3nico\u201d.<\/p>\n<p>&#13;<\/p>\n<p align=\"justify\" class=\"text1noticias\">Tambi\u00e9n, estos aclamados artistas colombianos han sido nominados a  los premios Latin GRAMMY\u00ae en la categor\u00eda \u201cMejor Canci\u00f3n Tropical del A\u00f1o\u201d por  el tema \u201cMe Vio Llorar\u201d, a d\u00fao con el cantante dominicano <strong>H\u00e9ctor Acosta, \u201cEl Torito\u201d<\/strong>.<\/p>\n<p>&#13;<\/p>\n<p align=\"justify\" class=\"text1noticias\">Esta es la tercera nominaci\u00f3n a un premio  Latin GRAMMY\u00ae de estos talentosos artistas de origen colombiano, quienes ya  recibieron su primera y \u00fanica estatuilla el a\u00f1o pasado, como \u201cMejor Producci\u00f3n  Vallenato \/ Cumbia\u201d por el \u00e1lbum \u201cSon para el Mundo\u201d.<\/p>\n<p>&#13;<\/p>\n<p align=\"justify\" class=\"text1noticias\">\u201cVallenato Sinf\u00f3nico\u201d es un concepto de  concierto \u00fanico en el g\u00e9nero y colocan a Jorge Celed\u00f3n y Jimmy Zambrano en un  sitial especial en la historia de la m\u00fasica vallenata y el pr\u00f3ximo viernes 3 de  Octubre, Miami tendr\u00e1 la oportunidad de disfrutar de este gran espect\u00e1culo.<\/p>\n<p>&#13;<\/p>\n<p align=\"justify\" class=\"text1noticias\">El concierto es una producci\u00f3n de Day1  Entertainment y Adrienne Arsht Center for the Performing Arts.<\/p>\n<p>&#13;<\/p>\n<h6> 2008-09-25 21:17:50 <\/h6>\n<p><!--\n<link rel=\"stylesheet\" href=\"css\/bootstrap.min.css\">\n\n\n<ul class=\"pagination\">\n\t    \n\t\n\n<li >\n\t<a href='?page_no=20972'>Previous<\/a>\n\t<\/li>\n\n\n       \n    \n\n<li><a href='?page_no=1'>1<\/a><\/li>\n\n\n\n<li><a href='?page_no=2'>2<\/a><\/li>\n\n\n\n<li><a>...<\/a><\/li>\n\n\n\n<li><a href='?page_no=20971'>20971<\/a><\/li>\n\n\n\n<li><a href='?page_no=20972'>20972<\/a><\/li>\n\n\n\n<li class='active'><a>20973<\/a><\/li>\n\n\n\n<li><a href='?page_no=20974'>20974<\/a><\/li>\n\n\n\n<li><a href='?page_no=20975'>20975<\/a><\/li>\n\n\n\n<li><a>...<\/a><\/li>\n\n\n\n<li><a href='?page_no=22522'>22522<\/a><\/li>\n\n\n\n<li><a href='?page_no=22523'>22523<\/a><\/li>\n\n    \n\t\n\n<li >\n\t<a href='?page_no=20974'>Next<\/a>\n\t<\/li>\n\n\n    \n\n<li><a href='?page_no=22523'>Last &rsaquo;&rsaquo;<\/a><\/li>\n\n<\/ul>\n\n\n--><br \/>\n<\/body><\/p>\n","protected":false},"excerpt":{"rendered":"<p>Jorge Celed\u00f3n y Jimmy Zambrano llegan a Miami con \u201cVallenato Sinf\u00f3nico\u201d &#13; Miami, FL, 25 de septiembre del 2008.- El nuevo fen\u00f3meno del vallenato en el mundo es protagonizado por la voz de Jorge Celed\u00f3n y las maravillosas melod\u00edas que emanan del acorde\u00f3n de Jimmy Zambrano, se presentar\u00e1n el pr\u00f3ximo 3 de octubre en el [&hellip;]<\/p>\n","protected":false},"author":3,"featured_media":0,"comment_status":"open","ping_status":"open","sticky":false,"template":"","format":"standard","meta":{"footnotes":""},"categories":[25],"tags":[],"class_list":["post-92351","post","type-post","status-publish","format-standard","hentry","category-gente"],"_links":{"self":[{"href":"https:\/\/diariodominicano.com\/index.php?rest_route=\/wp\/v2\/posts\/92351","targetHints":{"allow":["GET"]}}],"collection":[{"href":"https:\/\/diariodominicano.com\/index.php?rest_route=\/wp\/v2\/posts"}],"about":[{"href":"https:\/\/diariodominicano.com\/index.php?rest_route=\/wp\/v2\/types\/post"}],"author":[{"embeddable":true,"href":"https:\/\/diariodominicano.com\/index.php?rest_route=\/wp\/v2\/users\/3"}],"replies":[{"embeddable":true,"href":"https:\/\/diariodominicano.com\/index.php?rest_route=%2Fwp%2Fv2%2Fcomments&post=92351"}],"version-history":[{"count":0,"href":"https:\/\/diariodominicano.com\/index.php?rest_route=\/wp\/v2\/posts\/92351\/revisions"}],"wp:attachment":[{"href":"https:\/\/diariodominicano.com\/index.php?rest_route=%2Fwp%2Fv2%2Fmedia&parent=92351"}],"wp:term":[{"taxonomy":"category","embeddable":true,"href":"https:\/\/diariodominicano.com\/index.php?rest_route=%2Fwp%2Fv2%2Fcategories&post=92351"},{"taxonomy":"post_tag","embeddable":true,"href":"https:\/\/diariodominicano.com\/index.php?rest_route=%2Fwp%2Fv2%2Ftags&post=92351"}],"curies":[{"name":"wp","href":"https:\/\/api.w.org\/{rel}","templated":true}]}}