{"id":92350,"date":"2008-09-26T14:56:33","date_gmt":"2008-09-26T14:56:33","guid":{"rendered":"http:\/\/diariodominicano.ddns.net\/?p=92350"},"modified":"2008-09-26T14:56:33","modified_gmt":"2008-09-26T14:56:33","slug":"concierto-retro-de-enmanuel-llega-este-sabado-a-noche-de-luz","status":"publish","type":"post","link":"https:\/\/diariodominicano.com\/?p=92350","title":{"rendered":"Concierto \u201cRetro\u201d de Enmanuel llega este s\u00e1bado a \u201cNoche de Luz\u201d"},"content":{"rendered":"<p><body><\/p>\n<p align=\"justify\"><strong class=\"titulogrande1\">Concierto \u201cRetro\u201d de Enmanuel llega este s\u00e1bado a  \u201cNoche de Luz\u201d<\/strong><br \/>&#13;<br \/>\n  <br \/>&#13;<br \/>\n    <span class=\"text1noticias\"><img loading=\"lazy\" decoding=\"async\" src=\"http:\/\/localhost:8080\/gente\/img\/noche luz.jpg\" width=\"375\" height=\"782\" hspace=\"4\" align=\"left\" \/>Con una larga y ascendente carrera musical de tres d\u00e9cadas  en los escenario, Enmanuel encandil\u00f3 a la fanaticada dominicana que recibi\u00f3 con  gran encanto y sorpresa a un artista en excelentes condiciones f\u00edsicas y  vocales, quien como el buen vino se perfila y perfecciona con el paso del  tiempo.<br \/>&#13;<br \/>\n    <br \/>&#13;<br \/>\n    Enmanuel concedi\u00f3 una entrevista en exclusiva a Luz Garc\u00eda para  los seguidores de \u201cNoche de Luz\u201d, quienes adem\u00e1s disfrutar\u00e1n del concierto  \u201cRetro\u201d desde la tranquilidad del hogar.<br \/>&#13;<br \/>\n    <br \/>&#13;<br \/>\n    Casi ocho a\u00f1os de ausencia de este astro mexicano no  mermaron el inter\u00e9s de un p\u00fablico que asisti\u00f3 de manera masiva al Teatro La  Fiesta de hotel Jaragua, donde hizo un repaso por los \u00e9xitos acumulados y coreados  en su trayectoria en la m\u00fasica.<br \/>&#13;<br \/>\n    <br \/>&#13;<br \/>\n    Dentro de sus m\u00e1s conocidos temas se encuentran \u201cTodo se  derrumb\u00f3\u201d, \u201cLa chica de humo\u201d, \u201cSentirme vivo\u201d, \u201cLa \u00faltima luna\u201d, \u201cT\u00fa y yo\u201d,  \u201cBella se\u00f1ora\u201d, \u201cCoraz\u00f3n de melao\u2019\u201d, \u201cToda la vida\u201d, entre otros.<br \/>&#13;<br \/>\n    <br \/>&#13;<br \/>\nEn otro segmento, el comunicador Jochy Santos nos  habla de su grata experiencia en los medios de comunicaci\u00f3n y dice sentirse un  catalizador de \u00e9xitos ya que siente orgullo de haber podido dar la oportunidad  a j\u00f3venes talentos que hoy se desarrollan de forma \u00f3ptima tanto en radio como  en televisi\u00f3n.<\/span><\/p>\n<p>&#13;<\/p>\n<p align=\"justify\" class=\"text1noticias\">Conozca los testimonios de Honey Estrella, Ra\u00fal  Grisanty jr., Mariela Guerrero, Nashla Bogaert, entre otros. Ellos expresan sus  opiniones sobre Jochy Santos.<\/p>\n<p>&#13;<\/p>\n<p align=\"justify\" class=\"text1noticias\">Adem\u00e1s, toma l\u00e1piz y papel para que anotes las  pistas que estar\u00e1n saliendo cada semana durante el programa \u201cNoche de Luz\u201d y  puedas ser el gran ganador de un carro K\u00eda Picanto cero kil\u00f3metros y otros  premios.<\/p>\n<p>&#13;<\/p>\n<p align=\"justify\" class=\"text1noticias\">\u201cNoche de Luz\u201d le pone ruedas a tu suerte con  esta promoci\u00f3n ya que luego de tener tus pistas, cada martes aparecer\u00e1n un cup\u00f3n  en el peri\u00f3dico List\u00edn Diario y en la p\u00e1gina web <a href=\"http:\/\/www.nochedeluz.net\/\">www.nochedeluz.net<\/a>; llena correctamente  las cinco preguntas\u00a0 sobre el programa  anterior y depos\u00edtalos en las urnas ubicadas en tiendas La Sirena en todo el  pa\u00eds.<\/p>\n<p>&#13;<\/p>\n<p align=\"justify\" class=\"text1noticias\">Adem\u00e1s, de que cada mes puedes ganar fabulosos  premios y asegurar tu pase a la gran final por el K\u00eda Picanto.<\/p>\n<p>&#13;<\/p>\n<p align=\"justify\" class=\"text1noticias\">El programa de las exclusivas se transmite cada  s\u00e1bado de 9:00 a 10:30 de la noche por Antena Latina.<\/p>\n<p>&#13;<\/p>\n<h6> 2008-09-26 14:56:33 <\/h6>\n<p><!--\n<link rel=\"stylesheet\" href=\"css\/bootstrap.min.css\">\n\n\n<ul class=\"pagination\">\n\t    \n\t\n\n<li >\n\t<a href='?page_no=20971'>Previous<\/a>\n\t<\/li>\n\n\n       \n    \n\n<li><a href='?page_no=1'>1<\/a><\/li>\n\n\n\n<li><a href='?page_no=2'>2<\/a><\/li>\n\n\n\n<li><a>...<\/a><\/li>\n\n\n\n<li><a href='?page_no=20970'>20970<\/a><\/li>\n\n\n\n<li><a href='?page_no=20971'>20971<\/a><\/li>\n\n\n\n<li class='active'><a>20972<\/a><\/li>\n\n\n\n<li><a href='?page_no=20973'>20973<\/a><\/li>\n\n\n\n<li><a href='?page_no=20974'>20974<\/a><\/li>\n\n\n\n<li><a>...<\/a><\/li>\n\n\n\n<li><a href='?page_no=22522'>22522<\/a><\/li>\n\n\n\n<li><a href='?page_no=22523'>22523<\/a><\/li>\n\n    \n\t\n\n<li >\n\t<a href='?page_no=20973'>Next<\/a>\n\t<\/li>\n\n\n    \n\n<li><a href='?page_no=22523'>Last &rsaquo;&rsaquo;<\/a><\/li>\n\n<\/ul>\n\n\n--><br \/>\n<\/body><\/p>\n","protected":false},"excerpt":{"rendered":"<p>Concierto \u201cRetro\u201d de Enmanuel llega este s\u00e1bado a \u201cNoche de Luz\u201d&#13; &#13; Con una larga y ascendente carrera musical de tres d\u00e9cadas en los escenario, Enmanuel encandil\u00f3 a la fanaticada dominicana que recibi\u00f3 con gran encanto y sorpresa a un artista en excelentes condiciones f\u00edsicas y vocales, quien como el buen vino se perfila y [&hellip;]<\/p>\n","protected":false},"author":3,"featured_media":0,"comment_status":"open","ping_status":"open","sticky":false,"template":"","format":"standard","meta":{"footnotes":""},"categories":[25],"tags":[],"class_list":["post-92350","post","type-post","status-publish","format-standard","hentry","category-gente"],"_links":{"self":[{"href":"https:\/\/diariodominicano.com\/index.php?rest_route=\/wp\/v2\/posts\/92350","targetHints":{"allow":["GET"]}}],"collection":[{"href":"https:\/\/diariodominicano.com\/index.php?rest_route=\/wp\/v2\/posts"}],"about":[{"href":"https:\/\/diariodominicano.com\/index.php?rest_route=\/wp\/v2\/types\/post"}],"author":[{"embeddable":true,"href":"https:\/\/diariodominicano.com\/index.php?rest_route=\/wp\/v2\/users\/3"}],"replies":[{"embeddable":true,"href":"https:\/\/diariodominicano.com\/index.php?rest_route=%2Fwp%2Fv2%2Fcomments&post=92350"}],"version-history":[{"count":0,"href":"https:\/\/diariodominicano.com\/index.php?rest_route=\/wp\/v2\/posts\/92350\/revisions"}],"wp:attachment":[{"href":"https:\/\/diariodominicano.com\/index.php?rest_route=%2Fwp%2Fv2%2Fmedia&parent=92350"}],"wp:term":[{"taxonomy":"category","embeddable":true,"href":"https:\/\/diariodominicano.com\/index.php?rest_route=%2Fwp%2Fv2%2Fcategories&post=92350"},{"taxonomy":"post_tag","embeddable":true,"href":"https:\/\/diariodominicano.com\/index.php?rest_route=%2Fwp%2Fv2%2Ftags&post=92350"}],"curies":[{"name":"wp","href":"https:\/\/api.w.org\/{rel}","templated":true}]}}