{"id":92349,"date":"2008-09-26T14:58:32","date_gmt":"2008-09-26T14:58:32","guid":{"rendered":"http:\/\/diariodominicano.ddns.net\/?p=92349"},"modified":"2008-09-26T14:58:32","modified_gmt":"2008-09-26T14:58:32","slug":"en-excelente-posicion-con-te-dire","status":"publish","type":"post","link":"https:\/\/diariodominicano.com\/?p=92349","title":{"rendered":"En excelente posici\u00f3n con \u201cTe Dir\u00e9\u201d"},"content":{"rendered":"<p><body><\/p>\n<p><strong>Raymond<br \/>&#13;<br \/>\n  <\/strong><br \/>&#13;<br \/>\n  <strong class=\"titulogrande1\">En excelente posici\u00f3n con \u201cTe Dir\u00e9\u201d<\/strong><\/p>\n<p>&#13;<\/p>\n<p align=\"justify\" class=\"text1noticias\"><strong>\u201cLa ley de la vida\u201d, merece estar  nominada como \u201cBachata del A\u00f1o\u201d <\/strong><\/p>\n<p>&#13;<\/p>\n<p align=\"justify\" class=\"text1noticias\"><strong><img loading=\"lazy\" decoding=\"async\" src=\"http:\/\/localhost:8080\/gente\/img\/raymon.jpg\" width=\"375\" height=\"250\" hspace=\"4\" align=\"left\" \/>SANTO DOMINGO, REP. DOM<\/strong>.- El interprete del genero amargue,  Raymond, quien se diera a conocer con su corte \u201cLa ley de la vida\u201d, bautizada  por el pueblo como \u201cLo que no sirve se bota\u201d, esta bien posicionado en el  espectro radial.<\/p>\n<p>&#13;<\/p>\n<p align=\"justify\" class=\"text1noticias\">La oficina que maneja la carrera  del artista, se\u00f1al\u00f3 que \u201cnos hemos sorprendido de la receptividad del tema\u201d, en  las semanas que tiene en el aire.<\/p>\n<p>&#13;<\/p>\n<p align=\"justify\" class=\"text1noticias\">Sergio Santiago, manager del  artista, apunt\u00f3 en tono enf\u00e1tico, que Raymond, est\u00e1 bien posicionado en el  p\u00fablico,\u00a0 y ha sonado con cortes como \u201cCon  tu regreso\u201d, \u201cMi vida cambi\u00f3\u201d, \u201cLa ley de la vida\u201d, y ahora con \u201cTe Dir\u00e9\u201d.<\/p>\n<p>&#13;<\/p>\n<p align=\"justify\" class=\"text1noticias\">\u201cTe Dir\u00e9\u201d,\u00a0 cont\u00f3 con arreglos del m\u00fasico dominicano,  Rafael N\u00fa\u00f1ez, quien adem\u00e1s, es director musical del colectivo. Los cortes  contenida en su producci\u00f3n, \u201cA tu gusto\u201d, compuesta por 12 cortes, esta desde  ya en las tiendas de Republica Dominicana.<\/p>\n<p>&#13;<\/p>\n<p align=\"justify\" class=\"text1noticias\">Seg\u00fan circula en los corrillos de  la far\u00e1ndula local, su corte \u201cLo que no sirve se bota\u201d, podr\u00eda estar contenida  en los venideros premios Casandra, en el rengl\u00f3n \u201cBachata del\u00a0 A\u00f1o\u201d, por la permanencia en el gusto popular  y su apoyo radial.<\/p>\n<p>&#13;<\/p>\n<p align=\"justify\" class=\"text1noticias\">Santiago, detall\u00f3 que para el mes de octubre, Raymond estar\u00e1  de visita, por Estados Unidos, en su primera gira, contratado por el  empresario\u00a0 art\u00edstico, Roberto Almonte.<\/p>\n<p>&#13;<\/p>\n<h6> 2008-09-26 14:58:32 <\/h6>\n<p><!--\n<link rel=\"stylesheet\" href=\"css\/bootstrap.min.css\">\n\n\n<ul class=\"pagination\">\n\t    \n\t\n\n<li >\n\t<a href='?page_no=20970'>Previous<\/a>\n\t<\/li>\n\n\n       \n    \n\n<li><a href='?page_no=1'>1<\/a><\/li>\n\n\n\n<li><a href='?page_no=2'>2<\/a><\/li>\n\n\n\n<li><a>...<\/a><\/li>\n\n\n\n<li><a href='?page_no=20969'>20969<\/a><\/li>\n\n\n\n<li><a href='?page_no=20970'>20970<\/a><\/li>\n\n\n\n<li class='active'><a>20971<\/a><\/li>\n\n\n\n<li><a href='?page_no=20972'>20972<\/a><\/li>\n\n\n\n<li><a href='?page_no=20973'>20973<\/a><\/li>\n\n\n\n<li><a>...<\/a><\/li>\n\n\n\n<li><a href='?page_no=22522'>22522<\/a><\/li>\n\n\n\n<li><a href='?page_no=22523'>22523<\/a><\/li>\n\n    \n\t\n\n<li >\n\t<a href='?page_no=20972'>Next<\/a>\n\t<\/li>\n\n\n    \n\n<li><a href='?page_no=22523'>Last &rsaquo;&rsaquo;<\/a><\/li>\n\n<\/ul>\n\n\n--><br \/>\n<\/body><\/p>\n","protected":false},"excerpt":{"rendered":"<p>Raymond&#13; &#13; En excelente posici\u00f3n con \u201cTe Dir\u00e9\u201d &#13; \u201cLa ley de la vida\u201d, merece estar nominada como \u201cBachata del A\u00f1o\u201d &#13; SANTO DOMINGO, REP. DOM.- El interprete del genero amargue, Raymond, quien se diera a conocer con su corte \u201cLa ley de la vida\u201d, bautizada por el pueblo como \u201cLo que no sirve se [&hellip;]<\/p>\n","protected":false},"author":3,"featured_media":0,"comment_status":"open","ping_status":"open","sticky":false,"template":"","format":"standard","meta":{"footnotes":""},"categories":[25],"tags":[],"class_list":["post-92349","post","type-post","status-publish","format-standard","hentry","category-gente"],"_links":{"self":[{"href":"https:\/\/diariodominicano.com\/index.php?rest_route=\/wp\/v2\/posts\/92349","targetHints":{"allow":["GET"]}}],"collection":[{"href":"https:\/\/diariodominicano.com\/index.php?rest_route=\/wp\/v2\/posts"}],"about":[{"href":"https:\/\/diariodominicano.com\/index.php?rest_route=\/wp\/v2\/types\/post"}],"author":[{"embeddable":true,"href":"https:\/\/diariodominicano.com\/index.php?rest_route=\/wp\/v2\/users\/3"}],"replies":[{"embeddable":true,"href":"https:\/\/diariodominicano.com\/index.php?rest_route=%2Fwp%2Fv2%2Fcomments&post=92349"}],"version-history":[{"count":0,"href":"https:\/\/diariodominicano.com\/index.php?rest_route=\/wp\/v2\/posts\/92349\/revisions"}],"wp:attachment":[{"href":"https:\/\/diariodominicano.com\/index.php?rest_route=%2Fwp%2Fv2%2Fmedia&parent=92349"}],"wp:term":[{"taxonomy":"category","embeddable":true,"href":"https:\/\/diariodominicano.com\/index.php?rest_route=%2Fwp%2Fv2%2Fcategories&post=92349"},{"taxonomy":"post_tag","embeddable":true,"href":"https:\/\/diariodominicano.com\/index.php?rest_route=%2Fwp%2Fv2%2Ftags&post=92349"}],"curies":[{"name":"wp","href":"https:\/\/api.w.org\/{rel}","templated":true}]}}