{"id":92348,"date":"2008-09-26T18:33:57","date_gmt":"2008-09-26T18:33:57","guid":{"rendered":"http:\/\/diariodominicano.ddns.net\/?p=92348"},"modified":"2008-09-26T18:33:57","modified_gmt":"2008-09-26T18:33:57","slug":"esta-semana-en-times-tv-4","status":"publish","type":"post","link":"https:\/\/diariodominicano.com\/?p=92348","title":{"rendered":"Esta semana en Times TV"},"content":{"rendered":"<p><body><\/p>\n<p class=\"titulogrande1\">Esta semana en Times TV <\/p>\n<p>&#13;<\/p>\n<p align=\"justify\" class=\"text1noticias\"><img loading=\"lazy\" decoding=\"async\" src=\"http:\/\/localhost:8080\/gente\/img\/time tv.jpg\" width=\"375\" height=\"281\" hspace=\"4\" align=\"left\" \/>Les tenemos todos los  detalles de Elite Model 2008. <br \/>&#13;<br \/>\n  <br \/>&#13;<br \/>\n  En gente selecta estuvimos en  el 12avo aniversario del hombre eventos.<br \/>&#13;<br \/>\n  <br \/>&#13;<br \/>\n  Adem\u00e1s hablamos de Caminantes  por la vida, una bonita causa que todos debemos apoyar. <\/p>\n<p>&#13;<\/p>\n<p align=\"justify\" class=\"text1noticias\">Y una que se une a esta lucha  contra el c\u00e1ncer es nuestra Miss Rep. Dom. Universo Marianne Cruz quien nos  dice 5 cosas que no sabemos de ella. <br \/>&#13;<br \/>\n  <br \/>&#13;<br \/>\n  La joven escrito Anya Damir\u00f3n  nos cuenta como paso a paso logro sus sue\u00f1os. <br \/>&#13;<br \/>\n  <br \/>&#13;<br \/>\n  Y como siempre los llevamos a  los lugares mas populares de nuestra hermosa ciudad.<\/p>\n<p>&#13;<\/p>\n<p align=\"justify\" class=\"text1noticias\">M\u00e1s diversi\u00f3n, m\u00e1s sociales,  esta semana en Times TV. Los s\u00e1bados a las 9:00 p.m., por Telecentro Canal 13,  y los domingos a la 1:30 p.m. por RNN Canal 27.<\/p>\n<p>&#13;<\/p>\n<h6> 2008-09-26 18:33:57 <\/h6>\n<p><!--\n<link rel=\"stylesheet\" href=\"css\/bootstrap.min.css\">\n\n\n<ul class=\"pagination\">\n\t    \n\t\n\n<li >\n\t<a href='?page_no=20969'>Previous<\/a>\n\t<\/li>\n\n\n       \n    \n\n<li><a href='?page_no=1'>1<\/a><\/li>\n\n\n\n<li><a href='?page_no=2'>2<\/a><\/li>\n\n\n\n<li><a>...<\/a><\/li>\n\n\n\n<li><a href='?page_no=20968'>20968<\/a><\/li>\n\n\n\n<li><a href='?page_no=20969'>20969<\/a><\/li>\n\n\n\n<li class='active'><a>20970<\/a><\/li>\n\n\n\n<li><a href='?page_no=20971'>20971<\/a><\/li>\n\n\n\n<li><a href='?page_no=20972'>20972<\/a><\/li>\n\n\n\n<li><a>...<\/a><\/li>\n\n\n\n<li><a href='?page_no=22522'>22522<\/a><\/li>\n\n\n\n<li><a href='?page_no=22523'>22523<\/a><\/li>\n\n    \n\t\n\n<li >\n\t<a href='?page_no=20971'>Next<\/a>\n\t<\/li>\n\n\n    \n\n<li><a href='?page_no=22523'>Last &rsaquo;&rsaquo;<\/a><\/li>\n\n<\/ul>\n\n\n--><br \/>\n<\/body><\/p>\n","protected":false},"excerpt":{"rendered":"<p>Esta semana en Times TV &#13; Les tenemos todos los detalles de Elite Model 2008. &#13; &#13; En gente selecta estuvimos en el 12avo aniversario del hombre eventos.&#13; &#13; Adem\u00e1s hablamos de Caminantes por la vida, una bonita causa que todos debemos apoyar. &#13; Y una que se une a esta lucha contra el c\u00e1ncer [&hellip;]<\/p>\n","protected":false},"author":3,"featured_media":0,"comment_status":"open","ping_status":"open","sticky":false,"template":"","format":"standard","meta":{"footnotes":""},"categories":[25],"tags":[],"class_list":["post-92348","post","type-post","status-publish","format-standard","hentry","category-gente"],"_links":{"self":[{"href":"https:\/\/diariodominicano.com\/index.php?rest_route=\/wp\/v2\/posts\/92348","targetHints":{"allow":["GET"]}}],"collection":[{"href":"https:\/\/diariodominicano.com\/index.php?rest_route=\/wp\/v2\/posts"}],"about":[{"href":"https:\/\/diariodominicano.com\/index.php?rest_route=\/wp\/v2\/types\/post"}],"author":[{"embeddable":true,"href":"https:\/\/diariodominicano.com\/index.php?rest_route=\/wp\/v2\/users\/3"}],"replies":[{"embeddable":true,"href":"https:\/\/diariodominicano.com\/index.php?rest_route=%2Fwp%2Fv2%2Fcomments&post=92348"}],"version-history":[{"count":0,"href":"https:\/\/diariodominicano.com\/index.php?rest_route=\/wp\/v2\/posts\/92348\/revisions"}],"wp:attachment":[{"href":"https:\/\/diariodominicano.com\/index.php?rest_route=%2Fwp%2Fv2%2Fmedia&parent=92348"}],"wp:term":[{"taxonomy":"category","embeddable":true,"href":"https:\/\/diariodominicano.com\/index.php?rest_route=%2Fwp%2Fv2%2Fcategories&post=92348"},{"taxonomy":"post_tag","embeddable":true,"href":"https:\/\/diariodominicano.com\/index.php?rest_route=%2Fwp%2Fv2%2Ftags&post=92348"}],"curies":[{"name":"wp","href":"https:\/\/api.w.org\/{rel}","templated":true}]}}